{"id":996,"date":"2016-02-13T11:59:14","date_gmt":"2016-02-13T07:59:14","guid":{"rendered":"http:\/\/belediyye.az\/resulzade\/?p=996"},"modified":"2016-02-15T15:39:17","modified_gmt":"2016-02-15T11:39:17","slug":"parlamentd%c9%99-bir-gun-layih%c9%99si-c%c9%99rciv%c9%99sind%c9%99-milli-m%c9%99clisd%c9%99-novb%c9%99ti-gorus-kecirilib","status":"publish","type":"post","link":"http:\/\/belediyye.az\/resulzade\/parlamentd%c9%99-bir-gun-layih%c9%99si-c%c9%99rciv%c9%99sind%c9%99-milli-m%c9%99clisd%c9%99-novb%c9%99ti-gorus-kecirilib\/","title":{"rendered":"\u201cParlamentd\u0259 bir g\u00fcn\u201d layih\u0259si \u00e7\u0259r\u00e7iv\u0259sind\u0259 Milli M\u0259clisd\u0259 g\u00f6r\u00fc\u015f ke\u00e7irilib"},"content":{"rendered":"<h1><\/h1>\n<div><a href=\"http:\/\/belediyye.az\/resulzade\/wp-content\/uploads\/2016\/02\/1455297431344544431_1000x669.jpg\"><img loading=\"lazy\" decoding=\"async\" class=\"size-full wp-image-998 aligncenter\" alt=\"1455297431344544431_1000x669\" src=\"http:\/\/belediyye.az\/resulzade\/wp-content\/uploads\/2016\/02\/1455297431344544431_1000x669.jpg\" width=\"640\" height=\"383\" srcset=\"http:\/\/belediyye.az\/resulzade\/wp-content\/uploads\/2016\/02\/1455297431344544431_1000x669.jpg 640w, http:\/\/belediyye.az\/resulzade\/wp-content\/uploads\/2016\/02\/1455297431344544431_1000x669-300x179.jpg 300w, http:\/\/belediyye.az\/resulzade\/wp-content\/uploads\/2016\/02\/1455297431344544431_1000x669-91x55.jpg 91w\" sizes=\"auto, (max-width: 640px) 100vw, 640px\" \/><\/a><\/div>\n<div>\n<div>\n<p style=\"text-align: justify;\">\u201cParlamentd\u0259 bir g\u00fcn\u201d layih\u0259si \u00e7\u0259r\u00e7iv\u0259sind\u0259 Milli M\u0259clisd\u0259 n\u00f6vb\u0259ti g\u00f6r\u00fc\u015f fevral\u0131n 12-d\u0259 Bin\u0259q\u0259di rayon b\u0259l\u0259diyy\u0259l\u0259rini t\u0259msil ed\u0259n n\u00fcmay\u0259nd\u0259l\u0259rl\u0259 ke\u00e7irilib.<\/p>\n<p style=\"text-align: justify;\">G\u00f6r\u00fc\u015fd\u0259 Milli M\u0259clis s\u0259drinin m\u00fcavini Bahar Muradova bu g\u00fcn parlamentd\u0259 b\u0259l\u0259diyy\u0259l\u0259rin illik f\u0259aliyy\u0259tin\u0259 dair hesabat\u0131n dinl\u0259nildiyini xat\u0131rlad\u0131b. Bu hesabat\u0131n h\u0259r il dinl\u0259nildiyini dey\u0259n Bahar Muradova bildirib ki, son 10 ild\u0259 Milli M\u0259clis ictimai m\u00fczakir\u0259l\u0259ri, dinl\u0259m\u0259l\u0259ri v\u0259t\u0259nda\u015flara a\u00e7\u0131q \u015f\u0259kild\u0259 h\u0259yata ke\u00e7irir.<\/p>\n<p style=\"text-align: justify;\">Milli M\u0259clis s\u0259drinin m\u00fcavini b\u0259l\u0259diyy\u0259l\u0259rin f\u0259aliyy\u0259tinin daha da t\u0259kmill\u0259\u015fdirilm\u0259si, m\u00f6vcud n\u00f6qsanlar\u0131n h\u0259lli istiqam\u0259tind\u0259 birg\u0259 i\u015fin vacibliyini qeyd edib. O, s\u0259m\u0259r\u0259li i\u015f \u00fc\u00e7\u00fcn b\u0259l\u0259diyy\u0259-v\u0259t\u0259nda\u015f m\u00fcnasib\u0259tl\u0259rinin inki\u015faf etdirilm\u0259sinin \u00f6n\u0259mli oldu\u011funu vur\u011fulay\u0131b.<\/p>\n<p style=\"text-align: justify;\">Bahar Muradova qeyd edib ki, b\u0259l\u0259diyy\u0259 institutunun yarad\u0131lmas\u0131 Az\u0259rbaycan\u0131n nailiyy\u0259tl\u0259rind\u0259n biridir. G\u00f6r\u00fcl\u0259c\u0259k i\u015fl\u0259rd\u0259n dan\u0131\u015fan Milli M\u0259clis s\u0259drinin m\u00fcavini qeyd edib ki, \u00e7oxt\u0259r\u0259fli layih\u0259l\u0259rl\u0259, aidiyy\u0259ti qurumlar\u0131n v\u0259 el\u0259c\u0259 d\u0259 b\u0259l\u0259diyy\u0259l\u0259rin \u00f6zl\u0259rinin s\u0259yl\u0259ri n\u0259tic\u0259sind\u0259 m\u00f6vcud probleml\u0259rin aradan qald\u0131r\u0131lmas\u0131na \u00e7al\u0131\u015faca\u011f\u0131q.<\/p>\n<p style=\"text-align: justify;\">Parlamentin regional m\u0259s\u0259l\u0259l\u0259r komit\u0259sinin s\u0259dri Arif R\u0259himzad\u0259 Bin\u0259q\u0259di rayonunda b\u0259l\u0259diyy\u0259l\u0259ri t\u0259msil ed\u0259nl\u0259rin 19-nun qad\u0131n olmas\u0131n\u0131 yax\u015f\u0131 hal kimi d\u0259y\u0259rl\u0259ndirib. Qeyd edib ki, bu, son ill\u0259r \u00f6lk\u0259nin ictimai-siyasi h\u0259yat\u0131nda qad\u0131nlar\u0131n f\u0259all\u0131\u011f\u0131n\u0131n artmas\u0131ndan x\u0259b\u0259r verir. Komit\u0259 s\u0259dri qeyri-obyektiv iradlar\u0131n azalmas\u0131 m\u0259qs\u0259dil\u0259 b\u0259l\u0259diyy\u0259l\u0259rin f\u0259aliyy\u0259tini d\u00fczg\u00fcn i\u015f\u0131qland\u0131rmaq \u00fc\u00e7\u00fcn televiziya kanallar\u0131nda x\u00fcsusi verili\u015fl\u0259r\u0259 ehtiyac oldu\u011funu diqq\u0259t\u0259 \u00e7atd\u0131r\u0131b.<\/p>\n<p style=\"text-align: justify;\">G\u00f6r\u00fc\u015f Bin\u0259q\u0259di rayonunda f\u0259aliyy\u0259t g\u00f6st\u0259r\u0259n b\u0259l\u0259diyy\u0259 \u00fczvl\u0259rinin v\u0259 s\u0259drl\u0259rinin fikir m\u00fcbadil\u0259si il\u0259 davam edib.<\/p>\n<p>&nbsp;<\/p>\n<p>Az\u0259rTAC<\/p>\n<p><a href=\"http:\/\/belediyye.az\/resulzade\/wp-content\/uploads\/2016\/02\/1455297431344544431_1000x669.jpg\"><img loading=\"lazy\" decoding=\"async\" class=\"alignright size-full wp-image-998\" alt=\"1455297431344544431_1000x669\" src=\"http:\/\/belediyye.az\/resulzade\/wp-content\/uploads\/2016\/02\/1455297431344544431_1000x669.jpg\" width=\"640\" height=\"383\" srcset=\"http:\/\/belediyye.az\/resulzade\/wp-content\/uploads\/2016\/02\/1455297431344544431_1000x669.jpg 640w, http:\/\/belediyye.az\/resulzade\/wp-content\/uploads\/2016\/02\/1455297431344544431_1000x669-300x179.jpg 300w, http:\/\/belediyye.az\/resulzade\/wp-content\/uploads\/2016\/02\/1455297431344544431_1000x669-91x55.jpg 91w\" sizes=\"auto, (max-width: 640px) 100vw, 640px\" \/><\/a> <a href=\"http:\/\/belediyye.az\/resulzade\/wp-content\/uploads\/2016\/02\/1455297431226257459_1000x669.jpg\"><img loading=\"lazy\" decoding=\"async\" class=\"alignright size-full wp-image-997\" alt=\"1455297431226257459_1000x669\" src=\"http:\/\/belediyye.az\/resulzade\/wp-content\/uploads\/2016\/02\/1455297431226257459_1000x669.jpg\" width=\"640\" height=\"351\" srcset=\"http:\/\/belediyye.az\/resulzade\/wp-content\/uploads\/2016\/02\/1455297431226257459_1000x669.jpg 640w, http:\/\/belediyye.az\/resulzade\/wp-content\/uploads\/2016\/02\/1455297431226257459_1000x669-300x164.jpg 300w, http:\/\/belediyye.az\/resulzade\/wp-content\/uploads\/2016\/02\/1455297431226257459_1000x669-100x55.jpg 100w\" sizes=\"auto, (max-width: 640px) 100vw, 640px\" \/><\/a> <a href=\"http:\/\/belediyye.az\/resulzade\/wp-content\/uploads\/2016\/02\/14552974316404126496_1000x669.jpg\"><img loading=\"lazy\" decoding=\"async\" class=\"alignright size-full wp-image-999\" alt=\"14552974316404126496_1000x669\" src=\"http:\/\/belediyye.az\/resulzade\/wp-content\/uploads\/2016\/02\/14552974316404126496_1000x669.jpg\" width=\"640\" height=\"385\" srcset=\"http:\/\/belediyye.az\/resulzade\/wp-content\/uploads\/2016\/02\/14552974316404126496_1000x669.jpg 640w, http:\/\/belediyye.az\/resulzade\/wp-content\/uploads\/2016\/02\/14552974316404126496_1000x669-300x180.jpg 300w, http:\/\/belediyye.az\/resulzade\/wp-content\/uploads\/2016\/02\/14552974316404126496_1000x669-91x55.jpg 91w\" sizes=\"auto, (max-width: 640px) 100vw, 640px\" \/><\/a><\/p>\n<p>&nbsp;<\/p>\n<p>&nbsp;<\/p>\n<\/div>\n<\/div>\n","protected":false},"excerpt":{"rendered":"<p>\u201cParlamentd\u0259 bir g\u00fcn\u201d layih\u0259si \u00e7\u0259r\u00e7iv\u0259sind\u0259 Milli M\u0259clisd\u0259 n\u00f6vb\u0259ti g\u00f6r\u00fc\u015f fevral\u0131n 12-d\u0259 Bin\u0259q\u0259di rayon b\u0259l\u0259diyy\u0259l\u0259rini t\u0259msil ed\u0259n n\u00fcmay\u0259nd\u0259l\u0259rl\u0259 ke\u00e7irilib. G\u00f6r\u00fc\u015fd\u0259 Milli M\u0259clis s\u0259drinin m\u00fcavini Bahar Muradova bu g\u00fcn parlamentd\u0259 b\u0259l\u0259diyy\u0259l\u0259rin illik f\u0259aliyy\u0259tin\u0259 dair hesabat\u0131n dinl\u0259nildiyini xat\u0131rlad\u0131b. Bu hesabat\u0131n h\u0259r il dinl\u0259nildiyini dey\u0259n Bahar Muradova bildirib ki, son 10 ild\u0259 Milli M\u0259clis ictimai m\u00fczakir\u0259l\u0259ri, dinl\u0259m\u0259l\u0259ri v\u0259t\u0259nda\u015flara a\u00e7\u0131q [&hellip;]<\/p>\n","protected":false},"author":1,"featured_media":0,"comment_status":"closed","ping_status":"closed","sticky":false,"template":"","format":"standard","meta":{"footnotes":""},"categories":[5,1,4],"tags":[],"class_list":["post-996","post","type-post","status-publish","format-standard","hentry","category-xeberler","category-fealiyyetlerimiz","category-gorulen-ishler"],"_links":{"self":[{"href":"http:\/\/belediyye.az\/resulzade\/wp-json\/wp\/v2\/posts\/996","targetHints":{"allow":["GET"]}}],"collection":[{"href":"http:\/\/belediyye.az\/resulzade\/wp-json\/wp\/v2\/posts"}],"about":[{"href":"http:\/\/belediyye.az\/resulzade\/wp-json\/wp\/v2\/types\/post"}],"author":[{"embeddable":true,"href":"http:\/\/belediyye.az\/resulzade\/wp-json\/wp\/v2\/users\/1"}],"replies":[{"embeddable":true,"href":"http:\/\/belediyye.az\/resulzade\/wp-json\/wp\/v2\/comments?post=996"}],"version-history":[{"count":3,"href":"http:\/\/belediyye.az\/resulzade\/wp-json\/wp\/v2\/posts\/996\/revisions"}],"predecessor-version":[{"id":1003,"href":"http:\/\/belediyye.az\/resulzade\/wp-json\/wp\/v2\/posts\/996\/revisions\/1003"}],"wp:attachment":[{"href":"http:\/\/belediyye.az\/resulzade\/wp-json\/wp\/v2\/media?parent=996"}],"wp:term":[{"taxonomy":"category","embeddable":true,"href":"http:\/\/belediyye.az\/resulzade\/wp-json\/wp\/v2\/categories?post=996"},{"taxonomy":"post_tag","embeddable":true,"href":"http:\/\/belediyye.az\/resulzade\/wp-json\/wp\/v2\/tags?post=996"}],"curies":[{"name":"wp","href":"https:\/\/api.w.org\/{rel}","templated":true}]}}