{"id":992,"date":"2016-02-08T09:53:24","date_gmt":"2016-02-08T05:53:24","guid":{"rendered":"http:\/\/belediyye.az\/resulzade\/?p=992"},"modified":"2016-02-08T09:54:09","modified_gmt":"2016-02-08T05:54:09","slug":"b%c9%99l%c9%99diyy%c9%99l%c9%99rin-v%c9%99t%c9%99ndaslarla-daha-six-t%c9%99masda-olmalari-vacibdir","status":"publish","type":"post","link":"http:\/\/belediyye.az\/resulzade\/b%c9%99l%c9%99diyy%c9%99l%c9%99rin-v%c9%99t%c9%99ndaslarla-daha-six-t%c9%99masda-olmalari-vacibdir\/","title":{"rendered":"B\u0259l\u0259diyy\u0259l\u0259rin v\u0259t\u0259nda\u015flarla daha s\u0131x t\u0259masda olmalar\u0131 vacibdir"},"content":{"rendered":"<h1><\/h1>\n<div><a href=\"http:\/\/belediyye.az\/resulzade\/wp-content\/uploads\/2016\/02\/2015-hesabat.jpg\"><img loading=\"lazy\" decoding=\"async\" class=\"size-full wp-image-993 aligncenter\" alt=\"2015-hesabat\" src=\"http:\/\/belediyye.az\/resulzade\/wp-content\/uploads\/2016\/02\/2015-hesabat.jpg\" width=\"448\" height=\"302\" srcset=\"http:\/\/belediyye.az\/resulzade\/wp-content\/uploads\/2016\/02\/2015-hesabat.jpg 448w, http:\/\/belediyye.az\/resulzade\/wp-content\/uploads\/2016\/02\/2015-hesabat-300x202.jpg 300w, http:\/\/belediyye.az\/resulzade\/wp-content\/uploads\/2016\/02\/2015-hesabat-81x55.jpg 81w, http:\/\/belediyye.az\/resulzade\/wp-content\/uploads\/2016\/02\/2015-hesabat-120x80.jpg 120w\" sizes=\"auto, (max-width: 448px) 100vw, 448px\" \/><\/a><\/div>\n<div>\n<p>&nbsp;<\/p>\n<p style=\"text-align: justify;\"><strong>Az\u0259rbaycan b\u0259l\u0259diyy\u0259l\u0259rinin 2015-ci ilin yekunlar\u0131 v\u0259 qar\u015f\u0131da duran v\u0259zif\u0259l\u0259r\u0259 h\u0259sr olunmu\u015f konfrans\u0131 ke\u00e7irilib<\/strong><\/p>\n<p style=\"text-align: justify;\"><span style=\"line-height: 1.5em;\">\u00a0<\/span><\/p>\n<p style=\"text-align: justify;\"><span style=\"line-height: 1.5em;\">Fevral\u0131n 6-da X\u0131rdalan \u015f\u0259h\u0259rind\u0259ki Heyd\u0259r \u018fliyev M\u0259rk\u0259zind\u0259 Az\u0259rbaycan b\u0259l\u0259diyy\u0259l\u0259rinin 2015-ci ilin yekunlar\u0131 v\u0259 qar\u015f\u0131da duran v\u0259zif\u0259l\u0259r\u0259 h\u0259sr olunmu\u015f konfrans\u0131 ke\u00e7irilib.<\/span><\/p>\n<p style=\"text-align: justify;\">Az\u0259rbaycan Respublikas\u0131 \u018fdliyy\u0259 Nazirliyinin B\u0259l\u0259diyy\u0259l\u0259rl\u0259 \u0130\u015f M\u0259rk\u0259zi v\u0259 Az\u0259rbaycan B\u0259l\u0259diyy\u0259l\u0259rinin Milli Assosiasiyalar\u0131n\u0131n t\u0259\u015fkilat\u00e7\u0131l\u0131\u011f\u0131 il\u0259 ke\u00e7iril\u0259n konfransda Milli M\u0259clisin regional m\u0259s\u0259l\u0259l\u0259r komit\u0259sinin s\u0259dri v\u0259 \u00fczvl\u0259ri, Prezident Administrasiyas\u0131n\u0131n r\u0259smil\u0259ri, habel\u0259 \u015f\u0259h\u0259r, q\u0259s\u0259b\u0259 v\u0259 k\u0259nd b\u0259l\u0259diyy\u0259 s\u0259drl\u0259ri i\u015ftirak edibl\u0259r.<\/p>\n<p style=\"text-align: justify;\"><a href=\"http:\/\/azertag.az\/\" target=\"_blank\">Az\u0259rTAc<\/a>\u00a0\u00a0x\u0259b\u0259r verir ki, t\u0259dbir i\u015ftirak\u00e7\u0131lar\u0131 \u0259vv\u0259lc\u0259 \u00fcmummilli lider Heyd\u0259r \u018fliyevin X\u0131rdalan \u015f\u0259h\u0259rinin m\u0259rk\u0259zind\u0259 ucald\u0131lm\u0131\u015f abid\u0259sini ziyar\u0259t edib, \u0259ziz xatir\u0259sini ehtiramla an\u0131blar.<\/p>\n<p style=\"text-align: justify;\">Ab\u015feron Rayon \u0130cra Hakimiyy\u0259tinin ba\u015f\u00e7\u0131s\u0131 \u0130rad\u0259 G\u00fclm\u0259mm\u0259dova \u00e7\u0131x\u0131\u015f ed\u0259r\u0259k bildirib ki, yerli \u00f6z\u00fcn\u00fcidar\u0259etm\u0259 h\u00fcququ d\u00f6vl\u0259t v\u0259 c\u0259miyy\u0259t h\u0259yat\u0131nda m\u00fch\u00fcm yer tutur. Yerli \u00f6z\u00fcn\u00fcidar\u0259etm\u0259 institutu \u0259halinin sosial-iqtisadi, ekoloji v\u0259 dig\u0259r probleml\u0259rinin operativ v\u0259 s\u0259m\u0259r\u0259li h\u0259llind\u0259 f\u0259al i\u015ftirak edir.<\/p>\n<p style=\"text-align: justify;\">\u0130rad\u0259 G\u00fclm\u0259mm\u0259dova Ab\u015feron rayonunun inki\u015faf\u0131nda b\u0259l\u0259diyy\u0259l\u0259rin s\u0259m\u0259r\u0259li f\u0259aliyy\u0259t g\u00f6st\u0259rdiyini qeyd ed\u0259r\u0259k konfrans\u0131n i\u015fin\u0259 u\u011furlar arzulay\u0131b.<\/p>\n<p style=\"text-align: justify;\">Sonra \u018fdliyy\u0259 Nazirliyinin B\u0259l\u0259diyy\u0259l\u0259rl\u0259 \u0130\u015f M\u0259rk\u0259zinin r\u0259isi Mehdi S\u0259limzad\u0259 2015-ci ilin yekunlar\u0131na dair hesabatla \u00e7\u0131x\u0131\u015f edib, b\u0259l\u0259diyy\u0259l\u0259rin qar\u015f\u0131s\u0131nda duran v\u0259zif\u0259l\u0259rd\u0259n dan\u0131\u015f\u0131b. O, b\u0259l\u0259diyy\u0259l\u0259rin sosial-iqtisadi inki\u015faf proqram\u0131n\u0131n h\u0259yata ke\u00e7irilm\u0259sind\u0259 g\u00f6st\u0259rdikl\u0259ri f\u0259all\u0131\u011f\u0131, bir \u00e7ox layih\u0259l\u0259r \u0259sas\u0131nda yerli \u0259h\u0259miyy\u0259tli yollar\u0131n saxlan\u0131lmas\u0131n\u0131, abadl\u0131q-quruculuq i\u015fl\u0259rinin t\u0259\u015fkilini, m\u0259i\u015f\u0259t tullant\u0131lar\u0131n\u0131n y\u0131\u011f\u0131lmas\u0131 v\u0259 da\u015f\u0131nmas\u0131n\u0131, eyni zamanda, bir s\u0131ra b\u0259l\u0259diyy\u0259l\u0259r \u00fc\u00e7\u00fcn yeni inzibati binalar\u0131n tikilm\u0259sini m\u00fcsb\u0259t hal kimi qiym\u0259tl\u0259ndirib.<\/p>\n<p style=\"text-align: justify;\">Az\u0259rbaycan Prezidenti \u0130lham \u018fliyevin b\u0259l\u0259diyy\u0259l\u0259rin c\u0259miyy\u0259td\u0259ki roluna b\u00f6y\u00fck \u00f6n\u0259m verdiyini diqq\u0259t\u0259 \u00e7atd\u0131ran M.S\u0259limzad\u0259, eyni zamanda, onlar\u0131n f\u0259aliyy\u0259tind\u0259 qanun pozuntular\u0131n\u0131n da m\u00fc\u015fahid\u0259 olundu\u011funu bildirib. \u00d6t\u0259n il \u018fdliyy\u0259 Nazirliyinin B\u0259l\u0259diyy\u0259l\u0259rl\u0259 \u0130\u015f M\u0259rk\u0259zi b\u0259l\u0259diyy\u0259l\u0259rin maarifl\u0259ndirilm\u0259si v\u0259 inzibati n\u0259zar\u0259t i\u015fini g\u00fccl\u0259ndirib, korrupsiya v\u0259 dig\u0259r h\u00fcquqpozmalar\u0131na qar\u015f\u0131 m\u00fcbariz\u0259ni art\u0131r\u0131b. \u0130nzibati n\u0259zar\u0259ti h\u0259yata ke\u00e7ir\u0259n \u0259dliyy\u0259 orqanlar\u0131n\u0131n i\u015finin yax\u015f\u0131la\u015fd\u0131r\u0131lmas\u0131, regional \u0259dliyy\u0259 \u015f\u00f6b\u0259l\u0259rin\u0259 v\u0259 b\u0259l\u0259diyy\u0259l\u0259r\u0259 metodiki k\u00f6m\u0259k g\u00fccl\u0259ndirilm\u0259si, bu sah\u0259d\u0259 \u00e7al\u0131\u015fan kadrlar\u0131n bilik s\u0259viyy\u0259sinin y\u00fcks\u0259ldilm\u0259si istiqam\u0259tind\u0259 t\u0259dbirl\u0259r davam etdirilib.<\/p>\n<p style=\"text-align: justify;\">M.S\u0259limzad\u0259 b\u0259zi b\u0259l\u0259diyy\u0259l\u0259rin f\u0259aliyy\u0259tinin q\u0259na\u0259tb\u0259x\u015f olmad\u0131\u011f\u0131n\u0131, iqtisadi g\u00f6st\u0259ricil\u0259rinin \u00f6t\u0259n ill\u0259 m\u00fcqayis\u0259d\u0259 azald\u0131\u011f\u0131n\u0131 bildir\u0259r\u0259k, maliyy\u0259 m\u0259nb\u0259l\u0259rind\u0259n tam istifad\u0259 edilm\u0259sinin, b\u00fcdc\u0259 x\u0259rcl\u0259rin\u0259 q\u0259na\u0259t olunmas\u0131n\u0131n vacibliyini vur\u011fulay\u0131b.<\/p>\n<p style=\"text-align: justify;\">Qeyd olunub ki, b\u0259l\u0259diyy\u0259l\u0259r v\u0259t\u0259nda\u015flara qay\u011f\u0131 v\u0259 h\u00f6rm\u0259tl\u0259 yana\u015fmal\u0131, \u0259hali il\u0259 \u0259laq\u0259li f\u0259aliyy\u0259t g\u00f6st\u0259rm\u0259li, onlara m\u00fct\u0259madi hesabat verm\u0259lidirl\u0259r. B\u0259l\u0259diyy\u0259l\u0259rin v\u0259t\u0259nda\u015flarla s\u0131x t\u0259masda olmalar\u0131 \u00e7ox vacibdir. \u00c7\u00fcnki d\u00fcnyada ba\u015f ver\u0259n m\u0259lum hadis\u0259l\u0259rl\u0259 \u0259laq\u0259dar b\u0259zi t\u0259xribat\u00e7\u0131 v\u0259 t\u0259hrik\u00e7i q\u00fcvv\u0259l\u0259r yerl\u0259rd\u0259 insanlar\u0131 \u00e7a\u015fd\u0131rma\u011fa c\u0259hd g\u00f6st\u0259rirl\u0259r. Bu c\u00fcr hallar\u0131n qar\u015f\u0131s\u0131n\u0131n al\u0131nmas\u0131nda b\u0259l\u0259diyy\u0259l\u0259rin d\u0259 \u00fcz\u0259rin\u0259 m\u00fch\u00fcm v\u0259zif\u0259l\u0259r d\u00fc\u015f\u00fcr.<\/p>\n<p style=\"text-align: justify;\">M.S\u0259limzad\u0259 b\u0259l\u0259diyy\u0259l\u0259rin f\u0259aliyy\u0259tind\u0259 yol veril\u0259n konkret n\u00f6qsanlara da toxunaraq onlar\u0131n aradan qald\u0131r\u0131lmas\u0131 yollar\u0131, yerli \u00f6z\u00fcn\u00fcidar\u0259etm\u0259 orqanlar\u0131nda i\u015fin t\u0259\u015fkili il\u0259 ba\u011fl\u0131 qar\u015f\u0131da duran \u00fcmd\u0259 v\u0259zif\u0259l\u0259r bar\u0259d\u0259 m\u0259lumat verib.<\/p>\n<p style=\"text-align: justify;\">Milli M\u0259clisin regional m\u0259s\u0259l\u0259l\u0259r komit\u0259sinin s\u0259dri Arif R\u0259himzad\u0259 \u00e7\u0131x\u0131\u015f\u0131nda b\u0259l\u0259diyy\u0259 haqq\u0131nda qanunvericiliy\u0259 edil\u0259n d\u0259yi\u015fiklikl\u0259rin yerli \u00f6z\u00fcn\u00fcidar\u0259etm\u0259 orqanlar\u0131n\u0131n inki\u015faf\u0131nda m\u00fcsb\u0259t rolundan dan\u0131\u015f\u0131b. Eyni zamanda, konfrans i\u015ftirak\u00e7\u0131lar\u0131n\u0131 n\u00f6vb\u0259ti m\u0259rh\u0259l\u0259 \u00fc\u00e7\u00fcn q\u0259bul olunacaq yeni qanun layih\u0259l\u0259ri bar\u0259d\u0259 m\u0259lumatland\u0131r\u0131b, b\u0259l\u0259diyy\u0259-v\u0259t\u0259nda\u015f m\u00fcnasib\u0259tl\u0259rinin daha da m\u00f6hk\u0259ml\u0259nm\u0259sinin vacibliyini bildirib.<\/p>\n<p style=\"text-align: justify;\">Konfransda \u00e7\u0131x\u0131\u015f ed\u0259n Az\u0259rbaycan Respublikas\u0131 Prezidenti Administrasiyas\u0131n\u0131n regional v\u0259 yerli \u00f6z\u00fcn\u00fcidar\u0259etm\u0259 orqanlar\u0131 il\u0259 i\u015f \u015f\u00f6b\u0259si b\u0259l\u0259diyy\u0259l\u0259rl\u0259 i\u015f sektorunun m\u00fcdiri Emin Eyvazov \u00f6t\u0259n d\u00f6vrd\u0259 yerli \u00f6z\u00fcn\u00fcidar\u0259etm\u0259 orqanlar\u0131 institutunun inki\u015faf\u0131ndan, qazan\u0131lan nailiyy\u0259tl\u0259rd\u0259n, Milli Assosiasiyalar vasit\u0259sil\u0259 h\u0259yata ke\u00e7iril\u0259n \u00e7oxsayl\u0131 layih\u0259l\u0259rd\u0259n v\u0259 qar\u015f\u0131da duran v\u0259zif\u0259l\u0259rd\u0259n b\u0259hs edib.<\/p>\n<p style=\"text-align: justify;\">Sonra \u00e7\u0131x\u0131\u015f ed\u0259n \u018fdliyy\u0259 Nazirliyinin B\u0259l\u0259diyy\u0259l\u0259rl\u0259 \u0130\u015f M\u0259rk\u0259zinin inzibati n\u0259zar\u0259t idar\u0259sinin ba\u015f m\u0259sl\u0259h\u0259t\u00e7isi Hafiz \u018fliyev b\u0259l\u0259diyy\u0259 s\u0259drl\u0259rin\u0259 yeni qanunvericilikl\u0259 ba\u011fl\u0131 d\u0259yi\u015fiklikl\u0259r bar\u0259d\u0259 m\u0259lumat verib.<\/p>\n<p style=\"text-align: justify;\">Konfransda Almaniya Beyn\u0259lxalq \u018fm\u0259kda\u015fl\u0131q C\u0259miyy\u0259tinin \u0259m\u0259kda\u015f\u0131 Mehdi Abdullayev qurumun b\u0259l\u0259diyy\u0259l\u0259rl\u0259 birg\u0259 h\u0259yata ke\u00e7irdiyi layih\u0259l\u0259r bar\u0259d\u0259 t\u0259qdimat ke\u00e7irib.<\/p>\n<p style=\"text-align: justify;\">B\u0259l\u0259diyy\u0259 s\u0259drl\u0259ri \u00e7\u0131x\u0131\u015f ed\u0259r\u0259k m\u00fczakir\u0259 olunan m\u0259s\u0259l\u0259l\u0259rin aktuall\u0131\u011f\u0131n\u0131 vur\u011fulay\u0131b, qar\u015f\u0131da duran v\u0259zif\u0259l\u0259rin icras\u0131n\u0131n z\u0259ruriliyini, n\u00f6qsanlar\u0131n aradan qald\u0131r\u0131lmas\u0131 istiqam\u0259tind\u0259 s\u0259yl\u0259rini art\u0131racaqlar\u0131n\u0131 bildiribl\u0259r.<\/p>\n<p style=\"text-align: justify;\">Sonda konfrans i\u015ftirak\u00e7\u0131lar\u0131 ad\u0131ndan Prezident \u0130lham \u018fliyev\u0259 m\u00fcraci\u0259t q\u0259bul olunub.<\/p>\n<p style=\"text-align: justify;\">\n<\/div>\n","protected":false},"excerpt":{"rendered":"<p>&nbsp; Az\u0259rbaycan b\u0259l\u0259diyy\u0259l\u0259rinin 2015-ci ilin yekunlar\u0131 v\u0259 qar\u015f\u0131da duran v\u0259zif\u0259l\u0259r\u0259 h\u0259sr olunmu\u015f konfrans\u0131 ke\u00e7irilib \u00a0 Fevral\u0131n 6-da X\u0131rdalan \u015f\u0259h\u0259rind\u0259ki Heyd\u0259r \u018fliyev M\u0259rk\u0259zind\u0259 Az\u0259rbaycan b\u0259l\u0259diyy\u0259l\u0259rinin 2015-ci ilin yekunlar\u0131 v\u0259 qar\u015f\u0131da duran v\u0259zif\u0259l\u0259r\u0259 h\u0259sr olunmu\u015f konfrans\u0131 ke\u00e7irilib. Az\u0259rbaycan Respublikas\u0131 \u018fdliyy\u0259 Nazirliyinin B\u0259l\u0259diyy\u0259l\u0259rl\u0259 \u0130\u015f M\u0259rk\u0259zi v\u0259 Az\u0259rbaycan B\u0259l\u0259diyy\u0259l\u0259rinin Milli Assosiasiyalar\u0131n\u0131n t\u0259\u015fkilat\u00e7\u0131l\u0131\u011f\u0131 il\u0259 ke\u00e7iril\u0259n konfransda Milli M\u0259clisin regional m\u0259s\u0259l\u0259l\u0259r [&hellip;]<\/p>\n","protected":false},"author":1,"featured_media":0,"comment_status":"closed","ping_status":"closed","sticky":false,"template":"","format":"standard","meta":{"footnotes":""},"categories":[5,8,4],"tags":[],"class_list":["post-992","post","type-post","status-publish","format-standard","hentry","category-xeberler","category-hesabat","category-gorulen-ishler"],"_links":{"self":[{"href":"http:\/\/belediyye.az\/resulzade\/wp-json\/wp\/v2\/posts\/992","targetHints":{"allow":["GET"]}}],"collection":[{"href":"http:\/\/belediyye.az\/resulzade\/wp-json\/wp\/v2\/posts"}],"about":[{"href":"http:\/\/belediyye.az\/resulzade\/wp-json\/wp\/v2\/types\/post"}],"author":[{"embeddable":true,"href":"http:\/\/belediyye.az\/resulzade\/wp-json\/wp\/v2\/users\/1"}],"replies":[{"embeddable":true,"href":"http:\/\/belediyye.az\/resulzade\/wp-json\/wp\/v2\/comments?post=992"}],"version-history":[{"count":2,"href":"http:\/\/belediyye.az\/resulzade\/wp-json\/wp\/v2\/posts\/992\/revisions"}],"predecessor-version":[{"id":995,"href":"http:\/\/belediyye.az\/resulzade\/wp-json\/wp\/v2\/posts\/992\/revisions\/995"}],"wp:attachment":[{"href":"http:\/\/belediyye.az\/resulzade\/wp-json\/wp\/v2\/media?parent=992"}],"wp:term":[{"taxonomy":"category","embeddable":true,"href":"http:\/\/belediyye.az\/resulzade\/wp-json\/wp\/v2\/categories?post=992"},{"taxonomy":"post_tag","embeddable":true,"href":"http:\/\/belediyye.az\/resulzade\/wp-json\/wp\/v2\/tags?post=992"}],"curies":[{"name":"wp","href":"https:\/\/api.w.org\/{rel}","templated":true}]}}