{"id":985,"date":"2016-01-29T14:05:14","date_gmt":"2016-01-29T10:05:14","guid":{"rendered":"http:\/\/belediyye.az\/resulzade\/?p=985"},"modified":"2016-01-29T14:05:14","modified_gmt":"2016-01-29T10:05:14","slug":"b%c9%99l%c9%99diyy%c9%99l%c9%99r%c9%99-yeni-s%c9%99lahiyy%c9%99tl%c9%99r-veril%c9%99-bil%c9%99r","status":"publish","type":"post","link":"http:\/\/belediyye.az\/resulzade\/b%c9%99l%c9%99diyy%c9%99l%c9%99r%c9%99-yeni-s%c9%99lahiyy%c9%99tl%c9%99r-veril%c9%99-bil%c9%99r\/","title":{"rendered":"B\u0259l\u0259diyy\u0259l\u0259r\u0259 yeni s\u0259lahiyy\u0259tl\u0259r veril\u0259 bil\u0259r"},"content":{"rendered":"<h1><a href=\"http:\/\/belediyye.az\/resulzade\/wp-content\/uploads\/2016\/01\/Arif-Rehimzade.jpg\"><img loading=\"lazy\" decoding=\"async\" class=\"size-full wp-image-986 aligncenter\" alt=\"Arif-Rehimzade\" src=\"http:\/\/belediyye.az\/resulzade\/wp-content\/uploads\/2016\/01\/Arif-Rehimzade.jpg\" width=\"500\" height=\"355\" srcset=\"http:\/\/belediyye.az\/resulzade\/wp-content\/uploads\/2016\/01\/Arif-Rehimzade.jpg 500w, http:\/\/belediyye.az\/resulzade\/wp-content\/uploads\/2016\/01\/Arif-Rehimzade-300x213.jpg 300w, http:\/\/belediyye.az\/resulzade\/wp-content\/uploads\/2016\/01\/Arif-Rehimzade-77x55.jpg 77w\" sizes=\"auto, (max-width: 500px) 100vw, 500px\" \/><\/a><\/h1>\n<div>\n<p style=\"text-align: justify;\">Az\u0259rbaycanda b\u0259l\u0259diyy\u0259l\u0259r\u0259 yeni s\u0259lahiyy\u0259tl\u0259r veril\u0259 bil\u0259r.<\/p>\n<p style=\"text-align: justify;\">Trend-in m\u0259lumat\u0131na g\u00f6r\u0259, Milli M\u0259clisin Regional m\u0259s\u0259l\u0259l\u0259r komit\u0259sinin bu g\u00fcn ke\u00e7iril\u0259n iclas\u0131nda komit\u0259 s\u0259dri Arif R\u0259himzad\u0259 bildirib ki, b\u0259l\u0259diyy\u0259l\u0259rin f\u0259aliyy\u0259ti il\u0259 ba\u011fl\u0131 bir s\u0131ra m\u00fch\u00fcm i\u015fl\u0259r g\u00f6r\u00fcl\u0259c\u0259k: \u201cKe\u00e7\u0259n ild\u0259n b\u0259l\u0259diyy\u0259l\u0259rin vergil\u0259ri v\u0259 \u00f6d\u0259ni\u015fl\u0259ri na\u011fds\u0131z halda almaq m\u0259s\u0259l\u0259si qanunvericilikd\u0259 \u00f6z \u0259ksini tap\u0131b, bu m\u00fcsb\u0259t m\u0259s\u0259l\u0259 olsa da onun icras\u0131nda m\u00fc\u0259yy\u0259n \u00e7\u0259tinlikl\u0259r var. Bununla ba\u011fl\u0131 haz\u0131rda m\u00fc\u0259yy\u0259n t\u0259dbirl\u0259r g\u00f6r\u00fcl\u00fcr. T\u0259klifl\u0259r haz\u0131rlan\u0131r. T\u0259klifl\u0259r odur ki, b\u0259l\u0259diyy\u0259l\u0259r vergil\u0259ri alanda onlar\u0131n vergi ver\u0259n\u0259 bir t\u0259sir mexanizmi olsun. Bu m\u0259s\u0259l\u0259 \u0259traf\u0131nda d\u00fc\u015f\u00fcn\u00fcl\u00fcr\u201d.<\/p>\n<p style=\"text-align: justify;\">A.R\u0259himzad\u0259 \u0259lav\u0259 edib ki, b\u0259l\u0259diyy\u0259l\u0259rin qeyri-h\u0259rrac yolu il\u0259 m\u00f6vs\u00fcmi istifad\u0259si \u00fc\u00e7\u00fcn torpaqlar\u0131n icar\u0259y\u0259 verilm\u0259si m\u0259s\u0259l\u0259si g\u00fcnd\u0259likd\u0259 yer al\u0131b. Onun s\u00f6zl\u0259rin\u0259 g\u00f6r\u0259, bununla ba\u011fl\u0131 m\u00fc\u0259yy\u0259n add\u0131mlar atmaq m\u00fc\u0259yy\u0259nl\u0259\u015fdirilib.<\/p>\n<p style=\"text-align: justify;\">\n<\/div>\n","protected":false},"excerpt":{"rendered":"<p>Az\u0259rbaycanda b\u0259l\u0259diyy\u0259l\u0259r\u0259 yeni s\u0259lahiyy\u0259tl\u0259r veril\u0259 bil\u0259r. Trend-in m\u0259lumat\u0131na g\u00f6r\u0259, Milli M\u0259clisin Regional m\u0259s\u0259l\u0259l\u0259r komit\u0259sinin bu g\u00fcn ke\u00e7iril\u0259n iclas\u0131nda komit\u0259 s\u0259dri Arif R\u0259himzad\u0259 bildirib ki, b\u0259l\u0259diyy\u0259l\u0259rin f\u0259aliyy\u0259ti il\u0259 ba\u011fl\u0131 bir s\u0131ra m\u00fch\u00fcm i\u015fl\u0259r g\u00f6r\u00fcl\u0259c\u0259k: \u201cKe\u00e7\u0259n ild\u0259n b\u0259l\u0259diyy\u0259l\u0259rin vergil\u0259ri v\u0259 \u00f6d\u0259ni\u015fl\u0259ri na\u011fds\u0131z halda almaq m\u0259s\u0259l\u0259si qanunvericilikd\u0259 \u00f6z \u0259ksini tap\u0131b, bu m\u00fcsb\u0259t m\u0259s\u0259l\u0259 olsa da onun icras\u0131nda m\u00fc\u0259yy\u0259n [&hellip;]<\/p>\n","protected":false},"author":1,"featured_media":0,"comment_status":"closed","ping_status":"closed","sticky":false,"template":"","format":"standard","meta":{"footnotes":""},"categories":[5,4],"tags":[],"class_list":["post-985","post","type-post","status-publish","format-standard","hentry","category-xeberler","category-gorulen-ishler"],"_links":{"self":[{"href":"http:\/\/belediyye.az\/resulzade\/wp-json\/wp\/v2\/posts\/985","targetHints":{"allow":["GET"]}}],"collection":[{"href":"http:\/\/belediyye.az\/resulzade\/wp-json\/wp\/v2\/posts"}],"about":[{"href":"http:\/\/belediyye.az\/resulzade\/wp-json\/wp\/v2\/types\/post"}],"author":[{"embeddable":true,"href":"http:\/\/belediyye.az\/resulzade\/wp-json\/wp\/v2\/users\/1"}],"replies":[{"embeddable":true,"href":"http:\/\/belediyye.az\/resulzade\/wp-json\/wp\/v2\/comments?post=985"}],"version-history":[{"count":2,"href":"http:\/\/belediyye.az\/resulzade\/wp-json\/wp\/v2\/posts\/985\/revisions"}],"predecessor-version":[{"id":988,"href":"http:\/\/belediyye.az\/resulzade\/wp-json\/wp\/v2\/posts\/985\/revisions\/988"}],"wp:attachment":[{"href":"http:\/\/belediyye.az\/resulzade\/wp-json\/wp\/v2\/media?parent=985"}],"wp:term":[{"taxonomy":"category","embeddable":true,"href":"http:\/\/belediyye.az\/resulzade\/wp-json\/wp\/v2\/categories?post=985"},{"taxonomy":"post_tag","embeddable":true,"href":"http:\/\/belediyye.az\/resulzade\/wp-json\/wp\/v2\/tags?post=985"}],"curies":[{"name":"wp","href":"https:\/\/api.w.org\/{rel}","templated":true}]}}