{"id":940,"date":"2015-12-08T16:21:06","date_gmt":"2015-12-08T12:21:06","guid":{"rendered":"http:\/\/belediyye.az\/resulzade\/?p=940"},"modified":"2015-12-08T16:23:12","modified_gmt":"2015-12-08T12:23:12","slug":"prezident-adminstrasiyasinda-yeni-t%c9%99yinat","status":"publish","type":"post","link":"http:\/\/belediyye.az\/resulzade\/prezident-adminstrasiyasinda-yeni-t%c9%99yinat\/","title":{"rendered":"Prezident Adminstrasiyas\u0131nda yeni t\u0259yinat"},"content":{"rendered":"<p><a href=\"http:\/\/belediyye.az\/resulzade\/wp-content\/uploads\/2015\/12\/emin-eyvazov.jpg\"><img loading=\"lazy\" decoding=\"async\" class=\"size-full wp-image-941 aligncenter\" alt=\"emin eyvazov\" src=\"http:\/\/belediyye.az\/resulzade\/wp-content\/uploads\/2015\/12\/emin-eyvazov.jpg\" width=\"768\" height=\"469\" srcset=\"http:\/\/belediyye.az\/resulzade\/wp-content\/uploads\/2015\/12\/emin-eyvazov.jpg 768w, http:\/\/belediyye.az\/resulzade\/wp-content\/uploads\/2015\/12\/emin-eyvazov-300x183.jpg 300w, http:\/\/belediyye.az\/resulzade\/wp-content\/uploads\/2015\/12\/emin-eyvazov-90x55.jpg 90w\" sizes=\"auto, (max-width: 768px) 100vw, 768px\" \/><\/a><\/p>\n<p style=\"text-align: justify;\">\n<p style=\"text-align: justify;\">Prezident Adminstrasiyas\u0131\u00a0Regional idar\u0259etm\u0259 v\u0259 yerli \u00f6z\u00fcn\u00fcidar\u0259etm\u0259 orqanlar\u0131 il\u0259 i\u015f \u015f\u00f6b\u0259sinin b\u0259l\u0259diyy\u0259l\u0259rl\u0259 i\u015f b\u00f6lm\u0259sinin m\u00fcdiri v\u0259zif\u0259sin\u0259 Emin Eyvazov t\u0259yin edilib. Qeyd ed\u0259k ki, bu g\u00fcn ilk d\u0259f\u0259 olaraq \u00a0E.Eyvazov Milli M\u0259clisin Regional M\u0259s\u0259l\u0259l\u0259r Komit\u0259sinin toplant\u0131s\u0131na da qat\u0131l\u0131b.<\/p>\n<p style=\"text-align: justify;\">Xat\u0131rladaq ki, bundan \u0259vv\u0259l h\u0259min v\u0259zif\u0259ni Kamran Bayramov icra edirdi. Cari ild\u0259 Milli M\u0259clis\u0259 ke\u00e7irl\u0259n se\u00e7ikl\u0259rd\u0259 YAP-\u0131n siyah\u0131s\u0131 il\u0259 100-sayl\u0131 \u015e\u0259mkir-Da\u015fk\u0259s\u0259n dair\u0259sind\u0259n Milli M\u0259clis\u0259 \u00fczv se\u00e7ildiyind\u0259n v\u0259zif\u0259 vakant idi.<\/p>\n<p style=\"text-align: justify;\">Belediyye.info<\/p>\n","protected":false},"excerpt":{"rendered":"<p>Prezident Adminstrasiyas\u0131\u00a0Regional idar\u0259etm\u0259 v\u0259 yerli \u00f6z\u00fcn\u00fcidar\u0259etm\u0259 orqanlar\u0131 il\u0259 i\u015f \u015f\u00f6b\u0259sinin b\u0259l\u0259diyy\u0259l\u0259rl\u0259 i\u015f b\u00f6lm\u0259sinin m\u00fcdiri v\u0259zif\u0259sin\u0259 Emin Eyvazov t\u0259yin edilib. Qeyd ed\u0259k ki, bu g\u00fcn ilk d\u0259f\u0259 olaraq \u00a0E.Eyvazov Milli M\u0259clisin Regional M\u0259s\u0259l\u0259l\u0259r Komit\u0259sinin toplant\u0131s\u0131na da qat\u0131l\u0131b. Xat\u0131rladaq ki, bundan \u0259vv\u0259l h\u0259min v\u0259zif\u0259ni Kamran Bayramov icra edirdi. Cari ild\u0259 Milli M\u0259clis\u0259 ke\u00e7irl\u0259n se\u00e7ikl\u0259rd\u0259 YAP-\u0131n siyah\u0131s\u0131 il\u0259 [&hellip;]<\/p>\n","protected":false},"author":1,"featured_media":0,"comment_status":"closed","ping_status":"closed","sticky":false,"template":"","format":"standard","meta":{"footnotes":""},"categories":[5,4],"tags":[],"class_list":["post-940","post","type-post","status-publish","format-standard","hentry","category-xeberler","category-gorulen-ishler"],"_links":{"self":[{"href":"http:\/\/belediyye.az\/resulzade\/wp-json\/wp\/v2\/posts\/940","targetHints":{"allow":["GET"]}}],"collection":[{"href":"http:\/\/belediyye.az\/resulzade\/wp-json\/wp\/v2\/posts"}],"about":[{"href":"http:\/\/belediyye.az\/resulzade\/wp-json\/wp\/v2\/types\/post"}],"author":[{"embeddable":true,"href":"http:\/\/belediyye.az\/resulzade\/wp-json\/wp\/v2\/users\/1"}],"replies":[{"embeddable":true,"href":"http:\/\/belediyye.az\/resulzade\/wp-json\/wp\/v2\/comments?post=940"}],"version-history":[{"count":4,"href":"http:\/\/belediyye.az\/resulzade\/wp-json\/wp\/v2\/posts\/940\/revisions"}],"predecessor-version":[{"id":946,"href":"http:\/\/belediyye.az\/resulzade\/wp-json\/wp\/v2\/posts\/940\/revisions\/946"}],"wp:attachment":[{"href":"http:\/\/belediyye.az\/resulzade\/wp-json\/wp\/v2\/media?parent=940"}],"wp:term":[{"taxonomy":"category","embeddable":true,"href":"http:\/\/belediyye.az\/resulzade\/wp-json\/wp\/v2\/categories?post=940"},{"taxonomy":"post_tag","embeddable":true,"href":"http:\/\/belediyye.az\/resulzade\/wp-json\/wp\/v2\/tags?post=940"}],"curies":[{"name":"wp","href":"https:\/\/api.w.org\/{rel}","templated":true}]}}