{"id":933,"date":"2015-12-08T16:07:17","date_gmt":"2015-12-08T12:07:17","guid":{"rendered":"http:\/\/belediyye.az\/resulzade\/?p=933"},"modified":"2015-12-08T16:07:53","modified_gmt":"2015-12-08T12:07:53","slug":"b%c9%99l%c9%99diyy%c9%99l%c9%99rl%c9%99-bagli-iki-qanun-layih%c9%99si-milli-m%c9%99clisd%c9%99-muzakir%c9%99-olundu","status":"publish","type":"post","link":"http:\/\/belediyye.az\/resulzade\/b%c9%99l%c9%99diyy%c9%99l%c9%99rl%c9%99-bagli-iki-qanun-layih%c9%99si-milli-m%c9%99clisd%c9%99-muzakir%c9%99-olundu\/","title":{"rendered":"B\u0259l\u0259diyy\u0259l\u0259rl\u0259 ba\u011fl\u0131 iki qanun layih\u0259si Milli M\u0259clisd\u0259 m\u00fczakir\u0259 olundu"},"content":{"rendered":"<h3 style=\"text-align: justify;\"><\/h3>\n<div style=\"text-align: justify;\">\n<div><a href=\"http:\/\/belediyye.az\/resulzade\/wp-content\/uploads\/2015\/12\/1234.jpg\"><img loading=\"lazy\" decoding=\"async\" class=\"size-full wp-image-936 aligncenter\" alt=\"1234\" src=\"http:\/\/belediyye.az\/resulzade\/wp-content\/uploads\/2015\/12\/1234.jpg\" width=\"769\" height=\"520\" srcset=\"http:\/\/belediyye.az\/resulzade\/wp-content\/uploads\/2015\/12\/1234.jpg 769w, http:\/\/belediyye.az\/resulzade\/wp-content\/uploads\/2015\/12\/1234-300x202.jpg 300w, http:\/\/belediyye.az\/resulzade\/wp-content\/uploads\/2015\/12\/1234-81x55.jpg 81w, http:\/\/belediyye.az\/resulzade\/wp-content\/uploads\/2015\/12\/1234-120x80.jpg 120w\" sizes=\"auto, (max-width: 769px) 100vw, 769px\" \/><\/a><\/div>\n<div><\/div>\n<\/div>\n<div>\n<p style=\"text-align: justify;\">\n<p style=\"text-align: justify;\"><strong>Bu g\u00fcn\u00a0Milli M\u0259clisin Regional m\u0259s\u0259l\u0259l\u0259r komit\u0259sinin ilk iclas\u0131 ke\u00e7irilib.<\/strong><\/p>\n<p style=\"text-align: justify;\">Komit\u0259 s\u0259dri Arif R\u0259himzad\u0259nin s\u0259drliyi il\u0259 ke\u00e7iril\u0259n iclasda \u201cB\u0259l\u0259diyy\u0259l\u0259rin su t\u0259s\u0259rr\u00fcfat\u0131 haqq\u0131nda\u201d Az\u0259rbaycan Respublikas\u0131n\u0131n qanununda d\u0259yi\u015fiklik edilm\u0259si bar\u0259d\u0259\u201d v\u0259 \u201cB\u0259l\u0259diyy\u0259 qullu\u011fu haqq\u0131nda\u201d Az\u0259rbaycan Respublikas\u0131n\u0131n qanununda d\u0259yi\u015fiklik edilm\u0259si bar\u0259d\u0259\u201d qanun layih\u0259l\u0259ri m\u00fczakir\u0259 olunub.<\/p>\n<p style=\"text-align: justify;\">\u0130clasda bildirilib ki, Az\u0259rbaycanda b\u0259l\u0259diyy\u0259 qullu\u011fu il\u0259 ba\u011fl\u0131 qada\u011falar\u0131n \u0259hat\u0259 dair\u0259sinin geni\u015fl\u0259ndirilm\u0259si t\u0259klif edilir.<\/p>\n<p style=\"text-align: justify;\">Komit\u0259 s\u0259dri Arif R\u0259himzad\u0259 bildirib ki, t\u0259klif olunan bir d\u0259yi\u015fikliy\u0259 \u0259sas\u0259n, v\u0259zif\u0259l\u0259rin icras\u0131 zaman\u0131 &#8220;B\u0259l\u0259diyy\u0259 qulluq\u00e7ular\u0131n\u0131n etik davran\u0131\u015f qaydalar\u0131 haqq\u0131nda&#8221; qanunda n\u0259z\u0259rd\u0259 tutulan h\u00fcquqpozmalar\u0131 t\u00f6r\u0259tm\u0259k v\u0259 qulluqla bir araya s\u0131\u011fmayan h\u0259r\u0259k\u0259tl\u0259r\u0259 yol verm\u0259k qada\u011fan olunur.<\/p>\n<p style=\"text-align: justify;\">T\u0259klif olunan daha bir d\u0259yi\u015fikliy\u0259 \u0259sas\u0259n, b\u0259l\u0259diyy\u0259 qulluq\u00e7ular\u0131 v\u0259zif\u0259l\u0259rinin icras\u0131 zaman\u0131 Az\u0259rbaycan Konstitusiyas\u0131na, &#8220;B\u0259l\u0259diyy\u0259 qulluq\u00e7ular\u0131n\u0131n etik davran\u0131\u015f qaydalar\u0131 haqq\u0131nda&#8221; qanuna v\u0259 \u00f6lk\u0259nin dig\u0259r qanunlar\u0131na \u0259m\u0259l etm\u0259lidirl\u0259r.<\/p>\n<p style=\"text-align: justify;\">M\u00fczakir\u0259l\u0259rd\u0259n sonra d\u0259yi\u015fiklik layih\u0259si Milli M\u0259clisin plenar iclas\u0131na t\u00f6vsiy\u0259 olunub.<\/p>\n<p>publika.az<\/p>\n<p>&nbsp;<\/p>\n<p><a href=\"http:\/\/belediyye.az\/resulzade\/wp-content\/uploads\/2015\/12\/123.jpg\"><img loading=\"lazy\" decoding=\"async\" class=\"alignright size-full wp-image-935\" alt=\"123\" src=\"http:\/\/belediyye.az\/resulzade\/wp-content\/uploads\/2015\/12\/123.jpg\" width=\"773\" height=\"519\" srcset=\"http:\/\/belediyye.az\/resulzade\/wp-content\/uploads\/2015\/12\/123.jpg 773w, http:\/\/belediyye.az\/resulzade\/wp-content\/uploads\/2015\/12\/123-300x201.jpg 300w, http:\/\/belediyye.az\/resulzade\/wp-content\/uploads\/2015\/12\/123-81x55.jpg 81w, http:\/\/belediyye.az\/resulzade\/wp-content\/uploads\/2015\/12\/123-120x80.jpg 120w\" sizes=\"auto, (max-width: 773px) 100vw, 773px\" \/><\/a> <a href=\"http:\/\/belediyye.az\/resulzade\/wp-content\/uploads\/2015\/12\/12.jpg\"><img loading=\"lazy\" decoding=\"async\" class=\"alignright size-full wp-image-934\" alt=\"12\" src=\"http:\/\/belediyye.az\/resulzade\/wp-content\/uploads\/2015\/12\/12.jpg\" width=\"777\" height=\"518\" srcset=\"http:\/\/belediyye.az\/resulzade\/wp-content\/uploads\/2015\/12\/12.jpg 777w, http:\/\/belediyye.az\/resulzade\/wp-content\/uploads\/2015\/12\/12-300x200.jpg 300w, http:\/\/belediyye.az\/resulzade\/wp-content\/uploads\/2015\/12\/12-82x55.jpg 82w, http:\/\/belediyye.az\/resulzade\/wp-content\/uploads\/2015\/12\/12-120x80.jpg 120w\" sizes=\"auto, (max-width: 777px) 100vw, 777px\" \/><\/a><\/p>\n<\/div>\n","protected":false},"excerpt":{"rendered":"<p>Bu g\u00fcn\u00a0Milli M\u0259clisin Regional m\u0259s\u0259l\u0259l\u0259r komit\u0259sinin ilk iclas\u0131 ke\u00e7irilib. Komit\u0259 s\u0259dri Arif R\u0259himzad\u0259nin s\u0259drliyi il\u0259 ke\u00e7iril\u0259n iclasda \u201cB\u0259l\u0259diyy\u0259l\u0259rin su t\u0259s\u0259rr\u00fcfat\u0131 haqq\u0131nda\u201d Az\u0259rbaycan Respublikas\u0131n\u0131n qanununda d\u0259yi\u015fiklik edilm\u0259si bar\u0259d\u0259\u201d v\u0259 \u201cB\u0259l\u0259diyy\u0259 qullu\u011fu haqq\u0131nda\u201d Az\u0259rbaycan Respublikas\u0131n\u0131n qanununda d\u0259yi\u015fiklik edilm\u0259si bar\u0259d\u0259\u201d qanun layih\u0259l\u0259ri m\u00fczakir\u0259 olunub. \u0130clasda bildirilib ki, Az\u0259rbaycanda b\u0259l\u0259diyy\u0259 qullu\u011fu il\u0259 ba\u011fl\u0131 qada\u011falar\u0131n \u0259hat\u0259 dair\u0259sinin geni\u015fl\u0259ndirilm\u0259si t\u0259klif edilir. [&hellip;]<\/p>\n","protected":false},"author":1,"featured_media":0,"comment_status":"closed","ping_status":"closed","sticky":false,"template":"","format":"standard","meta":{"footnotes":""},"categories":[5,4],"tags":[],"class_list":["post-933","post","type-post","status-publish","format-standard","hentry","category-xeberler","category-gorulen-ishler"],"_links":{"self":[{"href":"http:\/\/belediyye.az\/resulzade\/wp-json\/wp\/v2\/posts\/933","targetHints":{"allow":["GET"]}}],"collection":[{"href":"http:\/\/belediyye.az\/resulzade\/wp-json\/wp\/v2\/posts"}],"about":[{"href":"http:\/\/belediyye.az\/resulzade\/wp-json\/wp\/v2\/types\/post"}],"author":[{"embeddable":true,"href":"http:\/\/belediyye.az\/resulzade\/wp-json\/wp\/v2\/users\/1"}],"replies":[{"embeddable":true,"href":"http:\/\/belediyye.az\/resulzade\/wp-json\/wp\/v2\/comments?post=933"}],"version-history":[{"count":3,"href":"http:\/\/belediyye.az\/resulzade\/wp-json\/wp\/v2\/posts\/933\/revisions"}],"predecessor-version":[{"id":939,"href":"http:\/\/belediyye.az\/resulzade\/wp-json\/wp\/v2\/posts\/933\/revisions\/939"}],"wp:attachment":[{"href":"http:\/\/belediyye.az\/resulzade\/wp-json\/wp\/v2\/media?parent=933"}],"wp:term":[{"taxonomy":"category","embeddable":true,"href":"http:\/\/belediyye.az\/resulzade\/wp-json\/wp\/v2\/categories?post=933"},{"taxonomy":"post_tag","embeddable":true,"href":"http:\/\/belediyye.az\/resulzade\/wp-json\/wp\/v2\/tags?post=933"}],"curies":[{"name":"wp","href":"https:\/\/api.w.org\/{rel}","templated":true}]}}