{"id":878,"date":"2015-11-03T16:46:34","date_gmt":"2015-11-03T12:46:34","guid":{"rendered":"http:\/\/belediyye.az\/resulzade\/?p=878"},"modified":"2015-11-10T14:45:45","modified_gmt":"2015-11-10T10:45:45","slug":"prezidentd%c9%99n-b%c9%99l%c9%99diyy%c9%99-torpaqlari-il%c9%99-bagli-s%c9%99r%c9%99ncam","status":"publish","type":"post","link":"http:\/\/belediyye.az\/resulzade\/prezidentd%c9%99n-b%c9%99l%c9%99diyy%c9%99-torpaqlari-il%c9%99-bagli-s%c9%99r%c9%99ncam\/","title":{"rendered":"Prezidentd\u0259n b\u0259l\u0259diyy\u0259 torpaqlar\u0131 il\u0259 ba\u011fl\u0131 S\u018fR\u018fNCAM"},"content":{"rendered":"<div><a href=\"http:\/\/belediyye.az\/resulzade\/wp-content\/uploads\/2015\/11\/prezident1.jpg\"><img loading=\"lazy\" decoding=\"async\" class=\"size-full wp-image-882 aligncenter\" alt=\"prezident\" src=\"http:\/\/belediyye.az\/resulzade\/wp-content\/uploads\/2015\/11\/prezident1.jpg\" width=\"690\" height=\"433\" srcset=\"http:\/\/belediyye.az\/resulzade\/wp-content\/uploads\/2015\/11\/prezident1.jpg 690w, http:\/\/belediyye.az\/resulzade\/wp-content\/uploads\/2015\/11\/prezident1-300x188.jpg 300w, http:\/\/belediyye.az\/resulzade\/wp-content\/uploads\/2015\/11\/prezident1-87x55.jpg 87w\" sizes=\"auto, (max-width: 690px) 100vw, 690px\" \/><\/a><\/div>\n<div><\/div>\n<div style=\"text-align: justify;\"><\/div>\n<div style=\"text-align: justify;\"><\/div>\n<div style=\"text-align: justify;\"><\/div>\n<div style=\"text-align: justify;\">Prezident \u0130lham \u018fliyev \u201cB\u0259l\u0259diyy\u0259 torpaqlar\u0131n\u0131n ayr\u0131lmas\u0131na dair s\u0259n\u0259dl\u0259rin haz\u0131rlanmas\u0131 v\u0259 raz\u0131la\u015fd\u0131r\u0131lmas\u0131 qaydalar\u0131 haqq\u0131nda \u018fsasnam\u0259\u201dd\u0259 d\u0259yi\u015fiklik edilm\u0259si bar\u0259d\u0259 30 oktyabr 2015-ci il tarixd\u0259 \u00a0S\u0259r\u0259ncam imzalay\u0131b.<\/div>\n<div style=\"text-align: justify;\">S\u0259r\u0259ncamda deyilir:<\/div>\n<div style=\"text-align: justify;\"><\/div>\n<div id=\"header\" style=\"text-align: justify;\"><span style=\"line-height: 1.5em;\">Az\u0259rbaycan Respublikas\u0131 Konstitusiyas\u0131n\u0131n 109-cu\u00a0<\/span><\/div>\n<div id=\"header\" style=\"text-align: justify;\"><span style=\"line-height: 1.5em;\">madd\u0259sinin 19-cu b\u0259ndini r\u0259hb\u0259r tutaraq, \u201cB\u0259l\u0259diyy\u0259 torpaqlar\u0131n\u0131n idar\u0259 edilm\u0259si haqq\u0131nda\u201d Az\u0259rbaycan Respublikas\u0131n\u0131n Qanununda d\u0259yi\u015fiklik edilm\u0259si bar\u0259d\u0259\u201d Az\u0259rbaycan Respublikas\u0131n\u0131n 2015-ci il 30 sentyabr tarixli 1327-IVQD n\u00f6mr\u0259li Qanununun q\u00fcvv\u0259y\u0259 minm\u0259si il\u0259 \u0259laq\u0259dar h\u0259min Qanunun t\u0259tbiqini t\u0259min etm\u0259k m\u0259qs\u0259di il\u0259\u00a0q\u0259rara al\u0131ram:<\/span><\/div>\n<div>\n<div id=\"page_wrapper\">\n<p style=\"text-align: justify;\">1. Az\u0259rbaycan Respublikas\u0131n\u0131n Nazirl\u0259r Kabineti:<\/p>\n<p style=\"text-align: justify;\">1.1. Az\u0259rbaycan Respublikas\u0131 qanunlar\u0131n\u0131n v\u0259 Az\u0259rbaycan Respublikas\u0131 Prezidentinin aktlar\u0131n\u0131n \u201cB\u0259l\u0259diyy\u0259 torpaqlar\u0131n\u0131n idar\u0259 edilm\u0259si haqq\u0131nda\u201d Az\u0259rbaycan Respublikas\u0131n\u0131n Qanununda d\u0259yi\u015fiklik edilm\u0259si bar\u0259d\u0259\u201d Az\u0259rbaycan Respublikas\u0131n\u0131n Qanununa uy\u011funla\u015fd\u0131r\u0131lmas\u0131 il\u0259 ba\u011fl\u0131 t\u0259klifl\u0259rini \u00fc\u00e7 ay m\u00fcdd\u0259tind\u0259 haz\u0131rlay\u0131b Az\u0259rbaycan Respublikas\u0131n\u0131n Prezidentin\u0259 t\u0259qdim etsin;<\/p>\n<p style=\"text-align: justify;\">1.2. Az\u0259rbaycan Respublikas\u0131 Nazirl\u0259r Kabinetinin normativ h\u00fcquqi aktlar\u0131n\u0131n h\u0259min Qanuna uy\u011funla\u015fd\u0131r\u0131lmas\u0131n\u0131 \u00fc\u00e7 ay m\u00fcdd\u0259tind\u0259 t\u0259min edib Az\u0259rbaycan Respublikas\u0131n\u0131n Prezidentin\u0259 m\u0259lumat versin;<\/p>\n<p style=\"text-align: justify;\">1.3. m\u0259rk\u0259zi icra hakimiyy\u0259ti orqanlar\u0131n\u0131n normativ h\u00fcquqi aktlar\u0131n\u0131n h\u0259min Qanuna uy\u011funla\u015fd\u0131r\u0131lmas\u0131n\u0131 n\u0259zar\u0259td\u0259 saxlas\u0131n v\u0259 bunun icras\u0131 bar\u0259d\u0259 be\u015f ay m\u00fcdd\u0259tind\u0259 Az\u0259rbaycan Respublikas\u0131n\u0131n Prezidentin\u0259 m\u0259lumat versin;<\/p>\n<p style=\"text-align: justify;\">1.4. h\u0259min Qanundan ir\u0259li g\u0259l\u0259n dig\u0259r m\u0259s\u0259l\u0259l\u0259ri h\u0259ll etsin.<\/p>\n<p style=\"text-align: justify;\">2. Az\u0259rbaycan Respublikas\u0131n\u0131n \u018fdliyy\u0259 Nazirliyi m\u0259rk\u0259zi icra hakimiyy\u0259ti orqanlar\u0131n\u0131n normativ h\u00fcquqi aktlar\u0131n\u0131n v\u0259 normativ xarakterli aktlar\u0131n \u201cB\u0259l\u0259diyy\u0259 torpaqlar\u0131n\u0131n idar\u0259 edilm\u0259si haqq\u0131nda\u201d Az\u0259rbaycan Respublikas\u0131n\u0131n Qanununda d\u0259yi\u015fiklik edilm\u0259si bar\u0259d\u0259\u201d Az\u0259rbaycan Respublikas\u0131n\u0131n Qanununa uy\u011funla\u015fd\u0131r\u0131lmas\u0131n\u0131 t\u0259min edib Az\u0259rbaycan Respublikas\u0131n\u0131n Nazirl\u0259r Kabinetin\u0259 m\u0259lumat versin.<\/p>\n<p>&nbsp;<\/p>\n<p>&nbsp;<\/p>\n<\/div>\n<\/div>\n","protected":false},"excerpt":{"rendered":"<p>Prezident \u0130lham \u018fliyev \u201cB\u0259l\u0259diyy\u0259 torpaqlar\u0131n\u0131n ayr\u0131lmas\u0131na dair s\u0259n\u0259dl\u0259rin haz\u0131rlanmas\u0131 v\u0259 raz\u0131la\u015fd\u0131r\u0131lmas\u0131 qaydalar\u0131 haqq\u0131nda \u018fsasnam\u0259\u201dd\u0259 d\u0259yi\u015fiklik edilm\u0259si bar\u0259d\u0259 30 oktyabr 2015-ci il tarixd\u0259 \u00a0S\u0259r\u0259ncam imzalay\u0131b. S\u0259r\u0259ncamda deyilir: Az\u0259rbaycan Respublikas\u0131 Konstitusiyas\u0131n\u0131n 109-cu\u00a0 madd\u0259sinin 19-cu b\u0259ndini r\u0259hb\u0259r tutaraq, \u201cB\u0259l\u0259diyy\u0259 torpaqlar\u0131n\u0131n idar\u0259 edilm\u0259si haqq\u0131nda\u201d Az\u0259rbaycan Respublikas\u0131n\u0131n Qanununda d\u0259yi\u015fiklik edilm\u0259si bar\u0259d\u0259\u201d Az\u0259rbaycan Respublikas\u0131n\u0131n 2015-ci il 30 sentyabr tarixli 1327-IVQD n\u00f6mr\u0259li [&hellip;]<\/p>\n","protected":false},"author":1,"featured_media":0,"comment_status":"closed","ping_status":"closed","sticky":false,"template":"","format":"standard","meta":{"footnotes":""},"categories":[5,4],"tags":[],"class_list":["post-878","post","type-post","status-publish","format-standard","hentry","category-xeberler","category-gorulen-ishler"],"_links":{"self":[{"href":"http:\/\/belediyye.az\/resulzade\/wp-json\/wp\/v2\/posts\/878","targetHints":{"allow":["GET"]}}],"collection":[{"href":"http:\/\/belediyye.az\/resulzade\/wp-json\/wp\/v2\/posts"}],"about":[{"href":"http:\/\/belediyye.az\/resulzade\/wp-json\/wp\/v2\/types\/post"}],"author":[{"embeddable":true,"href":"http:\/\/belediyye.az\/resulzade\/wp-json\/wp\/v2\/users\/1"}],"replies":[{"embeddable":true,"href":"http:\/\/belediyye.az\/resulzade\/wp-json\/wp\/v2\/comments?post=878"}],"version-history":[{"count":6,"href":"http:\/\/belediyye.az\/resulzade\/wp-json\/wp\/v2\/posts\/878\/revisions"}],"predecessor-version":[{"id":903,"href":"http:\/\/belediyye.az\/resulzade\/wp-json\/wp\/v2\/posts\/878\/revisions\/903"}],"wp:attachment":[{"href":"http:\/\/belediyye.az\/resulzade\/wp-json\/wp\/v2\/media?parent=878"}],"wp:term":[{"taxonomy":"category","embeddable":true,"href":"http:\/\/belediyye.az\/resulzade\/wp-json\/wp\/v2\/categories?post=878"},{"taxonomy":"post_tag","embeddable":true,"href":"http:\/\/belediyye.az\/resulzade\/wp-json\/wp\/v2\/tags?post=878"}],"curies":[{"name":"wp","href":"https:\/\/api.w.org\/{rel}","templated":true}]}}