{"id":855,"date":"2015-10-13T09:37:10","date_gmt":"2015-10-13T05:37:10","guid":{"rendered":"http:\/\/belediyye.az\/resulzade\/?p=855"},"modified":"2015-10-13T09:37:10","modified_gmt":"2015-10-13T05:37:10","slug":"idar%c9%99cilik-akademiyasinda-b%c9%99l%c9%99diyy%c9%99l%c9%99r-maarifl%c9%99ndirilir","status":"publish","type":"post","link":"http:\/\/belediyye.az\/resulzade\/idar%c9%99cilik-akademiyasinda-b%c9%99l%c9%99diyy%c9%99l%c9%99r-maarifl%c9%99ndirilir\/","title":{"rendered":"\u0130dar\u0259\u00e7ilik Akademiyas\u0131nda b\u0259l\u0259diyy\u0259l\u0259r maarifl\u0259ndirilir"},"content":{"rendered":"<p style=\"text-align: justify;\">\n<p><a href=\"http:\/\/belediyye.az\/resulzade\/wp-content\/uploads\/2015\/10\/telim.jpg\"><img loading=\"lazy\" decoding=\"async\" class=\"size-full wp-image-857 aligncenter\" alt=\"telim\" src=\"http:\/\/belediyye.az\/resulzade\/wp-content\/uploads\/2015\/10\/telim.jpg\" width=\"448\" height=\"299\" srcset=\"http:\/\/belediyye.az\/resulzade\/wp-content\/uploads\/2015\/10\/telim.jpg 448w, http:\/\/belediyye.az\/resulzade\/wp-content\/uploads\/2015\/10\/telim-300x200.jpg 300w, http:\/\/belediyye.az\/resulzade\/wp-content\/uploads\/2015\/10\/telim-82x55.jpg 82w, http:\/\/belediyye.az\/resulzade\/wp-content\/uploads\/2015\/10\/telim-120x80.jpg 120w\" sizes=\"auto, (max-width: 448px) 100vw, 448px\" \/><\/a><\/p>\n<p style=\"text-align: justify;\">Az\u0259rbaycan Respublikas\u0131 Prezidenti yan\u0131nda D\u00f6vl\u0259t \u0130dar\u0259\u00e7ilik Akademiyas\u0131n\u0131n R\u0259hb\u0259r kadrlar\u0131n fasil\u0259siz t\u0259hsili m\u0259rk\u0259zi \u201cB\u0259l\u0259diyy\u0259 idar\u0259\u00e7iliyinin aktual probleml\u0259ri\u201d istiqam\u0259tinin ixtisasart\u0131rma n\u00f6v\u00fc \u00fczr\u0259 \u0259lav\u0259 t\u0259hsil kursunun ilk burax\u0131l\u0131\u015f\u0131n\u0131n d\u0259rsl\u0259rin\u0259 start verilib.<\/p>\n<p style=\"text-align: justify;\">\n<p style=\"text-align: justify;\">Qrupun ilk d\u0259rsind\u0259 i\u015ftirak\u00e7\u0131lar\u0131 salamlayan akademiyan\u0131n prorektoru \u018flikram Abdullayev b\u0259l\u0259diyy\u0259 \u00fczvl\u0259rinin maarifl\u0259ndirilm\u0259sind\u0259\u00a0 bu kimi kurslar\u0131n\u0131n \u00f6n\u0259mli rolu oldu\u011funu dil\u0259 g\u0259tir\u0259r\u0259k g\u0259l\u0259c\u0259kd\u0259 d\u0259 akademiyan\u0131n bu istiqam\u0259td\u0259 \u00f6z t\u00f6hv\u0259sini ver\u0259c\u0259yinin\u00a0 bildirib.<\/p>\n<p style=\"text-align: justify;\">\n<p style=\"text-align: justify;\">\u018fdliyy\u0259 Nazirliyinin B\u0259l\u0259diyy\u0259l\u0259rl\u0259 \u0130\u015f m\u0259rk\u0259zinin r\u0259isi Mehdi S\u0259limzad\u0259 \u201cB\u0259l\u0259diyy\u0259l\u0259rin inki\u015faf strategiyas\u0131n\u0131n\u00a0 haz\u0131rlnmas\u0131 v\u0259 realla\u015fd\u0131rl\u0131mas\u0131nda sosial t\u0259r\u0259fda\u015fl\u0131q sisteminin rolu v\u0259 \u0259h\u0259miyy\u0259ti\u201d m\u00f6vzusunda m\u00fchazir\u0259 oxuyub.<\/p>\n<p style=\"text-align: justify;\">\n<p style=\"text-align: justify;\">M\u0259ruz\u0259sind\u0259 M.S\u0259limzad\u0259 d\u00f6vl\u0259tin b\u0259l\u0259diyy\u0259l\u0259rin inki\u015faf\u0131na ciddi \u015f\u0259kild\u0259 diqq\u0259t yetirdiyini dil\u0259 g\u0259tir\u0259r\u0259k, q\u0259bul edil\u0259n h\u00fcquqi s\u0259n\u0259dl\u0259rin h\u0259r\u00a0 birinin m\u00fch\u00fcm \u0259h\u0259miyy\u0259t k\u0259sb etdiyini qeyd edib. Onun s\u00f6zl\u0259rin\u0259 g\u00f6r\u0259, ist\u0259r \u015f\u0259ffafl\u0131\u011f\u0131n t\u0259min edilm\u0259sind\u0259, ist\u0259rs\u0259 d\u0259 maliyy\u0259 g\u0259lirl\u0259rinin art\u0131r\u0131lmas\u0131nda\u00a0 c\u0259nab prezident t\u0259r\u0259find\u0259n q\u0259bul edil\u0259n s\u0259n\u0259dl\u0259rd\u0259n bu g\u00fcn b\u0259l\u0259diyy\u0259l\u0259r kifay\u0259t q\u0259d\u0259r yaralana bilirl\u0259r.<\/p>\n<p style=\"text-align: justify;\">\n<p style=\"text-align: justify;\">Bununla yana\u015f\u0131 etiraf edilm\u0259ldir ki, b\u0259l\u0259diyy\u0259 sisteminin bir s\u0131ra probleml\u0259ri var v\u0259 bu probleml\u0259rin h\u0259llind\u0259 b\u0259l\u0259diyy\u0259 s\u0259drl\u0259ri f\u0259al olmal\u0131\u00a0 v\u0259 h\u0259r bir poriblemin ictimal\u0259\u015fdirilm\u0259sin\u0259, o c\u00fcml\u0259d\u0259n f\u0259aliyy\u0259tin t\u0259bli\u011fin\u0259 ciddi diqq\u0259t yetirm\u0259lidirl\u0259r.<\/p>\n<p style=\"text-align: justify;\">\n<p style=\"text-align: justify;\">Sonda M.S\u0259limzad\u0259 b\u0259l\u0259diyy\u0259 s\u0259drl\u0259rinin maraqland\u0131ran suallar\u0131 cavabland\u0131r\u0131b.<\/p>\n<p style=\"text-align: justify;\">\n<p style=\"text-align: justify;\">Qeyd ed\u0259k kursda T\u0259rt\u0259r, Goranboy, Tovuz, Yevlax, Siy\u0259z\u0259n v\u0259 \u015eabran rayonlar\u0131ndan olan 30 b\u0259l\u0259diyy\u0259\u00a0 s\u0259dri i\u015ftirak edir.\u00a0 Kurs 16 oktyabr yekunla\u015facaq v\u0259 m\u00fcdaviml\u0259r\u0259 sertifikatlar veril\u0259c\u0259kdir.<\/p>\n<p style=\"text-align: justify;\">\n<p style=\"text-align: justify;\">Belediyye.info<\/p>\n","protected":false},"excerpt":{"rendered":"<p>Az\u0259rbaycan Respublikas\u0131 Prezidenti yan\u0131nda D\u00f6vl\u0259t \u0130dar\u0259\u00e7ilik Akademiyas\u0131n\u0131n R\u0259hb\u0259r kadrlar\u0131n fasil\u0259siz t\u0259hsili m\u0259rk\u0259zi \u201cB\u0259l\u0259diyy\u0259 idar\u0259\u00e7iliyinin aktual probleml\u0259ri\u201d istiqam\u0259tinin ixtisasart\u0131rma n\u00f6v\u00fc \u00fczr\u0259 \u0259lav\u0259 t\u0259hsil kursunun ilk burax\u0131l\u0131\u015f\u0131n\u0131n d\u0259rsl\u0259rin\u0259 start verilib. Qrupun ilk d\u0259rsind\u0259 i\u015ftirak\u00e7\u0131lar\u0131 salamlayan akademiyan\u0131n prorektoru \u018flikram Abdullayev b\u0259l\u0259diyy\u0259 \u00fczvl\u0259rinin maarifl\u0259ndirilm\u0259sind\u0259\u00a0 bu kimi kurslar\u0131n\u0131n \u00f6n\u0259mli rolu oldu\u011funu dil\u0259 g\u0259tir\u0259r\u0259k g\u0259l\u0259c\u0259kd\u0259 d\u0259 akademiyan\u0131n bu istiqam\u0259td\u0259 \u00f6z t\u00f6hv\u0259sini [&hellip;]<\/p>\n","protected":false},"author":1,"featured_media":0,"comment_status":"closed","ping_status":"closed","sticky":false,"template":"","format":"standard","meta":{"footnotes":""},"categories":[5,4],"tags":[],"class_list":["post-855","post","type-post","status-publish","format-standard","hentry","category-xeberler","category-gorulen-ishler"],"_links":{"self":[{"href":"http:\/\/belediyye.az\/resulzade\/wp-json\/wp\/v2\/posts\/855","targetHints":{"allow":["GET"]}}],"collection":[{"href":"http:\/\/belediyye.az\/resulzade\/wp-json\/wp\/v2\/posts"}],"about":[{"href":"http:\/\/belediyye.az\/resulzade\/wp-json\/wp\/v2\/types\/post"}],"author":[{"embeddable":true,"href":"http:\/\/belediyye.az\/resulzade\/wp-json\/wp\/v2\/users\/1"}],"replies":[{"embeddable":true,"href":"http:\/\/belediyye.az\/resulzade\/wp-json\/wp\/v2\/comments?post=855"}],"version-history":[{"count":2,"href":"http:\/\/belediyye.az\/resulzade\/wp-json\/wp\/v2\/posts\/855\/revisions"}],"predecessor-version":[{"id":859,"href":"http:\/\/belediyye.az\/resulzade\/wp-json\/wp\/v2\/posts\/855\/revisions\/859"}],"wp:attachment":[{"href":"http:\/\/belediyye.az\/resulzade\/wp-json\/wp\/v2\/media?parent=855"}],"wp:term":[{"taxonomy":"category","embeddable":true,"href":"http:\/\/belediyye.az\/resulzade\/wp-json\/wp\/v2\/categories?post=855"},{"taxonomy":"post_tag","embeddable":true,"href":"http:\/\/belediyye.az\/resulzade\/wp-json\/wp\/v2\/tags?post=855"}],"curies":[{"name":"wp","href":"https:\/\/api.w.org\/{rel}","templated":true}]}}