{"id":833,"date":"2015-09-22T09:05:26","date_gmt":"2015-09-22T05:05:26","guid":{"rendered":"http:\/\/belediyye.az\/resulzade\/?p=833"},"modified":"2015-09-23T09:05:49","modified_gmt":"2015-09-23T05:05:49","slug":"qadin-b%c9%99l%c9%99diyy%c9%99-uzvl%c9%99ri-regional-seminarda-istirak-edib","status":"publish","type":"post","link":"http:\/\/belediyye.az\/resulzade\/qadin-b%c9%99l%c9%99diyy%c9%99-uzvl%c9%99ri-regional-seminarda-istirak-edib\/","title":{"rendered":"Qad\u0131n b\u0259l\u0259diyy\u0259 \u00fczvl\u0259ri regional seminarda i\u015ftirak edib"},"content":{"rendered":"<p align=\"center\"><a href=\"http:\/\/belediyye.az\/resulzade\/wp-content\/uploads\/2015\/09\/Resulzade-belediyyesi.jpg\"><img loading=\"lazy\" decoding=\"async\" class=\"size-full wp-image-834 aligncenter\" alt=\"Resulzade belediyyesi\" src=\"http:\/\/belediyye.az\/resulzade\/wp-content\/uploads\/2015\/09\/Resulzade-belediyyesi.jpg\" width=\"960\" height=\"720\" srcset=\"http:\/\/belediyye.az\/resulzade\/wp-content\/uploads\/2015\/09\/Resulzade-belediyyesi.jpg 960w, http:\/\/belediyye.az\/resulzade\/wp-content\/uploads\/2015\/09\/Resulzade-belediyyesi-300x225.jpg 300w, http:\/\/belediyye.az\/resulzade\/wp-content\/uploads\/2015\/09\/Resulzade-belediyyesi-73x55.jpg 73w, http:\/\/belediyye.az\/resulzade\/wp-content\/uploads\/2015\/09\/Resulzade-belediyyesi-75x55.jpg 75w, http:\/\/belediyye.az\/resulzade\/wp-content\/uploads\/2015\/09\/Resulzade-belediyyesi-60x45.jpg 60w\" sizes=\"auto, (max-width: 960px) 100vw, 960px\" \/><\/a><\/p>\n<p style=\"text-align: justify;\">15-16 sentyabr 2015-ci il tarixind\u0259 Almaniya Beyn\u0259lxalq \u018fm\u0259kda\u015fl\u0131q C\u0259miyy\u0259ti (G\u0130Z) t\u0259r\u0259find\u0259n Tiflis \u015f\u0259h\u0259rind\u0259 qad\u0131n b\u0259l\u0259diyy\u0259 \u00fczvl\u0259ri \u00fc\u00e7\u00fcn \u201cYerli \u00f6z\u00fcn\u00fcidar\u0259etm\u0259d\u0259 layih\u0259l\u0259rin idar\u0259edilm\u0259si\u201d m\u00f6vzusunda regional seminar ke\u00e7irilmi\u015fdir.<\/p>\n<p style=\"text-align: justify;\">Seminarda Almaniya Beyn\u0259lxalq \u018fm\u0259kda\u015fl\u0131q C\u0259miyy\u0259tinin C\u0259nubi Qafqazda Yerli \u00f6z\u00fcn\u00fcidar\u0259etm\u0259 layih\u0259sinin r\u0259hb\u0259ri Petra Stremplant, Avropan\u0131n Siyas\u0259t v\u0259 Biznes Qad\u0131nlar\u0131 Universitetinin ba\u015f m\u0259sl\u0259h\u0259t\u00e7isi Manuella M\u00f6ller\u00a0 qad\u0131nlar\u0131n c\u0259miyy\u0259td\u0259 v\u0259 siyas\u0259td\u0259 i\u015ftirak\u00e7\u0131l\u0131\u011f\u0131ndan dan\u0131\u015fm\u0131\u015f, seminar\u0131n m\u0259qs\u0259di v\u0259 v\u0259zif\u0259l\u0259ri haqq\u0131nda m\u0259lumat vermi\u015f, bu kimi t\u0259dbirl\u0259rin b\u0259l\u0259diyy\u0259l\u0259rin f\u0259aliyy\u0259tin\u0259 v\u0259 inki\u015faf\u0131na d\u0259st\u0259k xarakteri da\u015f\u0131d\u0131\u011f\u0131n\u0131 vur\u011fulam\u0131\u015flar.<\/p>\n<p style=\"text-align: justify;\">Seminarda b\u0259l\u0259diyy\u0259 s\u0259viyy\u0259sind\u0259 layih\u0259l\u0259r, layih\u0259l\u0259rin idar\u0259 olunmas\u0131, \u0259sas s\u0259n\u0259dl\u0259r, icra plan\u0131, monitorinq v\u0259 qiym\u0259tl\u0259ndirm\u0259 m\u00f6vzular\u0131nda m\u00fczakir\u0259l\u0259r apar\u0131lm\u0131\u015f, o c\u00fcml\u0259d\u0259n maliyy\u0259l\u0259\u015fdirm\u0259 imkanlar\u0131 m\u0259s\u0259l\u0259l\u0259rin\u0259 toxunulmu\u015fdur.<\/p>\n<p style=\"text-align: justify;\">Qeyd ed\u0259k ki, h\u0259r \u00fc\u00e7 Qafqaz \u00f6lk\u0259sinin qat\u0131ld\u0131\u011f\u0131 regional seminarda Az\u0259rbaycan\u0131 15 n\u0259f\u0259rlik n\u00fcmay\u0259nd\u0259 hey\u0259ti t\u0259msil etmi\u015fdir. Seminarda Bin\u0259q\u0259di rayonundan Bin\u0259q\u0259di B\u0259l\u0259diyy\u0259sinin s\u0259dr m\u00fcavini Fir\u0259ngiz Qayayeva, M.\u018f.R\u0259sulzad\u0259 B\u0259l\u0259diyy\u0259sinin Yerli sosial m\u0259s\u0259l\u0259l\u0259r daimi komissiyas\u0131n\u0131n s\u0259dri Jal\u0259 Tofiqq\u0131z\u0131 i\u015ftirak etmi\u015fl\u0259r.<\/p>\n","protected":false},"excerpt":{"rendered":"<p>15-16 sentyabr 2015-ci il tarixind\u0259 Almaniya Beyn\u0259lxalq \u018fm\u0259kda\u015fl\u0131q C\u0259miyy\u0259ti (G\u0130Z) t\u0259r\u0259find\u0259n Tiflis \u015f\u0259h\u0259rind\u0259 qad\u0131n b\u0259l\u0259diyy\u0259 \u00fczvl\u0259ri \u00fc\u00e7\u00fcn \u201cYerli \u00f6z\u00fcn\u00fcidar\u0259etm\u0259d\u0259 layih\u0259l\u0259rin idar\u0259edilm\u0259si\u201d m\u00f6vzusunda regional seminar ke\u00e7irilmi\u015fdir. Seminarda Almaniya Beyn\u0259lxalq \u018fm\u0259kda\u015fl\u0131q C\u0259miyy\u0259tinin C\u0259nubi Qafqazda Yerli \u00f6z\u00fcn\u00fcidar\u0259etm\u0259 layih\u0259sinin r\u0259hb\u0259ri Petra Stremplant, Avropan\u0131n Siyas\u0259t v\u0259 Biznes Qad\u0131nlar\u0131 Universitetinin ba\u015f m\u0259sl\u0259h\u0259t\u00e7isi Manuella M\u00f6ller\u00a0 qad\u0131nlar\u0131n c\u0259miyy\u0259td\u0259 v\u0259 siyas\u0259td\u0259 i\u015ftirak\u00e7\u0131l\u0131\u011f\u0131ndan dan\u0131\u015fm\u0131\u015f, seminar\u0131n [&hellip;]<\/p>\n","protected":false},"author":1,"featured_media":0,"comment_status":"closed","ping_status":"closed","sticky":false,"template":"","format":"standard","meta":{"footnotes":""},"categories":[5,1,4],"tags":[],"class_list":["post-833","post","type-post","status-publish","format-standard","hentry","category-xeberler","category-fealiyyetlerimiz","category-gorulen-ishler"],"_links":{"self":[{"href":"http:\/\/belediyye.az\/resulzade\/wp-json\/wp\/v2\/posts\/833","targetHints":{"allow":["GET"]}}],"collection":[{"href":"http:\/\/belediyye.az\/resulzade\/wp-json\/wp\/v2\/posts"}],"about":[{"href":"http:\/\/belediyye.az\/resulzade\/wp-json\/wp\/v2\/types\/post"}],"author":[{"embeddable":true,"href":"http:\/\/belediyye.az\/resulzade\/wp-json\/wp\/v2\/users\/1"}],"replies":[{"embeddable":true,"href":"http:\/\/belediyye.az\/resulzade\/wp-json\/wp\/v2\/comments?post=833"}],"version-history":[{"count":3,"href":"http:\/\/belediyye.az\/resulzade\/wp-json\/wp\/v2\/posts\/833\/revisions"}],"predecessor-version":[{"id":837,"href":"http:\/\/belediyye.az\/resulzade\/wp-json\/wp\/v2\/posts\/833\/revisions\/837"}],"wp:attachment":[{"href":"http:\/\/belediyye.az\/resulzade\/wp-json\/wp\/v2\/media?parent=833"}],"wp:term":[{"taxonomy":"category","embeddable":true,"href":"http:\/\/belediyye.az\/resulzade\/wp-json\/wp\/v2\/categories?post=833"},{"taxonomy":"post_tag","embeddable":true,"href":"http:\/\/belediyye.az\/resulzade\/wp-json\/wp\/v2\/tags?post=833"}],"curies":[{"name":"wp","href":"https:\/\/api.w.org\/{rel}","templated":true}]}}