{"id":715,"date":"2015-05-29T09:56:08","date_gmt":"2015-05-29T05:56:08","guid":{"rendered":"http:\/\/belediyye.az\/resulzade\/?p=715"},"modified":"2015-05-29T09:56:08","modified_gmt":"2015-05-29T05:56:08","slug":"b%c9%99l%c9%99diyy%c9%99l%c9%99rin-%c9%99razil%c9%99ri-v%c9%99-torpaqlari-haqqinda-qanuna-d%c9%99yisiklikl%c9%99r-milli-m%c9%99clisd%c9%99-muzakir%c9%99-olunacaq","status":"publish","type":"post","link":"http:\/\/belediyye.az\/resulzade\/b%c9%99l%c9%99diyy%c9%99l%c9%99rin-%c9%99razil%c9%99ri-v%c9%99-torpaqlari-haqqinda-qanuna-d%c9%99yisiklikl%c9%99r-milli-m%c9%99clisd%c9%99-muzakir%c9%99-olunacaq\/","title":{"rendered":"\u201cB\u0259l\u0259diyy\u0259l\u0259rin \u0259razil\u0259ri v\u0259  torpaqlar\u0131 haqq\u0131nda\u201d qanuna d\u0259yi\u015fiklikl\u0259r  Milli M\u0259clisd\u0259 m\u00fczakir\u0259 olunacaq"},"content":{"rendered":"<p><a href=\"http:\/\/belediyye.az\/resulzade\/wp-content\/uploads\/2015\/05\/milli-meclis.jpg\"><img loading=\"lazy\" decoding=\"async\" class=\"size-full wp-image-716 aligncenter\" alt=\"milli meclis\" src=\"http:\/\/belediyye.az\/resulzade\/wp-content\/uploads\/2015\/05\/milli-meclis.jpg\" width=\"800\" height=\"450\" srcset=\"http:\/\/belediyye.az\/resulzade\/wp-content\/uploads\/2015\/05\/milli-meclis.jpg 800w, http:\/\/belediyye.az\/resulzade\/wp-content\/uploads\/2015\/05\/milli-meclis-300x168.jpg 300w, http:\/\/belediyye.az\/resulzade\/wp-content\/uploads\/2015\/05\/milli-meclis-97x55.jpg 97w\" sizes=\"auto, (max-width: 800px) 100vw, 800px\" \/><\/a><\/p>\n<p>&nbsp;<\/p>\n<p>Bu g\u00fcn Milli M\u0259clisin yaz sessiyas\u0131n\u0131n sonuncu iclas\u0131 ke\u00e7iril\u0259c\u0259k. Bununla da mill\u0259t v\u0259kill\u0259ri t\u0259til\u0259 \u00e7\u0131xacaqlar. Parlamentin bug\u00fcnk\u00fc iclas\u0131n\u0131n g\u00fcnd\u0259liyin\u0259 18 m\u0259s\u0259l\u0259 daxil edilib. Mill\u0259t v\u0259kill\u0259rinin m\u00fczakir\u0259sind\u0259 &#8220;B\u0259l\u0259diyy\u0259l\u0259rin \u0259razil\u0259ri v\u0259 torpaqlar\u0131 haqq\u0131nda&#8221; Az\u0259rbaycan Respublikas\u0131n\u0131n Qanununa \u0259lav\u0259 edilmi\u015f d\u0259yi\u015fiklikl\u0259r d\u0259 olacaqd\u0131r.<\/p>\n<p>&nbsp;<\/p>\n<p>1. \u0130ctimai Televiziya v\u0259 Radio Yay\u0131mlar\u0131 \u015eirk\u0259ti Yay\u0131m \u015euras\u0131n\u0131n t\u0259rkibind\u0259 d\u0259yi\u015fiklikl\u0259r edilm\u0259si haqq\u0131nda<\/p>\n<p>&nbsp;<\/p>\n<p>2. &#8220;Az\u0259rbaycan Respublikas\u0131n\u0131n 2014-c\u00fc il d\u00f6vl\u0259t b\u00fcdc\u0259sinin icras\u0131 haqq\u0131nda&#8221; Az\u0259rbaycan Respublikas\u0131 qanununun layih\u0259si bar\u0259d\u0259<\/p>\n<p>&nbsp;<\/p>\n<p>3. &#8220;Az\u0259rbaycan Respublikas\u0131 il\u0259 T\u00fcrkiy\u0259 Respublikas\u0131 aras\u0131nda Y\u00fcks\u0259k S\u0259viyy\u0259li Strateji \u018fm\u0259kda\u015fl\u0131q \u015euras\u0131n\u0131n 15 yanvar 2015-ci il tarixind\u0259 ke\u00e7irilmi\u015f d\u00f6rd\u00fcnc\u00fc iclas\u0131n\u0131n n\u0259tic\u0259l\u0259rin\u0259 dair&#8221; Birg\u0259 B\u0259yanat\u0131n t\u0259sdiq edilm\u0259si haqq\u0131nda Az\u0259rbaycan Respublikas\u0131 qanununun layih\u0259si bar\u0259d\u0259<\/p>\n<p>&nbsp;<\/p>\n<p>4. &#8220;Az\u0259rbaycan Respublikas\u0131 il\u0259 Pakistan \u0130slam Respublikas\u0131 aras\u0131nda strateji t\u0259r\u0259fda\u015fl\u0131q haqq\u0131nda&#8221; Birg\u0259 B\u0259yannam\u0259nin t\u0259sdiq edilm\u0259si haqq\u0131nda Az\u0259rbaycan Respublikas\u0131 qanununun layih\u0259si bar\u0259d\u0259<\/p>\n<p>&nbsp;<\/p>\n<p>5. &#8220;Az\u0259rbaycan Respublikas\u0131 il\u0259 Pakistan \u0130slam Respublikas\u0131 aras\u0131nda m\u0259hkumlar\u0131n verilm\u0259si haqq\u0131nda&#8221; Sazi\u015fin t\u0259sdiq edilm\u0259si bar\u0259d\u0259 Az\u0259rbaycan Respublikas\u0131 qanununun layih\u0259si haqq\u0131nda<\/p>\n<p>&nbsp;<\/p>\n<p>6. &#8220;D\u00f6vl\u0259tl\u0259raras\u0131 Valyuta Komit\u0259sinin yarad\u0131lmas\u0131 haqq\u0131nda 1995-ci il 26 may tarixli Sazi\u015fin q\u00fcvv\u0259sinin dayand\u0131r\u0131lmas\u0131 bar\u0259d\u0259 Protokol&#8221;un t\u0259sdiq edilm\u0259si haqq\u0131nda Az\u0259rbaycan Respublikas\u0131 qanununun layih\u0259si bar\u0259d\u0259<\/p>\n<p>&nbsp;<\/p>\n<p>7. &#8220;Yol h\u0259r\u0259k\u0259ti haqq\u0131nda&#8221; Az\u0259rbaycan Respublikas\u0131n\u0131n Qanununda d\u0259yi\u015fiklikl\u0259r edilm\u0259si bar\u0259d\u0259 Az\u0259rbaycan Respublikas\u0131 qanununun layih\u0259si haqq\u0131nda<\/p>\n<p>&nbsp;<\/p>\n<p>8. &#8220;\u00d6lk\u0259d\u0259n getm\u0259k, \u00f6lk\u0259y\u0259 g\u0259lm\u0259k v\u0259 pasportlar haqq\u0131nda&#8221; Az\u0259rbaycan Respublikas\u0131n\u0131n Qanununda d\u0259yi\u015fiklikl\u0259r edilm\u0259si bar\u0259d\u0259&#8221; Az\u0259rbaycan Respublikas\u0131n\u0131n 2013-c\u00fc il 19 aprel tarixli 616-IVQD n\u00f6mr\u0259li Qanununda d\u0259yi\u015fiklik edilm\u0259si haqq\u0131nda Az\u0259rbaycan Respublikas\u0131 qanununun layih\u0259si bar\u0259d\u0259<\/p>\n<p>&nbsp;<\/p>\n<p>9. &#8220;Pasportlar haqq\u0131nda&#8221; Az\u0259rbaycan Respublikas\u0131n\u0131n Qanununda d\u0259yi\u015fiklik edilm\u0259si bar\u0259d\u0259 Az\u0259rbaycan Respublikas\u0131 qanununun layih\u0259si haqq\u0131nda<\/p>\n<p>&nbsp;<\/p>\n<p>10. Az\u0259rbaycan Respublikas\u0131n\u0131n Miqrasiya M\u0259c\u0259ll\u0259sind\u0259 d\u0259yi\u015fiklikl\u0259r edilm\u0259si haqq\u0131nda Az\u0259rbaycan Respublikas\u0131 qanununun layih\u0259si bar\u0259d\u0259<\/p>\n<p>&nbsp;<\/p>\n<p>11. Az\u0259rbaycan Respublikas\u0131n\u0131n Cinay\u0259t M\u0259c\u0259ll\u0259sind\u0259 d\u0259yi\u015fiklikl\u0259r edilm\u0259si haqq\u0131nda Az\u0259rbaycan Respublikas\u0131 qanununun layih\u0259si bar\u0259d\u0259<\/p>\n<p>&nbsp;<\/p>\n<p>12. Az\u0259rbaycan Respublikas\u0131n\u0131n \u0130nzibati X\u0259talar M\u0259c\u0259ll\u0259sind\u0259 d\u0259yi\u015fiklikl\u0259r edilm\u0259si haqq\u0131nda Az\u0259rbaycan Respublikas\u0131 qanununun layih\u0259si bar\u0259d\u0259<\/p>\n<p>&nbsp;<\/p>\n<p>13. Az\u0259rbaycan Respublikas\u0131n\u0131n Cinay\u0259t M\u0259c\u0259ll\u0259sind\u0259 d\u0259yi\u015fiklik edilm\u0259si haqq\u0131nda Az\u0259rbaycan Respublikas\u0131 qanununun layih\u0259si bar\u0259d\u0259<\/p>\n<p>&nbsp;<\/p>\n<p>14. &#8220;M\u00fchasibat u\u00e7otu haqq\u0131nda&#8221; Az\u0259rbaycan Respublikas\u0131n\u0131n Qanununda d\u0259yi\u015fiklik edilm\u0259si bar\u0259d\u0259 Az\u0259rbaycan Respublikas\u0131 qanununun layih\u0259si haqq\u0131nda<\/p>\n<p>&nbsp;<\/p>\n<p>15. Az\u0259rbaycan Respublikas\u0131n\u0131n A\u011fcab\u0259di, A\u011fdam, A\u011fda\u015f, Astara, B\u0259rd\u0259, C\u0259lilabad, G\u0259d\u0259b\u0259y, G\u00f6y\u00e7ay, Xa\u00e7maz, \u0130smay\u0131ll\u0131, K\u0259lb\u0259c\u0259r, K\u00fcrd\u0259mir, Quba, La\u00e7\u0131n, T\u0259rt\u0259r, Ucar v\u0259 Zaqatala rayonlar\u0131n\u0131n b\u0259zi k\u0259ndl\u0259rinin adlar\u0131n\u0131n d\u0259yi\u015fdirilm\u0259si bar\u0259d\u0259 Az\u0259rbaycan Respublikas\u0131 qanununun layih\u0259si haqq\u0131nda<\/p>\n<p>&nbsp;<\/p>\n<p>16. &#8220;B\u0259l\u0259diyy\u0259l\u0259rin \u0259razil\u0259ri v\u0259 torpaqlar\u0131 haqq\u0131nda&#8221; Az\u0259rbaycan Respublikas\u0131n\u0131n Qanununa \u0259lav\u0259 edilmi\u015f &#8220;Az\u0259rbaycan Respublikas\u0131nda b\u0259l\u0259diyy\u0259l\u0259rin siyah\u0131s\u0131&#8221;nda d\u0259yi\u015fiklikl\u0259r edilm\u0259si bar\u0259d\u0259 Az\u0259rbaycan Respublikas\u0131 qanununun layih\u0259si haqq\u0131nda<\/p>\n<p>&nbsp;<\/p>\n<p>17. &#8220;H\u0259rbi v\u0259zif\u0259 v\u0259 h\u0259rbi xidm\u0259t haqq\u0131nda&#8221; Az\u0259rbaycan Respublikas\u0131n\u0131n Qanununda d\u0259yi\u015fiklik edilm\u0259si bar\u0259d\u0259 Az\u0259rbaycan Respublikas\u0131 qanununun layih\u0259si haqq\u0131nda<\/p>\n<p>&nbsp;<\/p>\n<p>18. &#8220;Avtomobil n\u0259qliyyat\u0131 haqq\u0131nda&#8221; Az\u0259rbaycan Respublikas\u0131n\u0131n Qanununda d\u0259yi\u015fiklikl\u0259r edilm\u0259si bar\u0259d\u0259 Az\u0259rbaycan Respublikas\u0131 qanununun layih\u0259si haqq\u0131nda<\/p>\n<p>&nbsp;<\/p>\n<p>AzVision.az<\/p>\n<p>&nbsp;<\/p>\n<p>&nbsp;<\/p>\n","protected":false},"excerpt":{"rendered":"<p>&nbsp; Bu g\u00fcn Milli M\u0259clisin yaz sessiyas\u0131n\u0131n sonuncu iclas\u0131 ke\u00e7iril\u0259c\u0259k. Bununla da mill\u0259t v\u0259kill\u0259ri t\u0259til\u0259 \u00e7\u0131xacaqlar. Parlamentin bug\u00fcnk\u00fc iclas\u0131n\u0131n g\u00fcnd\u0259liyin\u0259 18 m\u0259s\u0259l\u0259 daxil edilib. Mill\u0259t v\u0259kill\u0259rinin m\u00fczakir\u0259sind\u0259 &#8220;B\u0259l\u0259diyy\u0259l\u0259rin \u0259razil\u0259ri v\u0259 torpaqlar\u0131 haqq\u0131nda&#8221; Az\u0259rbaycan Respublikas\u0131n\u0131n Qanununa \u0259lav\u0259 edilmi\u015f d\u0259yi\u015fiklikl\u0259r d\u0259 olacaqd\u0131r. &nbsp; 1. \u0130ctimai Televiziya v\u0259 Radio Yay\u0131mlar\u0131 \u015eirk\u0259ti Yay\u0131m \u015euras\u0131n\u0131n t\u0259rkibind\u0259 d\u0259yi\u015fiklikl\u0259r edilm\u0259si haqq\u0131nda &nbsp; [&hellip;]<\/p>\n","protected":false},"author":1,"featured_media":0,"comment_status":"closed","ping_status":"closed","sticky":false,"template":"","format":"standard","meta":{"footnotes":""},"categories":[5,4],"tags":[],"class_list":["post-715","post","type-post","status-publish","format-standard","hentry","category-xeberler","category-gorulen-ishler"],"_links":{"self":[{"href":"http:\/\/belediyye.az\/resulzade\/wp-json\/wp\/v2\/posts\/715","targetHints":{"allow":["GET"]}}],"collection":[{"href":"http:\/\/belediyye.az\/resulzade\/wp-json\/wp\/v2\/posts"}],"about":[{"href":"http:\/\/belediyye.az\/resulzade\/wp-json\/wp\/v2\/types\/post"}],"author":[{"embeddable":true,"href":"http:\/\/belediyye.az\/resulzade\/wp-json\/wp\/v2\/users\/1"}],"replies":[{"embeddable":true,"href":"http:\/\/belediyye.az\/resulzade\/wp-json\/wp\/v2\/comments?post=715"}],"version-history":[{"count":2,"href":"http:\/\/belediyye.az\/resulzade\/wp-json\/wp\/v2\/posts\/715\/revisions"}],"predecessor-version":[{"id":718,"href":"http:\/\/belediyye.az\/resulzade\/wp-json\/wp\/v2\/posts\/715\/revisions\/718"}],"wp:attachment":[{"href":"http:\/\/belediyye.az\/resulzade\/wp-json\/wp\/v2\/media?parent=715"}],"wp:term":[{"taxonomy":"category","embeddable":true,"href":"http:\/\/belediyye.az\/resulzade\/wp-json\/wp\/v2\/categories?post=715"},{"taxonomy":"post_tag","embeddable":true,"href":"http:\/\/belediyye.az\/resulzade\/wp-json\/wp\/v2\/tags?post=715"}],"curies":[{"name":"wp","href":"https:\/\/api.w.org\/{rel}","templated":true}]}}