{"id":602,"date":"2015-04-20T17:41:42","date_gmt":"2015-04-20T13:41:42","guid":{"rendered":"http:\/\/belediyye.az\/resulzade\/?p=602"},"modified":"2015-04-20T17:43:19","modified_gmt":"2015-04-20T13:43:19","slug":"turk-dunyasi-b%c9%99l%c9%99diyy%c9%99l%c9%99r-birliyi-v%c9%99-az%c9%99rbaycan-b%c9%99l%c9%99diyy%c9%99l%c9%99rinin-milli-assosasiyasinin-birg%c9%99-d%c9%99st%c9%99yi-il%c9%99-t%c9%99qdimat-oldu","status":"publish","type":"post","link":"http:\/\/belediyye.az\/resulzade\/turk-dunyasi-b%c9%99l%c9%99diyy%c9%99l%c9%99r-birliyi-v%c9%99-az%c9%99rbaycan-b%c9%99l%c9%99diyy%c9%99l%c9%99rinin-milli-assosasiyasinin-birg%c9%99-d%c9%99st%c9%99yi-il%c9%99-t%c9%99qdimat-oldu\/","title":{"rendered":"T\u00fcrk D\u00fcnyas\u0131 B\u0259l\u0259diyy\u0259l\u0259r Birliyi v\u0259 Az\u0259rbaycan B\u0259l\u0259diyy\u0259l\u0259rinin Milli Assosasiyas\u0131n\u0131n birg\u0259 d\u0259st\u0259yi il\u0259 t\u0259qdimat oldu"},"content":{"rendered":"<p><a href=\"http:\/\/belediyye.az\/resulzade\/wp-content\/uploads\/2015\/04\/heyder92.jpg\"><img loading=\"lazy\" decoding=\"async\" class=\"size-full wp-image-603 aligncenter\" alt=\"heyder92\" src=\"http:\/\/belediyye.az\/resulzade\/wp-content\/uploads\/2015\/04\/heyder92.jpg\" width=\"600\" height=\"601\" srcset=\"http:\/\/belediyye.az\/resulzade\/wp-content\/uploads\/2015\/04\/heyder92.jpg 600w, http:\/\/belediyye.az\/resulzade\/wp-content\/uploads\/2015\/04\/heyder92-150x150.jpg 150w, http:\/\/belediyye.az\/resulzade\/wp-content\/uploads\/2015\/04\/heyder92-300x300.jpg 300w, http:\/\/belediyye.az\/resulzade\/wp-content\/uploads\/2015\/04\/heyder92-54x55.jpg 54w\" sizes=\"auto, (max-width: 600px) 100vw, 600px\" \/><\/a><\/p>\n<p style=\"text-align: justify;\">\u00dcmummili lider Heyd\u0259r \u018fliyevin anadan olmas\u0131n\u0131n 92-ci ild\u00f6n\u00fcm\u00fcn\u0259 h\u0259sr olunan v\u0259 t\u00fcrk d\u00fcnyas\u0131n\u0131n tarixin\u0259 aid maraql\u0131 faktlardan ibar\u0259t \u201cT\u00fcrk d\u00fcnyas\u0131\u201d adl\u0131 kitab\u0131n t\u0259qdimat\u0131 olub. T\u0259dbir T\u00fcrk D\u00fcnyas\u0131 B\u0259l\u0259diyy\u0259l\u0259r Birliyi v\u0259 Az\u0259rbaycan B\u0259l\u0259diyy\u0259l\u0259rinin Milli Assosasiyas\u0131n\u0131n birg\u0259 d\u0259st\u0259yi il\u0259 realla\u015fd\u0131r\u0131l\u0131b.<\/p>\n<p style=\"text-align: justify;\">M\u0259rasim i\u015ftirak\u00e7\u0131lar\u0131 F\u0259xri Xiyabanda \u00fcmummilli liderin m\u0259zar\u0131n\u0131 ziyar\u0259t etdil\u0259r. G\u00f6rk\u0259mli oftalmoloq alim, akademik Z\u0259rif\u0259 \u018fliyevan\u0131n da xatir\u0259si yad olundu.<\/p>\n<p style=\"text-align: justify;\">\u201cT\u00fcrk d\u00fcnyas\u0131n\u0131n birl\u0259\u015fm\u0259sind\u0259, daha g\u00fccl\u00fc f\u0259aliyy\u0259t g\u00f6st\u0259rm\u0259sind\u0259 \u00dcmummili\u00a0 lider Heyd\u0259r \u018fliyevin m\u00fcst\u0259sna xidm\u0259tl\u0259ri olub\u201d. Bu fikirl\u0259ri Ulu \u00f6nd\u0259rin anadan olmas\u0131n\u0131n 92-ci ild\u00f6n\u00fcm\u00fcn\u0259 h\u0259sr olunan t\u0259dbirin moderatoru\u00a0 T\u00fcrk D\u00fcnyas\u0131 B\u0259l\u0259diyy\u0259l\u0259r Birliyinin h\u0259ms\u0259dri Mehdi S\u0259limzad\u0259 dedi.<\/p>\n<p style=\"text-align: justify;\">\u201cT\u00fcrk d\u00fcnyas\u0131\u201d adl\u0131 kitab\u0131n\u0131n t\u0259qdimat\u0131nda \u00e7\u0131x\u0131\u015f ed\u0259n Prezidentinin ictimai-siyasi m\u0259s\u0259l\u0259l\u0259r \u00fczr\u0259 k\u00f6m\u0259k\u00e7isi \u018fli H\u0259s\u0259nov \u00fcmummili liderin t\u00fcrk d\u00fcnyas\u0131n\u0131n birliyind\u0259, inki\u015faf\u0131ndak\u0131 xidm\u0259tl\u0259rind\u0259n dan\u0131\u015fd\u0131. Onun s\u00f6zl\u0259rin\u0259 g\u00f6r\u0259, Heyd\u0259r \u018fliyev 1993-c\u00fc ild\u0259 yenid\u0259n hakimiyy\u0259t\u0259 qay\u0131td\u0131qdan sonra t\u00fcrkdilli d\u00f6vl\u0259tl\u0259r aras\u0131ndak\u0131 m\u00fcnasib\u0259tl\u0259ri yax\u015f\u0131la\u015fd\u0131rmaq istiqam\u0259tind\u0259 x\u00fcsusi d\u00f6vl\u0259t siyas\u0259ti formala\u015fd\u0131rd\u0131 v\u0259 h\u0259yata ke\u00e7irdi. \u00dcmummilli lider t\u00fcrkdilli xalqlar aras\u0131nda iqtisadi, siyasi v\u0259 m\u0259d\u0259ni \u0259laq\u0259l\u0259rin inki\u015faf\u0131n\u0131 n\u0259z\u0259rd\u0259 tutan birg\u0259 regional t\u0259\u015fkilatlar\u0131n yarad\u0131lmas\u0131 t\u0259\u015f\u0259bb\u00fcsl\u0259rini h\u0259mi\u015f\u0259 d\u0259st\u0259kl\u0259yib, x\u00fcsus\u0259n t\u00fcrk birliyinin, Islam d\u00fcnyas\u0131n\u0131n h\u0259mr\u0259yliyinin vacib oldu\u011funu\u00a0 qeyd ed\u0259r\u0259k, bel\u0259 siyas\u0259tin tarixi-siyasi\u00a0\u00a0 \u0259h\u0259miyy\u0259t da\u015f\u0131d\u0131\u011f\u0131n\u0131 vur\u011fulay\u0131b. \u018fli H\u0259s\u0259novun q\u0259na\u0259tinc\u0259, m\u00fcasir d\u00f6vrd\u0259 t\u00fcrkdilli \u00f6lk\u0259l\u0259r aras\u0131nda \u0259laq\u0259l\u0259rin m\u00f6hk\u0259ml\u0259ndirilm\u0259si, eyni etnik soyk\u00f6k\u0259, m\u0259d\u0259niyy\u0259t v\u0259 ad\u0259t-\u0259n\u0259n\u0259l\u0259r\u0259 malik olan t\u00fcrk xalqlar\u0131 aras\u0131nda birliyin t\u0259min edilm\u0259si tarixi, siyasi, etnokulturoloji v\u0259 geosiyasi bax\u0131mdan\u00a0 vacib m\u0259s\u0259l\u0259dir. T\u00fcrk birliyinin m\u00f6vcud olmas\u0131 t\u00fcrkdilli d\u00f6vl\u0259tl\u0259rin\u00a0 beyn\u0259lxalq al\u0259md\u0259 n\u00fcfuzunun daha da artmas\u0131 v\u0259 onlar\u0131n d\u00fcnya siyas\u0259tin\u0259 t\u0259sir imkanlar\u0131n\u0131n geni\u015fl\u0259nm\u0259si dem\u0259kdir. Mustafa Kamal Atat\u00fcrk\u00fcn &#8220;Az\u0259rbaycan\u0131n sevinci sevincimiz, k\u0259d\u0259ri k\u0259d\u0259rimizdir&#8221; v\u0259 \u00fcmummilli lider Heyd\u0259r \u018fliyevin \u201cBir mill\u0259t, iki d\u00f6vl\u0259t\u201d\u00a0 ideyalar\u0131 Az\u0259rbaycan-T\u00fcrkiy\u0259 m\u00fcnasib\u0259tl\u0259rinin s\u00f6yk\u0259ndiyi\u00a0 \u0259sas prinsipdir.<\/p>\n<p style=\"text-align: justify;\">\u018fli H\u0259s\u0259nov onu da vur\u011fulad\u0131 ki, T\u00fcrkiy\u0259, o c\u00fcml\u0259d\u0259n dig\u0259r t\u00fcrkdilli d\u00f6vl\u0259tl\u0259r Da\u011fl\u0131q Qaraba\u011f m\u00fcnaqi\u015f\u0259sin\u0259 v\u0259 onun aradan qald\u0131r\u0131lmas\u0131 m\u0259s\u0259l\u0259sin\u0259\u00a0 h\u0259mi\u015f\u0259 prinsipial m\u00f6vqed\u0259n yana\u015f\u0131blar. Haz\u0131rda d\u00fcnyan\u0131n m\u00fcxt\u0259lif \u00f6lk\u0259l\u0259rind\u0259 f\u0259aliyy\u0259t g\u00f6st\u0259r\u0259n Az\u0259rbaycan v\u0259 t\u00fcrk diaspor t\u0259\u015fkilatlar\u0131 aras\u0131nda s\u0131x birlik m\u00f6vcuddur v\u0259 onlar b\u00fct\u00fcn t\u00fcrk xalqlar\u0131 aras\u0131nda h\u0259mr\u0259yliyin m\u00f6hk\u0259ml\u0259nm\u0259si, birg\u0259 maraqlardan ir\u0259li g\u0259l\u0259n m\u0259s\u0259l\u0259l\u0259rin koordinasiya edilmi\u015f formada beyn\u0259lxalq ictimaiyy\u0259t\u0259 \u00e7atd\u0131r\u0131lmas\u0131 istiqam\u0259tind\u0259 birg\u0259 f\u0259aliyy\u0259t g\u00f6st\u0259rirl\u0259r.\u00a0 \u018fli H\u0259s\u0259nov b\u0259zi q\u0259rb \u00f6lk\u0259l\u0259rind\u0259 t\u0259zah\u00fcr ed\u0259n islamofobiya, irq\u00e7ilik, ksenofobiya kimi meyill\u0259rin oldu\u011funu da t\u0259\u0259ss\u00fcfl\u0259 qeyd etdi v\u0259 t\u00fcrk d\u00fcnyas\u0131na, x\u00fcsusil\u0259 d\u0259 Az\u0259rbaycana v\u0259 T\u00fcrkiy\u0259y\u0259 qar\u015f\u0131 ikili standart siyas\u0259ti\u00a0 y\u00fcr\u00fctd\u00fckl\u0259rini bildirdi. O konkret olaraq son vaxtlar Avropa Parlamentinin \u201cqondarma erm\u0259ni soyq\u0131r\u0131m\u0131\u201d il\u0259 ba\u011fl\u0131 qeyri-obyektiv q\u0259rar verdiyini d\u0259 buna \u0259yani misal \u00e7\u0259kdi. \u018fli H\u0259s\u0259nov t\u00fcrk d\u00f6vl\u0259tl\u0259rinin h\u0259r birinin yaran\u0131\u015f tarixi, onlar\u0131n\u00a0 qurucular\u0131, d\u00f6vl\u0259t qurulu\u015fu v\u0259 yerl\u0259\u015fdikl\u0259ri co\u011frafi \u0259razil\u0259rl\u0259 ba\u011fl\u0131 m\u00fcf\u0259ss\u0259l \u015f\u0259rhl\u0259r ver\u0259n \u201cT\u00fcrk d\u00fcnyas\u0131\u201d kitab\u0131n\u0131n \u0259miyy\u0259tind\u0259n d\u0259 dan\u0131\u015fd\u0131.<\/p>\n<p style=\"text-align: justify;\">T\u00fcrk d\u00fcnyas\u0131 B\u0259l\u0259diyy\u0259l\u0259r Birliyinin ba\u015f katibi Fexri Solak son vaxtlar d\u00fcbyada ba\u015f ver\u0259n prosesl\u0259ri misal \u00e7\u0259k\u0259r\u0259k t\u00fcrk d\u00fcnyas\u0131n\u0131n birliyinin vacibliyind\u0259n dan\u0131\u015fd\u0131. Kitab\u0131n m\u00fc\u0259llifi \u00d6zgen Keskin \u201cT\u00fcrk d\u00fcnyas\u0131\u201dnda bu xalqlar\u0131n ke\u00e7mi\u015fi\u00a0 il\u0259 yana\u015f\u0131, m\u00fcasir d\u00f6vr\u00fcn\u00fc xarakteriz\u0259 ed\u0259n m\u0259lumatlar\u0131n da z\u0259ngin oldu\u011funu bildirdi.<\/p>\n<p style=\"text-align: justify;\">AMEA-n\u0131n Tarix \u0130nstitutunun direktoru Yaqub Mahmudov kitabda q\u0259dim t\u00fcrkl\u0259rin\u00a0 d\u00fcnyan\u0131n m\u00fcxt\u0259lif co\u011frafi \u0259razil\u0259rind\u0259 yaratd\u0131qlar\u0131 d\u00f6vl\u0259tl\u0259r, onlara m\u0259xsus olan maddi-m\u0259n\u0259vi s\u0259rv\u0259tl\u0259rin\u00a0 tarixilik v\u0259 obyektivlik\u00a0 prinsipl\u0259ri \u0259sas\u0131nda t\u0259hlil olundu\u011funu s\u00f6yl\u0259di.<\/p>\n<p style=\"text-align: justify;\">Dig\u0259r \u00e7\u0131x\u0131\u015f ed\u0259n mill\u0259t v\u0259kill\u0259ri, tarix\u00e7il\u0259r \u201cT\u00fcrk D\u00fcnyas\u0131\u201d kitab\u0131n\u0131n t\u00fcrk xalqlar\u0131 v\u0259 d\u00f6vl\u0259tl\u0259ri, onlar\u0131n q\u0259dim m\u0259d\u0259niyy\u0259ti bar\u0259d\u0259 d\u0259y\u0259rli t\u00f6hv\u0259 oldu\u011funu dedil\u0259r. El\u0259c\u0259 d\u0259 qloballa\u015fma d\u00f6vr\u00fcnd\u0259 t\u00fcrk d\u00fcnyas\u0131n\u0131n g\u00fccl\u0259nm\u0259sind\u0259 x\u00fcsusi rol oynayaca\u011f\u0131n\u0131 xat\u0131rlatd\u0131lar.<\/p>\n<p>T\u0259dbird\u0259 Bin\u0259q\u0259di rayonunu be\u015f b\u0259l\u0259diyy\u0259 s\u0259dri t\u0259msil edirdi.<\/p>\n","protected":false},"excerpt":{"rendered":"<p>\u00dcmummili lider Heyd\u0259r \u018fliyevin anadan olmas\u0131n\u0131n 92-ci ild\u00f6n\u00fcm\u00fcn\u0259 h\u0259sr olunan v\u0259 t\u00fcrk d\u00fcnyas\u0131n\u0131n tarixin\u0259 aid maraql\u0131 faktlardan ibar\u0259t \u201cT\u00fcrk d\u00fcnyas\u0131\u201d adl\u0131 kitab\u0131n t\u0259qdimat\u0131 olub. T\u0259dbir T\u00fcrk D\u00fcnyas\u0131 B\u0259l\u0259diyy\u0259l\u0259r Birliyi v\u0259 Az\u0259rbaycan B\u0259l\u0259diyy\u0259l\u0259rinin Milli Assosasiyas\u0131n\u0131n birg\u0259 d\u0259st\u0259yi il\u0259 realla\u015fd\u0131r\u0131l\u0131b. M\u0259rasim i\u015ftirak\u00e7\u0131lar\u0131 F\u0259xri Xiyabanda \u00fcmummilli liderin m\u0259zar\u0131n\u0131 ziyar\u0259t etdil\u0259r. G\u00f6rk\u0259mli oftalmoloq alim, akademik Z\u0259rif\u0259 \u018fliyevan\u0131n da xatir\u0259si [&hellip;]<\/p>\n","protected":false},"author":1,"featured_media":0,"comment_status":"closed","ping_status":"closed","sticky":false,"template":"","format":"standard","meta":{"footnotes":""},"categories":[5,4],"tags":[],"class_list":["post-602","post","type-post","status-publish","format-standard","hentry","category-xeberler","category-gorulen-ishler"],"_links":{"self":[{"href":"http:\/\/belediyye.az\/resulzade\/wp-json\/wp\/v2\/posts\/602","targetHints":{"allow":["GET"]}}],"collection":[{"href":"http:\/\/belediyye.az\/resulzade\/wp-json\/wp\/v2\/posts"}],"about":[{"href":"http:\/\/belediyye.az\/resulzade\/wp-json\/wp\/v2\/types\/post"}],"author":[{"embeddable":true,"href":"http:\/\/belediyye.az\/resulzade\/wp-json\/wp\/v2\/users\/1"}],"replies":[{"embeddable":true,"href":"http:\/\/belediyye.az\/resulzade\/wp-json\/wp\/v2\/comments?post=602"}],"version-history":[{"count":3,"href":"http:\/\/belediyye.az\/resulzade\/wp-json\/wp\/v2\/posts\/602\/revisions"}],"predecessor-version":[{"id":606,"href":"http:\/\/belediyye.az\/resulzade\/wp-json\/wp\/v2\/posts\/602\/revisions\/606"}],"wp:attachment":[{"href":"http:\/\/belediyye.az\/resulzade\/wp-json\/wp\/v2\/media?parent=602"}],"wp:term":[{"taxonomy":"category","embeddable":true,"href":"http:\/\/belediyye.az\/resulzade\/wp-json\/wp\/v2\/categories?post=602"},{"taxonomy":"post_tag","embeddable":true,"href":"http:\/\/belediyye.az\/resulzade\/wp-json\/wp\/v2\/tags?post=602"}],"curies":[{"name":"wp","href":"https:\/\/api.w.org\/{rel}","templated":true}]}}