{"id":511,"date":"2015-04-06T09:05:29","date_gmt":"2015-04-06T05:05:29","guid":{"rendered":"http:\/\/belediyye.az\/resulzade\/?p=511"},"modified":"2015-04-06T09:05:50","modified_gmt":"2015-04-06T05:05:50","slug":"artur-rasizad%c9%99-b%c9%99l%c9%99diyy%c9%99l%c9%99rl%c9%99-bagli-q%c9%99rar-verdi-2","status":"publish","type":"post","link":"http:\/\/belediyye.az\/resulzade\/artur-rasizad%c9%99-b%c9%99l%c9%99diyy%c9%99l%c9%99rl%c9%99-bagli-q%c9%99rar-verdi-2\/","title":{"rendered":"Artur Rasizad\u0259 b\u0259l\u0259diyy\u0259l\u0259rl\u0259 ba\u011fl\u0131 q\u0259rar verdi"},"content":{"rendered":"<p><a href=\"http:\/\/belediyye.az\/resulzade\/wp-content\/uploads\/2015\/04\/artur-rasizade.jpg\"><img loading=\"lazy\" decoding=\"async\" class=\"size-full wp-image-505 aligncenter\" alt=\"artur-rasizade\" src=\"http:\/\/belediyye.az\/resulzade\/wp-content\/uploads\/2015\/04\/artur-rasizade.jpg\" width=\"410\" height=\"307\" srcset=\"http:\/\/belediyye.az\/resulzade\/wp-content\/uploads\/2015\/04\/artur-rasizade.jpg 410w, http:\/\/belediyye.az\/resulzade\/wp-content\/uploads\/2015\/04\/artur-rasizade-300x224.jpg 300w, http:\/\/belediyye.az\/resulzade\/wp-content\/uploads\/2015\/04\/artur-rasizade-73x55.jpg 73w, http:\/\/belediyye.az\/resulzade\/wp-content\/uploads\/2015\/04\/artur-rasizade-75x55.jpg 75w, http:\/\/belediyye.az\/resulzade\/wp-content\/uploads\/2015\/04\/artur-rasizade-60x45.jpg 60w\" sizes=\"auto, (max-width: 410px) 100vw, 410px\" \/><\/a><\/p>\n<p style=\"text-align: justify;\">\n<p style=\"text-align: justify;\">Ba\u015f nazir Artur Rasizad\u0259 \u201cB\u0259l\u0259diyy\u0259l\u0259rin birl\u0259\u015fm\u0259si il\u0259 ba\u011fl\u0131 m\u00fclkiyy\u0259t, maliyy\u0259 v\u0259 ba\u015fqa m\u0259s\u0259l\u0259l\u0259rin h\u0259lli m\u0259qs\u0259di il\u0259 komissiyalar\u0131n yarad\u0131lmas\u0131 haqq\u0131nda\u201d q\u0259rar verib.<\/p>\n<p style=\"text-align: justify;\">Nazirl\u0259r Kabinetind\u0259n veril\u0259n m\u0259lumata g\u00f6r\u0259, \u201cAz\u0259rbaycan Respublikas\u0131nda b\u0259l\u0259diyy\u0259l\u0259rin birl\u0259\u015fm\u0259si yolu il\u0259 yeni b\u0259l\u0259diyy\u0259l\u0259rin yarad\u0131lmas\u0131 haqq\u0131nda\u201d qanunun t\u0259tbiqi bar\u0259d\u0259\u201d \u00f6lk\u0259 prezidentinin s\u0259r\u0259ncam\u0131na \u0259sas\u0259n, b\u0259l\u0259diyy\u0259l\u0259rin birl\u0259\u015fm\u0259si il\u0259 ba\u011fl\u0131 m\u00fclkiyy\u0259t, maliyy\u0259 v\u0259 ba\u015fqa m\u0259s\u0259l\u0259l\u0259rin h\u0259lli \u00fc\u00e7\u00fcn \u018fdliyy\u0259 Nazirliyinin (komissiyan\u0131n s\u0259dri), Maliyy\u0259 Nazirliyinin, \u018fmlak M\u0259s\u0259l\u0259l\u0259ri D\u00f6vl\u0259t Komit\u0259sinin yerli n\u00fcmay\u0259nd\u0259l\u0259ri, m\u00fcvafiq yerli icra hakimiyy\u0259ti orqan\u0131n\u0131n v\u0259 b\u0259l\u0259diyy\u0259nin (o c\u00fcml\u0259d\u0259n, birl\u0259\u015f\u0259n v\u0259 l\u0259\u011fv edil\u0259n b\u0259l\u0259diyy\u0259l\u0259rin) h\u0259r birind\u0259n bir n\u00fcmay\u0259nd\u0259 daxil edilm\u0259kl\u0259, m\u00fcvafiq komissiyalar yarad\u0131l\u0131r.<\/p>\n<p style=\"text-align: justify;\">Komissiyalar\u0131n f\u0259rdi t\u0259rkibinin t\u0259sdiq edilm\u0259si \u00fc\u00e7\u00fcn Maliyy\u0259 Nazirliyi, \u018fmlak M\u0259s\u0259l\u0259l\u0259ri D\u00f6vl\u0259t Komit\u0259si v\u0259 rayon icra hakimiyy\u0259ti orqanlar\u0131, habel\u0259 birl\u0259\u015f\u0259n b\u0259l\u0259diyy\u0259l\u0259r 5 g\u00fcn m\u00fcdd\u0259tind\u0259 \u00f6z n\u00fcmay\u0259nd\u0259l\u0259ri bar\u0259d\u0259 t\u0259klifl\u0259rini \u018fdliyy\u0259 Nazirliyin\u0259 t\u0259qdim etm\u0259lidirl\u0259r.<\/p>\n<p>Lent.az<\/p>\n","protected":false},"excerpt":{"rendered":"<p>Ba\u015f nazir Artur Rasizad\u0259 \u201cB\u0259l\u0259diyy\u0259l\u0259rin birl\u0259\u015fm\u0259si il\u0259 ba\u011fl\u0131 m\u00fclkiyy\u0259t, maliyy\u0259 v\u0259 ba\u015fqa m\u0259s\u0259l\u0259l\u0259rin h\u0259lli m\u0259qs\u0259di il\u0259 komissiyalar\u0131n yarad\u0131lmas\u0131 haqq\u0131nda\u201d q\u0259rar verib. Nazirl\u0259r Kabinetind\u0259n veril\u0259n m\u0259lumata g\u00f6r\u0259, \u201cAz\u0259rbaycan Respublikas\u0131nda b\u0259l\u0259diyy\u0259l\u0259rin birl\u0259\u015fm\u0259si yolu il\u0259 yeni b\u0259l\u0259diyy\u0259l\u0259rin yarad\u0131lmas\u0131 haqq\u0131nda\u201d qanunun t\u0259tbiqi bar\u0259d\u0259\u201d \u00f6lk\u0259 prezidentinin s\u0259r\u0259ncam\u0131na \u0259sas\u0259n, b\u0259l\u0259diyy\u0259l\u0259rin birl\u0259\u015fm\u0259si il\u0259 ba\u011fl\u0131 m\u00fclkiyy\u0259t, maliyy\u0259 v\u0259 ba\u015fqa m\u0259s\u0259l\u0259l\u0259rin h\u0259lli \u00fc\u00e7\u00fcn \u018fdliyy\u0259 [&hellip;]<\/p>\n","protected":false},"author":1,"featured_media":0,"comment_status":"closed","ping_status":"closed","sticky":false,"template":"","format":"standard","meta":{"footnotes":""},"categories":[5,4],"tags":[],"class_list":["post-511","post","type-post","status-publish","format-standard","hentry","category-xeberler","category-gorulen-ishler"],"_links":{"self":[{"href":"http:\/\/belediyye.az\/resulzade\/wp-json\/wp\/v2\/posts\/511","targetHints":{"allow":["GET"]}}],"collection":[{"href":"http:\/\/belediyye.az\/resulzade\/wp-json\/wp\/v2\/posts"}],"about":[{"href":"http:\/\/belediyye.az\/resulzade\/wp-json\/wp\/v2\/types\/post"}],"author":[{"embeddable":true,"href":"http:\/\/belediyye.az\/resulzade\/wp-json\/wp\/v2\/users\/1"}],"replies":[{"embeddable":true,"href":"http:\/\/belediyye.az\/resulzade\/wp-json\/wp\/v2\/comments?post=511"}],"version-history":[{"count":4,"href":"http:\/\/belediyye.az\/resulzade\/wp-json\/wp\/v2\/posts\/511\/revisions"}],"predecessor-version":[{"id":515,"href":"http:\/\/belediyye.az\/resulzade\/wp-json\/wp\/v2\/posts\/511\/revisions\/515"}],"wp:attachment":[{"href":"http:\/\/belediyye.az\/resulzade\/wp-json\/wp\/v2\/media?parent=511"}],"wp:term":[{"taxonomy":"category","embeddable":true,"href":"http:\/\/belediyye.az\/resulzade\/wp-json\/wp\/v2\/categories?post=511"},{"taxonomy":"post_tag","embeddable":true,"href":"http:\/\/belediyye.az\/resulzade\/wp-json\/wp\/v2\/tags?post=511"}],"curies":[{"name":"wp","href":"https:\/\/api.w.org\/{rel}","templated":true}]}}