{"id":498,"date":"2015-04-03T14:56:18","date_gmt":"2015-04-03T10:56:18","guid":{"rendered":"http:\/\/belediyye.az\/resulzade\/?p=498"},"modified":"2015-04-03T14:56:59","modified_gmt":"2015-04-03T10:56:59","slug":"e5p-seminarinda-ayib-r%c9%99hb%c9%99ri-bin%c9%99q%c9%99di-rayonu-il%c9%99-%c9%99m%c9%99kdasliqdan-b%c9%99hs-etdi","status":"publish","type":"post","link":"http:\/\/belediyye.az\/resulzade\/e5p-seminarinda-ayib-r%c9%99hb%c9%99ri-bin%c9%99q%c9%99di-rayonu-il%c9%99-%c9%99m%c9%99kdasliqdan-b%c9%99hs-etdi\/","title":{"rendered":"E5P seminar\u0131nda AY\u0130B r\u0259hb\u0259ri Bin\u0259q\u0259di rayonu il\u0259 \u0259m\u0259kda\u015fl\u0131qdan b\u0259hs etdi"},"content":{"rendered":"<p align=\"center\"><span style=\"line-height: 1.5em;\">\u00a0<\/span><\/p>\n<p><a href=\"http:\/\/belediyye.az\/resulzade\/wp-content\/uploads\/2015\/04\/altennativ-enerji.jpg\"><img loading=\"lazy\" decoding=\"async\" class=\"size-full wp-image-499 aligncenter\" alt=\"altennativ-enerji\" src=\"http:\/\/belediyye.az\/resulzade\/wp-content\/uploads\/2015\/04\/altennativ-enerji.jpg\" width=\"690\" height=\"516\" srcset=\"http:\/\/belediyye.az\/resulzade\/wp-content\/uploads\/2015\/04\/altennativ-enerji.jpg 690w, http:\/\/belediyye.az\/resulzade\/wp-content\/uploads\/2015\/04\/altennativ-enerji-300x224.jpg 300w, http:\/\/belediyye.az\/resulzade\/wp-content\/uploads\/2015\/04\/altennativ-enerji-73x55.jpg 73w, http:\/\/belediyye.az\/resulzade\/wp-content\/uploads\/2015\/04\/altennativ-enerji-75x55.jpg 75w, http:\/\/belediyye.az\/resulzade\/wp-content\/uploads\/2015\/04\/altennativ-enerji-60x45.jpg 60w\" sizes=\"auto, (max-width: 690px) 100vw, 690px\" \/><\/a><\/p>\n<p>&nbsp;<\/p>\n<p style=\"text-align: justify;\"><span style=\"line-height: 1.5em;\">\u201cAz\u0259rbaycanda alternativ enerjinin inki\u015faf\u0131 \u00f6lk\u0259nin ixrac potensial\u0131n\u0131 art\u0131rma\u011fa imkan ver\u0259c\u0259k\u201d. Bunu Az\u0259rbaycan\u0131n Alternativ v\u0259 B\u0259rpa Olunan Enerji M\u0259nb\u0259l\u0259ri \u00fczr\u0259 D\u00f6vl\u0259t Agentliyinin (ABEMDA) direktor m\u00fcavini C\u0259mil M\u0259likov \u201cE5P layih\u0259si \u00e7\u0259r\u00e7iv\u0259sind\u0259 Az\u0259rbaycandak\u0131 enerji s\u0259m\u0259r\u0259liliyi v\u0259 b\u0259rpa olunan enerji \u00fc\u00e7\u00fcn imkanlar\u201d adl\u0131 seminarda bildirib.<\/span><\/p>\n<p style=\"text-align: justify;\">Onun s\u00f6zl\u0259rin\u0259 g\u00f6r\u0259, Az\u0259rbaycan alternativ enerjinin inki\u015faf\u0131 v\u0259 enerjinin s\u0259m\u0259r\u0259li istehsal olunmas\u0131 \u00fc\u00e7\u00fcn b\u00fct\u00fcn institusional add\u0131mlar\u0131 at\u0131r: \u201cBunun \u00fc\u00e7\u00fcn y\u00fcks\u0259k texnologiyalardan istifad\u0259 etm\u0259k t\u0259l\u0259b olunur v\u0259 Az\u0259rbaycan m\u0259rh\u0259l\u0259li \u015f\u0259kild\u0259 bu texnologiyalardan yararlan\u0131r. Alternativ enerji sah\u0259sind\u0259 inki\u015faf \u00f6lk\u0259miz\u0259 ixrac potensial\u0131n\u0131 art\u0131rma\u011fa imkan ver\u0259c\u0259k. X\u00fcsusil\u0259 d\u0259 bu \u015f\u0259raitd\u0259 Az\u0259rbaycan daha \u00e7ox karbohidrogen resurslar\u0131 ixrac ed\u0259 bil\u0259r. Alternativ enerji ekoloji bax\u0131mdan da \u00f6n\u0259mlidir\u201d.<\/p>\n<p style=\"text-align: justify;\">Direktor m\u00fcavini deyib ki, Az\u0259rbaycanla Avropa \u0130ttifaq\u0131 aras\u0131nda 2006-c\u0131 ild\u0259 alternativ enerji sah\u0259sind\u0259 islahatlar\u0131n apar\u0131lmas\u0131 il\u0259 ba\u011fl\u0131 memorandum imzalan\u0131b: &#8220;\u00d6lk\u0259nin E5P proqram\u0131nda i\u015ftirak\u0131 layih\u0259l\u0259rin maliyy\u0259l\u0259\u015fm\u0259si v\u0259 realla\u015fd\u0131r\u0131lmas\u0131na d\u0259st\u0259k olacaq. Bundan ba\u015fqa, alternativ enerji \u00fczr\u0259 konsorsium da yarad\u0131la bil\u0259r\u201d.<\/p>\n<p style=\"text-align: justify;\">C.M\u0259likov \u0259lav\u0259 edib ki, \u00f6lk\u0259d\u0259 alternativ v\u0259 b\u0259rpa olunan enerji m\u0259nb\u0259l\u0259rinin \u00fcmumi potensial\u0131 12 min meqavat\u0131 ke\u00e7ir \u2013 5 min meqavat G\u00fcn\u0259\u015f enerjisinin, 4500 meqavat k\u00fcl\u0259k enerjisinin, 800 meqavat geotermal enerjinin, 350 meqavat is\u0259 ki\u00e7ik SES-l\u0259rin pay\u0131na d\u00fc\u015f\u00fcr.<\/p>\n<p style=\"text-align: justify;\">Seminarda \u201cE5P Az\u0259rbaycan b\u0259l\u0259diyy\u0259l\u0259ri \u00fc\u00e7\u00fcn maliyy\u0259 al\u0259tidir\u201d, \u201cAY\u0130B-nin b\u0259l\u0259diyy\u0259 layih\u0259l\u0259ri\u201dm\u00f6vzular\u0131nda da m\u00fczakir\u0259l\u0259r apar\u0131l\u0131b.\u00a0 H\u0259min m\u00fczakir\u0259l\u0259rd\u0259 Avropa Yenid\u0259nqurma v\u0259 \u0130nki\u015faf Bank\u0131n\u0131n (AY\u0130B) Bak\u0131dak\u0131 daimi n\u00fcmay\u0259nd\u0259liyinin r\u0259hb\u0259ri Nil Makkeyn Bin\u0259q\u0259di rayonu il\u0259 \u0259m\u0259kda\u015fl\u0131qdan b\u0259hs ed\u0259r\u0259k qar\u015f\u0131l\u0131ql\u0131 g\u00f6r\u00fcl\u0259n i\u015fl\u0259rd\u0259n m\u0259mnunlu\u011funu ifad\u0259 edib. Qeyd ed\u0259k ki, seminarda Bin\u0259q\u0259di rayonunu Rayon \u0130cra Hakimiyy\u0259ti \u018frazi \u0130dar\u0259etm\u0259 v\u0259 yerli \u00f6z\u00fcn\u00fcidar\u0259etm\u0259 orqanlar\u0131 il\u0259 \u015f\u00f6b\u0259sinin m\u00fcdiri Ramiz G\u00f6y\u00fc\u015fov v\u0259 \u00a0Az\u0259rbaycan Q\u0259s\u0259b\u0259 B\u0259l\u0259diyy\u0259l\u0259rinin Milli Assosasiyas\u0131n\u0131n s\u0259dri, R\u0259sulzad\u0259 B\u0259l\u0259diyy\u0259sinin s\u0259dri\u00a0H\u00fcmb\u0259t H\u00fcseynov t\u0259msil edib.<\/p>\n<p style=\"text-align: justify;\">\n","protected":false},"excerpt":{"rendered":"<p>\u00a0 &nbsp; \u201cAz\u0259rbaycanda alternativ enerjinin inki\u015faf\u0131 \u00f6lk\u0259nin ixrac potensial\u0131n\u0131 art\u0131rma\u011fa imkan ver\u0259c\u0259k\u201d. Bunu Az\u0259rbaycan\u0131n Alternativ v\u0259 B\u0259rpa Olunan Enerji M\u0259nb\u0259l\u0259ri \u00fczr\u0259 D\u00f6vl\u0259t Agentliyinin (ABEMDA) direktor m\u00fcavini C\u0259mil M\u0259likov \u201cE5P layih\u0259si \u00e7\u0259r\u00e7iv\u0259sind\u0259 Az\u0259rbaycandak\u0131 enerji s\u0259m\u0259r\u0259liliyi v\u0259 b\u0259rpa olunan enerji \u00fc\u00e7\u00fcn imkanlar\u201d adl\u0131 seminarda bildirib. Onun s\u00f6zl\u0259rin\u0259 g\u00f6r\u0259, Az\u0259rbaycan alternativ enerjinin inki\u015faf\u0131 v\u0259 enerjinin s\u0259m\u0259r\u0259li istehsal olunmas\u0131 [&hellip;]<\/p>\n","protected":false},"author":1,"featured_media":0,"comment_status":"closed","ping_status":"closed","sticky":false,"template":"","format":"standard","meta":{"footnotes":""},"categories":[5,4],"tags":[],"class_list":["post-498","post","type-post","status-publish","format-standard","hentry","category-xeberler","category-gorulen-ishler"],"_links":{"self":[{"href":"http:\/\/belediyye.az\/resulzade\/wp-json\/wp\/v2\/posts\/498","targetHints":{"allow":["GET"]}}],"collection":[{"href":"http:\/\/belediyye.az\/resulzade\/wp-json\/wp\/v2\/posts"}],"about":[{"href":"http:\/\/belediyye.az\/resulzade\/wp-json\/wp\/v2\/types\/post"}],"author":[{"embeddable":true,"href":"http:\/\/belediyye.az\/resulzade\/wp-json\/wp\/v2\/users\/1"}],"replies":[{"embeddable":true,"href":"http:\/\/belediyye.az\/resulzade\/wp-json\/wp\/v2\/comments?post=498"}],"version-history":[{"count":3,"href":"http:\/\/belediyye.az\/resulzade\/wp-json\/wp\/v2\/posts\/498\/revisions"}],"predecessor-version":[{"id":502,"href":"http:\/\/belediyye.az\/resulzade\/wp-json\/wp\/v2\/posts\/498\/revisions\/502"}],"wp:attachment":[{"href":"http:\/\/belediyye.az\/resulzade\/wp-json\/wp\/v2\/media?parent=498"}],"wp:term":[{"taxonomy":"category","embeddable":true,"href":"http:\/\/belediyye.az\/resulzade\/wp-json\/wp\/v2\/categories?post=498"},{"taxonomy":"post_tag","embeddable":true,"href":"http:\/\/belediyye.az\/resulzade\/wp-json\/wp\/v2\/tags?post=498"}],"curies":[{"name":"wp","href":"https:\/\/api.w.org\/{rel}","templated":true}]}}