{"id":433,"date":"2015-03-14T16:21:51","date_gmt":"2015-03-14T12:21:51","guid":{"rendered":"http:\/\/belediyye.az\/resulzade\/?p=433"},"modified":"2015-03-14T16:22:19","modified_gmt":"2015-03-14T12:22:19","slug":"b%c9%99l%c9%99diyy%c9%99-qulluqcularinin-etik-davranis-qaydalarina-d%c9%99yisiklik-edilib","status":"publish","type":"post","link":"http:\/\/belediyye.az\/resulzade\/b%c9%99l%c9%99diyy%c9%99-qulluqcularinin-etik-davranis-qaydalarina-d%c9%99yisiklik-edilib\/","title":{"rendered":"B\u0259l\u0259diyy\u0259 qulluq\u00e7ular\u0131n\u0131n etik davran\u0131\u015f qaydalar\u0131na d\u0259yi\u015fiklik edilib"},"content":{"rendered":"<p style=\"text-align: justify;\"><span style=\"line-height: 1.5em;\">\u00a0<\/span><\/p>\n<p><a href=\"http:\/\/belediyye.az\/resulzade\/wp-content\/uploads\/2015\/03\/komite-B.jpg\"><img loading=\"lazy\" decoding=\"async\" class=\"size-full wp-image-434 aligncenter\" alt=\"komite B\" src=\"http:\/\/belediyye.az\/resulzade\/wp-content\/uploads\/2015\/03\/komite-B.jpg\" width=\"300\" height=\"214\" srcset=\"http:\/\/belediyye.az\/resulzade\/wp-content\/uploads\/2015\/03\/komite-B.jpg 300w, http:\/\/belediyye.az\/resulzade\/wp-content\/uploads\/2015\/03\/komite-B-77x55.jpg 77w, http:\/\/belediyye.az\/resulzade\/wp-content\/uploads\/2015\/03\/komite-B-75x55.jpg 75w\" sizes=\"auto, (max-width: 300px) 100vw, 300px\" \/><\/a><\/p>\n<p style=\"text-align: justify;\">D\u00fcn\u0259n \u201cB\u0259l\u0259diyy\u0259 qulluq\u00e7ular\u0131n\u0131n etik davran\u0131\u015f qaydalar\u0131 haqq\u0131nda\u201d qanun layih\u0259si Milli M\u0259clisin Regional m\u0259s\u0259l\u0259l\u0259r komit\u0259sinin iclas\u0131nda ikinci oxunu\u015fda m\u00fczakir\u0259 edilib.<\/p>\n<p style=\"text-align: justify;\">\u0130clasda \u00e7\u0131x\u0131\u015f ed\u0259n komit\u0259 s\u0259dri Arif R\u0259himzad\u0259 bir m\u00fcdd\u0259t \u0259vv\u0259l Az\u0259rbaycanda bir \u00e7ox kateqoriyalara malik olan i\u015f\u00e7il\u0259rin h\u0259r biri il\u0259 ba\u011fl\u0131 qanunun q\u0259bul edilm\u0259sin\u0259 dair t\u0259klifl\u0259rin s\u0259sl\u0259ndirildiyini bildirib: \u201cArt\u0131q d\u00f6vl\u0259t qulluq\u00e7ular\u0131n\u0131n etik-davran\u0131\u015f qaydalar\u0131 il\u0259 ba\u011fl\u0131 qanun q\u0259bul edilib. Bel\u0259 gets\u0259, dig\u0259r kateqoriyalarla da ba\u011fl\u0131 qanun q\u0259bul etm\u0259k laz\u0131m olacaq\u201d.<\/p>\n<p style=\"text-align: justify;\">Komit\u0259 s\u0259dri b\u0259l\u0259diyy\u0259 orqanlar\u0131n\u0131n Az\u0259rbaycan\u0131n b\u00fct\u00fcn \u0259halisini \u0259hat\u0259 ed\u0259n \u00f6z\u00fcn\u00fcidar\u0259 qurumu oldu\u011funu bildirib: \u201cBu t\u0259\u015fkilat d\u00f6vl\u0259t qullu\u011fundan sonra idar\u0259etm\u0259 sistemind\u0259 ikinci qurumdur. Eyni zamanda, bir \u00e7ox kateqoriya i\u015f\u00e7il\u0259rinin etik davran\u0131\u015f qaydalar\u0131 \u0259mr, s\u0259r\u0259ncam \u015f\u0259klind\u0259 t\u0259sbit olunub\u201d.<\/p>\n<p style=\"text-align: justify;\">A.R\u0259himzad\u0259 qeyd edib ki, t\u0259qdim olunan qanun birinci oxunu\u015fda q\u0259bul edildikd\u0259n sonra s\u0259n\u0259dd\u0259 bir ne\u00e7\u0259 ki\u00e7ik redakt\u0259 xarakterli t\u0259klifl\u0259r yaran\u0131b: \u201cLayih\u0259nin 15-ci madd\u0259sinin ikinci b\u0259ndind\u0259 n\u0259z\u0259rd\u0259 tutulub ki, \u201cB\u0259l\u0259diyy\u0259 qulluq\u00e7usu yerli \u00f6z\u00fcn\u00fcidar\u0259 orqan\u0131nda m\u00fc\u0259yy\u0259n olunmu\u015f xidm\u0259ti informasiyan\u0131n t\u0259qdim edilm\u0259si qaydalar\u0131na \u0259m\u0259l etm\u0259lidir\u201d. Bel\u0259 raz\u0131l\u0131\u011fa g\u0259ldik ki, \u201cyerli \u00f6z\u00fcn\u00fcidar\u0259 orqan\u0131\u201d deyil, \u201cyerli \u00f6z\u00fcn\u00fc idar\u0259 orqanlar\u0131 \u00fc\u00e7\u00fcn m\u00fc\u0259yy\u0259n olunmu\u015f xidm\u0259ti informasiyan\u0131n t\u0259qdim edilm\u0259si qaydalar\u0131na \u0259m\u0259l etm\u0259lidir\u201d kimi yaz\u0131ls\u0131n. \u0130kinci d\u00fcz\u0259li\u015f 17-ci madd\u0259y\u0259 edilib. Bu da i\u015f\u00e7i qaydas\u0131nda raz\u0131la\u015fd\u0131r\u0131l\u0131b. Bu madd\u0259nin 17.0.1 b\u0259ndind\u0259 n\u0259z\u0259rd\u0259 tutulub ki, \u201cB\u0259l\u0259diyy\u0259 qulluq\u00e7usunun davran\u0131\u015f\u0131n\u0131n etik qaydalar\u0131na uy\u011funlu\u011fu onun \u00f6z\u00fc, birba\u015fa v\u0259 ya yuxar\u0131 r\u0259hb\u0259ri t\u0259r\u0259find\u0259n m\u00fcnt\u0259z\u0259m t\u0259hlil edilir\u201d.<\/p>\n<p style=\"text-align: justify;\">Komit\u0259 s\u0259drinin s\u00f6zl\u0259rin\u0259 g\u00f6r\u0259, t\u0259klif olundu ki, \u201cbirba\u015fa v\u0259 ya\u201d s\u00f6z\u00fc \u00e7\u0131xar\u0131ls\u0131n v\u0259 \u201cbirba\u015fa v\u0259\u201d kimi qeyd edilsin: \u201cKe\u00e7\u0259n m\u00fczakir\u0259 zaman\u0131 bel\u0259 q\u0259rara g\u0259lmi\u015fdik ki, 20-ci madd\u0259nin 20.1 b\u0259ndind\u0259 n\u0259z\u0259rd\u0259 tutulan \u201cEtik davran\u0131\u015f qaydalar\u0131n\u0131n pozulmas\u0131na g\u00f6r\u0259 a\u015fa\u011f\u0131dak\u0131 intizam m\u0259suliyy\u0259ti t\u0259dbirl\u0259rind\u0259n biri t\u0259tbiq edil\u0259 bil\u0259r\u201d m\u00fcdd\u0259as\u0131n\u0131n \u201c20.1.3. ba\u015fqa v\u0259zif\u0259y\u0259 ke\u00e7irm\u0259k\u201d, \u201ca\u015fa\u011f\u0131 v\u0259zif\u0259y\u0259 ke\u00e7irm\u0259k\u201d kimi yaz\u0131ls\u0131n. Bundan ba\u015fqa, 20.3 b\u0259ndind\u0259 g\u00f6st\u0259ril\u0259n \u201cEtik davran\u0131\u015f qaydalar\u0131n\u0131 pozmu\u015f b\u0259l\u0259diyy\u0259 qulluq\u00e7usuna intizam m\u0259suliyy\u0259ti pozuntunun a\u015fkar edildiyi g\u00fcnd\u0259n etibar\u0259n 30 g\u00fcn m\u00fcdd\u0259tind\u0259 t\u0259tbiq edil\u0259 bil\u0259r\u201d s\u00f6zl\u0259ri \u201c30 g\u00fcn m\u00fcdd\u0259tind\u0259 t\u0259tbiq edilir\u201d kimi yaz\u0131ls\u0131n\u201d.<\/p>\n<p style=\"text-align: justify;\">Trend<\/p>\n<p>&nbsp;<\/p>\n","protected":false},"excerpt":{"rendered":"<p>\u00a0 D\u00fcn\u0259n \u201cB\u0259l\u0259diyy\u0259 qulluq\u00e7ular\u0131n\u0131n etik davran\u0131\u015f qaydalar\u0131 haqq\u0131nda\u201d qanun layih\u0259si Milli M\u0259clisin Regional m\u0259s\u0259l\u0259l\u0259r komit\u0259sinin iclas\u0131nda ikinci oxunu\u015fda m\u00fczakir\u0259 edilib. \u0130clasda \u00e7\u0131x\u0131\u015f ed\u0259n komit\u0259 s\u0259dri Arif R\u0259himzad\u0259 bir m\u00fcdd\u0259t \u0259vv\u0259l Az\u0259rbaycanda bir \u00e7ox kateqoriyalara malik olan i\u015f\u00e7il\u0259rin h\u0259r biri il\u0259 ba\u011fl\u0131 qanunun q\u0259bul edilm\u0259sin\u0259 dair t\u0259klifl\u0259rin s\u0259sl\u0259ndirildiyini bildirib: \u201cArt\u0131q d\u00f6vl\u0259t qulluq\u00e7ular\u0131n\u0131n etik-davran\u0131\u015f qaydalar\u0131 il\u0259 ba\u011fl\u0131 [&hellip;]<\/p>\n","protected":false},"author":1,"featured_media":0,"comment_status":"closed","ping_status":"closed","sticky":false,"template":"","format":"standard","meta":{"footnotes":""},"categories":[5,4],"tags":[],"class_list":["post-433","post","type-post","status-publish","format-standard","hentry","category-xeberler","category-gorulen-ishler"],"_links":{"self":[{"href":"http:\/\/belediyye.az\/resulzade\/wp-json\/wp\/v2\/posts\/433","targetHints":{"allow":["GET"]}}],"collection":[{"href":"http:\/\/belediyye.az\/resulzade\/wp-json\/wp\/v2\/posts"}],"about":[{"href":"http:\/\/belediyye.az\/resulzade\/wp-json\/wp\/v2\/types\/post"}],"author":[{"embeddable":true,"href":"http:\/\/belediyye.az\/resulzade\/wp-json\/wp\/v2\/users\/1"}],"replies":[{"embeddable":true,"href":"http:\/\/belediyye.az\/resulzade\/wp-json\/wp\/v2\/comments?post=433"}],"version-history":[{"count":2,"href":"http:\/\/belediyye.az\/resulzade\/wp-json\/wp\/v2\/posts\/433\/revisions"}],"predecessor-version":[{"id":436,"href":"http:\/\/belediyye.az\/resulzade\/wp-json\/wp\/v2\/posts\/433\/revisions\/436"}],"wp:attachment":[{"href":"http:\/\/belediyye.az\/resulzade\/wp-json\/wp\/v2\/media?parent=433"}],"wp:term":[{"taxonomy":"category","embeddable":true,"href":"http:\/\/belediyye.az\/resulzade\/wp-json\/wp\/v2\/categories?post=433"},{"taxonomy":"post_tag","embeddable":true,"href":"http:\/\/belediyye.az\/resulzade\/wp-json\/wp\/v2\/tags?post=433"}],"curies":[{"name":"wp","href":"https:\/\/api.w.org\/{rel}","templated":true}]}}