{"id":2103,"date":"2018-02-26T10:55:32","date_gmt":"2018-02-26T06:55:32","guid":{"rendered":"http:\/\/belediyye.az\/resulzade\/?p=2103"},"modified":"2018-02-28T10:57:45","modified_gmt":"2018-02-28T06:57:45","slug":"bin%c9%99q%c9%99di-rayon-icra-hakimiyy%c9%99ti-v%c9%99-m-%c9%99-r%c9%99sulzad%c9%99-b%c9%99l%c9%99diyy%c9%99sinin-birg%c9%99-t%c9%99skilatciligi-il%c9%99-bin%c9%99q%c9%99di-rih-d%c9%99-t%c9%99crub-2","status":"publish","type":"post","link":"http:\/\/belediyye.az\/resulzade\/bin%c9%99q%c9%99di-rayon-icra-hakimiyy%c9%99ti-v%c9%99-m-%c9%99-r%c9%99sulzad%c9%99-b%c9%99l%c9%99diyy%c9%99sinin-birg%c9%99-t%c9%99skilatciligi-il%c9%99-bin%c9%99q%c9%99di-rih-d%c9%99-t%c9%99crub-2\/","title":{"rendered":"Bin\u0259q\u0259di rayon \u0130cra Hakimiyy\u0259ti v\u0259 M.\u018f.R\u0259sulzad\u0259 b\u0259l\u0259diyy\u0259sinin birg\u0259 t\u0259\u015fkilat\u00e7\u0131l\u0131\u011f\u0131 il\u0259 Bin\u0259q\u0259di R\u0130H-d\u0259 t\u0259cr\u00fcb\u0259 ke\u00e7\u0259n ASAN k\u00f6n\u00fcll\u00fcl\u0259rinin v\u0259 \u015fagirdl\u0259rin \u201cMemorial Soyq\u0131r\u0131m\u0131 Muzeyi\u201dn\u0259 ekskursiyas\u0131 t\u0259\u015fkil olunub"},"content":{"rendered":"<p><a href=\"http:\/\/belediyye.az\/resulzade\/wp-content\/uploads\/2018\/02\/1.jpg\"><img loading=\"lazy\" decoding=\"async\" class=\"alignright size-full wp-image-2083\" alt=\"1\" src=\"http:\/\/belediyye.az\/resulzade\/wp-content\/uploads\/2018\/02\/1.jpg\" width=\"800\" height=\"533\" srcset=\"http:\/\/belediyye.az\/resulzade\/wp-content\/uploads\/2018\/02\/1.jpg 800w, http:\/\/belediyye.az\/resulzade\/wp-content\/uploads\/2018\/02\/1-300x199.jpg 300w, http:\/\/belediyye.az\/resulzade\/wp-content\/uploads\/2018\/02\/1-82x55.jpg 82w, http:\/\/belediyye.az\/resulzade\/wp-content\/uploads\/2018\/02\/1-120x80.jpg 120w\" sizes=\"auto, (max-width: 800px) 100vw, 800px\" \/><\/a><\/p>\n<p>&nbsp;<\/p>\n<p>Bin\u0259q\u0259di rayon \u0130cra Hakimiyy\u0259ti v\u0259 M.\u018f.R\u0259sulzad\u0259 b\u0259l\u0259diyy\u0259sinin birg\u0259 t\u0259\u015fkilat\u00e7\u0131l\u0131\u011f\u0131 il\u0259 Bin\u0259q\u0259di R\u0130H-d\u0259 t\u0259cr\u00fcb\u0259 ke\u00e7\u0259n ASAN k\u00f6n\u00fcll\u00fcl\u0259rinin v\u0259 \u015fagirdl\u0259rin \u201cMemorial Soyq\u0131r\u0131m\u0131 Muzeyi\u201dn\u0259 ekskursiyas\u0131 t\u0259\u015fkil olunub.<br \/>\nEkskursiyada H\u0259mid\u0259 \u018f\u015fr\u0259fova, M.\u018f.R\u0259sulzad\u0259 b\u0259l\u0259diyy\u0259sinin s\u0259dr m\u00fcavini Leyli Tahirova, \u0130ctimai-humanitar sektorun m\u00fcdiri G\u00fcnel Vahabzad\u0259, 99, 100, 103 n\u00f6mr\u0259li tam orta m\u0259kt\u0259bl\u0259rin \u015fagirdl\u0259ri v\u0259 ASAN k\u00f6n\u00fcll\u00fcl\u0259ri i\u015ftirak edibl\u0259r.<br \/>\nMuzey 4 b\u00f6lm\u0259d\u0259n: tarix, deportasiya-repressiya, soyq\u0131r\u0131m v\u0259 terror b\u00f6lm\u0259sind\u0259n ibar\u0259t olmaqla c\u0259mi 320 kv.m sah\u0259d\u0259 yerl\u0259\u015fib. Muzeyin giri\u015find\u0259 Xocal\u0131 soyq\u0131r\u0131m\u0131n\u0131n 20-ci ild\u00f6n\u00fcm\u00fc il\u0259 \u0259laq\u0259dar 2012-ci ilin fevral\u0131n 26-da Prezident \u0130lham \u018fliyevin r\u0259hb\u0259rliyi alt\u0131nda 100 mind\u0259n art\u0131q insan\u0131n X\u0259tai rayonu \u0259razisind\u0259 yerl\u0259\u015f\u0259n &#8220;Ana haray\u0131&#8221; abid\u0259sin\u0259 ke\u00e7irilmi\u015f y\u00fcr\u00fc\u015f\u00fcn\u00fcn iri h\u0259cmli foto\u015f\u0259kli yerl\u0259\u015fdirilib.<br \/>\nMuzey xalq\u0131m\u0131za qar\u015f\u0131 t\u00f6r\u0259dilmi\u015f soyq\u0131r\u0131m, deportasiya, h\u0259rbi cinay\u0259tl\u0259r bar\u0259d\u0259 xarici v\u0259 Az\u0259rbaycan m\u00fc\u0259llifl\u0259rinin kitablar\u0131ndan ibar\u0259t z\u0259ngin kitab fondu il\u0259 t\u0259chiz olunub. Muzeyd\u0259 h\u0259m\u00e7inin q\u0259tl\u0259 yetirilmi\u015f ail\u0259l\u0259rin, el\u0259c\u0259 d\u0259 qad\u0131nlar\u0131n, qocalar\u0131n, u\u015faqlar\u0131n, foto\u015f\u0259kill\u0259ri v\u0259 \u0259\u015fyalar\u0131, erm\u0259ni terrorunu \u00f6z\u00fcnd\u0259 \u0259ks etdir\u0259n partlad\u0131c\u0131 qur\u011fular\u0131n, g\u00fcll\u0259 ba\u015fl\u0131qlar\u0131n\u0131n hadis\u0259 yerind\u0259n g\u00f6t\u00fcr\u00fclm\u00fc\u015f n\u00fcmun\u0259l\u0259ri d\u0259 n\u00fcmayi\u015f etdirilib.<br \/>\nMuzeyin \u0259m\u0259kda\u015f\u0131 t\u0259r\u0259find\u0259n muzey bar\u0259d\u0259 m\u0259kt\u0259blil\u0259r\u0259 \u0259trafl\u0131 m\u0259lumat verilib. Sonra \u015fagirdl\u0259r muzeyin akt zal\u0131nda Xocal\u0131 soyq\u0131r\u0131m\u0131ndan b\u0259hs ed\u0259n video\u00e7arxa bax\u0131blar.<\/p>\n<p>&nbsp;<\/p>\n<p><a href=\"http:\/\/belediyye.az\/resulzade\/wp-content\/uploads\/2018\/02\/11.jpg\"><img loading=\"lazy\" decoding=\"async\" class=\"alignright size-full wp-image-2080\" alt=\"11\" src=\"http:\/\/belediyye.az\/resulzade\/wp-content\/uploads\/2018\/02\/11.jpg\" width=\"800\" height=\"533\" srcset=\"http:\/\/belediyye.az\/resulzade\/wp-content\/uploads\/2018\/02\/11.jpg 800w, http:\/\/belediyye.az\/resulzade\/wp-content\/uploads\/2018\/02\/11-300x199.jpg 300w, http:\/\/belediyye.az\/resulzade\/wp-content\/uploads\/2018\/02\/11-82x55.jpg 82w, http:\/\/belediyye.az\/resulzade\/wp-content\/uploads\/2018\/02\/11-120x80.jpg 120w\" sizes=\"auto, (max-width: 800px) 100vw, 800px\" \/><\/a> <a href=\"http:\/\/belediyye.az\/resulzade\/wp-content\/uploads\/2018\/02\/7.jpg\"><img loading=\"lazy\" decoding=\"async\" class=\"alignright size-full wp-image-2079\" alt=\"7\" src=\"http:\/\/belediyye.az\/resulzade\/wp-content\/uploads\/2018\/02\/7.jpg\" width=\"800\" height=\"533\" srcset=\"http:\/\/belediyye.az\/resulzade\/wp-content\/uploads\/2018\/02\/7.jpg 800w, http:\/\/belediyye.az\/resulzade\/wp-content\/uploads\/2018\/02\/7-300x199.jpg 300w, http:\/\/belediyye.az\/resulzade\/wp-content\/uploads\/2018\/02\/7-82x55.jpg 82w, http:\/\/belediyye.az\/resulzade\/wp-content\/uploads\/2018\/02\/7-120x80.jpg 120w\" sizes=\"auto, (max-width: 800px) 100vw, 800px\" \/><\/a> <a href=\"http:\/\/belediyye.az\/resulzade\/wp-content\/uploads\/2018\/02\/4.jpg\"><img loading=\"lazy\" decoding=\"async\" class=\"alignright size-full wp-image-2078\" alt=\"4\" src=\"http:\/\/belediyye.az\/resulzade\/wp-content\/uploads\/2018\/02\/4.jpg\" width=\"800\" height=\"533\" srcset=\"http:\/\/belediyye.az\/resulzade\/wp-content\/uploads\/2018\/02\/4.jpg 800w, http:\/\/belediyye.az\/resulzade\/wp-content\/uploads\/2018\/02\/4-300x199.jpg 300w, http:\/\/belediyye.az\/resulzade\/wp-content\/uploads\/2018\/02\/4-82x55.jpg 82w, http:\/\/belediyye.az\/resulzade\/wp-content\/uploads\/2018\/02\/4-120x80.jpg 120w\" sizes=\"auto, (max-width: 800px) 100vw, 800px\" \/><\/a> <a href=\"http:\/\/belediyye.az\/resulzade\/wp-content\/uploads\/2018\/02\/16.jpg\"><img loading=\"lazy\" decoding=\"async\" class=\"alignright size-full wp-image-2082\" alt=\"16\" src=\"http:\/\/belediyye.az\/resulzade\/wp-content\/uploads\/2018\/02\/16.jpg\" width=\"800\" height=\"533\" srcset=\"http:\/\/belediyye.az\/resulzade\/wp-content\/uploads\/2018\/02\/16.jpg 800w, http:\/\/belediyye.az\/resulzade\/wp-content\/uploads\/2018\/02\/16-300x199.jpg 300w, http:\/\/belediyye.az\/resulzade\/wp-content\/uploads\/2018\/02\/16-82x55.jpg 82w, http:\/\/belediyye.az\/resulzade\/wp-content\/uploads\/2018\/02\/16-120x80.jpg 120w\" sizes=\"auto, (max-width: 800px) 100vw, 800px\" \/><\/a><\/p>\n","protected":false},"excerpt":{"rendered":"<p>&nbsp; Bin\u0259q\u0259di rayon \u0130cra Hakimiyy\u0259ti v\u0259 M.\u018f.R\u0259sulzad\u0259 b\u0259l\u0259diyy\u0259sinin birg\u0259 t\u0259\u015fkilat\u00e7\u0131l\u0131\u011f\u0131 il\u0259 Bin\u0259q\u0259di R\u0130H-d\u0259 t\u0259cr\u00fcb\u0259 ke\u00e7\u0259n ASAN k\u00f6n\u00fcll\u00fcl\u0259rinin v\u0259 \u015fagirdl\u0259rin \u201cMemorial Soyq\u0131r\u0131m\u0131 Muzeyi\u201dn\u0259 ekskursiyas\u0131 t\u0259\u015fkil olunub. Ekskursiyada H\u0259mid\u0259 \u018f\u015fr\u0259fova, M.\u018f.R\u0259sulzad\u0259 b\u0259l\u0259diyy\u0259sinin s\u0259dr m\u00fcavini Leyli Tahirova, \u0130ctimai-humanitar sektorun m\u00fcdiri G\u00fcnel Vahabzad\u0259, 99, 100, 103 n\u00f6mr\u0259li tam orta m\u0259kt\u0259bl\u0259rin \u015fagirdl\u0259ri v\u0259 ASAN k\u00f6n\u00fcll\u00fcl\u0259ri i\u015ftirak edibl\u0259r. Muzey 4 b\u00f6lm\u0259d\u0259n: [&hellip;]<\/p>\n","protected":false},"author":1,"featured_media":0,"comment_status":"closed","ping_status":"closed","sticky":false,"template":"","format":"standard","meta":{"footnotes":""},"categories":[5,1,8,4],"tags":[],"class_list":["post-2103","post","type-post","status-publish","format-standard","hentry","category-xeberler","category-fealiyyetlerimiz","category-hesabat","category-gorulen-ishler"],"_links":{"self":[{"href":"http:\/\/belediyye.az\/resulzade\/wp-json\/wp\/v2\/posts\/2103","targetHints":{"allow":["GET"]}}],"collection":[{"href":"http:\/\/belediyye.az\/resulzade\/wp-json\/wp\/v2\/posts"}],"about":[{"href":"http:\/\/belediyye.az\/resulzade\/wp-json\/wp\/v2\/types\/post"}],"author":[{"embeddable":true,"href":"http:\/\/belediyye.az\/resulzade\/wp-json\/wp\/v2\/users\/1"}],"replies":[{"embeddable":true,"href":"http:\/\/belediyye.az\/resulzade\/wp-json\/wp\/v2\/comments?post=2103"}],"version-history":[{"count":2,"href":"http:\/\/belediyye.az\/resulzade\/wp-json\/wp\/v2\/posts\/2103\/revisions"}],"predecessor-version":[{"id":2105,"href":"http:\/\/belediyye.az\/resulzade\/wp-json\/wp\/v2\/posts\/2103\/revisions\/2105"}],"wp:attachment":[{"href":"http:\/\/belediyye.az\/resulzade\/wp-json\/wp\/v2\/media?parent=2103"}],"wp:term":[{"taxonomy":"category","embeddable":true,"href":"http:\/\/belediyye.az\/resulzade\/wp-json\/wp\/v2\/categories?post=2103"},{"taxonomy":"post_tag","embeddable":true,"href":"http:\/\/belediyye.az\/resulzade\/wp-json\/wp\/v2\/tags?post=2103"}],"curies":[{"name":"wp","href":"https:\/\/api.w.org\/{rel}","templated":true}]}}