{"id":2095,"date":"2018-02-26T10:10:59","date_gmt":"2018-02-26T06:10:59","guid":{"rendered":"http:\/\/belediyye.az\/resulzade\/?p=2095"},"modified":"2018-02-28T10:28:56","modified_gmt":"2018-02-28T06:28:56","slug":"m-%c9%99-r%c9%99sulzad%c9%99-b%c9%99l%c9%99diyy%c9%99si-ictimai-humanitar-sektorun-v%c9%99-everest-idman-klubunun-t%c9%99skilatciligi-il%c9%99-xocali-soyqiriminin-26-ci-ildonumu-il%c9%99-bagli-kicik-q","status":"publish","type":"post","link":"http:\/\/belediyye.az\/resulzade\/m-%c9%99-r%c9%99sulzad%c9%99-b%c9%99l%c9%99diyy%c9%99si-ictimai-humanitar-sektorun-v%c9%99-everest-idman-klubunun-t%c9%99skilatciligi-il%c9%99-xocali-soyqiriminin-26-ci-ildonumu-il%c9%99-bagli-kicik-q\/","title":{"rendered":"M.\u018f.R\u0259sulzad\u0259 b\u0259l\u0259diyy\u0259si ictimai-humanitar sektorun v\u0259 Everest \u0130dman Klubunun t\u0259\u015fkilat\u00e7\u0131l\u0131\u011f\u0131 il\u0259 Xocal\u0131 soyq\u0131r\u0131m\u0131n\u0131n 26-c\u0131 ild\u00f6n\u00fcm\u00fc il\u0259 ba\u011fl\u0131 Ki\u00e7ik Qafqaz\u0131n \u015fimal-\u015f\u0259rqind\u0259 yerl\u0259\u015f\u0259n Qo\u015fqar zirv\u0259sin\u0259 24-25 fevral tarixl\u0259rind\u0259 edil\u0259n y\u00fcr\u00fc\u015f u\u011furla ba\u015fa \u00e7at\u0131b."},"content":{"rendered":"<p>M.\u018f.R\u0259sulzad\u0259 b\u0259l\u0259diyy\u0259si ictimai-humanitar sektorun v\u0259 Everest \u0130dman Klubunun t\u0259\u015fkilat\u00e7\u0131l\u0131\u011f\u0131 il\u0259 Xocal\u0131 soyq\u0131r\u0131m\u0131n\u0131n 26-c\u0131 ild\u00f6n\u00fcm\u00fc il\u0259 ba\u011fl\u0131 Ki\u00e7ik Qafqaz\u0131n \u015fimal-\u015f\u0259rqind\u0259 yerl\u0259\u015f\u0259n Qo\u015fqar zirv\u0259sin\u0259 24-25 fevral tarixl\u0259rind\u0259 edil\u0259n y\u00fcr\u00fc\u015f u\u011furla ba\u015fa \u00e7at\u0131b.<br \/>\nBe\u015f n\u0259f\u0259rlik alpinist qrupunun y\u00fcr\u00fc\u015f\u00fc fevral\u0131n 25-d\u0259 zirv\u0259d\u0259 \u201cXocal\u0131ya \u0259dal\u0259t\u201d posterinin a\u00e7\u0131lmas\u0131 il\u0259 yekunla\u015f\u0131b.<br \/>\n\u201cEverest\u201d \u0130dman Klubunun t\u0259\u015fkil etdiyi y\u00fcr\u00fc\u015f Bin\u0259q\u0259di rayonu M.\u018f.R\u0259sulzad\u0259 b\u0259l\u0259diyy\u0259sinin d\u0259st\u0259yi il\u0259 realla\u015f\u0131b. Y\u00fcr\u00fc\u015fd\u0259 pe\u015f\u0259kar da\u011f\u00e7\u0131lar Turan \u018fhm\u0259dov, Emin Mirz\u0259yev, Rinad R\u0259himxanov, Natiq Yusifli, Anar Abbasov v\u0259 Turan \u018fhm\u0259dov i\u015ftirak edib.<br \/>\nY\u00fcr\u00fc\u015f\u00fcn t\u0259\u015fkil olunmas\u0131nda \u0259sas m\u0259qs\u0259d g\u0259nc n\u0259slin diqq\u0259tini Xocal\u0131 faci\u0259sin\u0259 y\u00f6n\u0259ltm\u0259kl\u0259 yana\u015f\u0131, sa\u011flam h\u0259yat t\u0259rzini t\u0259bli\u011f etm\u0259k, idman\u0131n bu n\u00f6v\u00fcn\u00fc tan\u0131tmaq v\u0259 ona olan mara\u011f\u0131 art\u0131rmaqdan ibar\u0259tdir.<br \/>\nDa\u015fk\u0259s\u0259n rayonu \u0259razisind\u0259 yerl\u0259\u015f\u0259n 3 min 361 metr y\u00fcks\u0259klikd\u0259ki Qo\u015fqar zirv\u0259si Ki\u00e7ik Qafqaz s\u0131ra da\u011flar\u0131na aiddir.<br \/>\nQeyd ed\u0259k ki, 23 fevral 2018-ci il tarixd\u0259 M.\u018f.R\u0259sulzad\u0259 b\u0259l\u0259diyy\u0259sind\u0259 Qo\u015fqar zirv\u0259sin\u0259 edil\u0259n y\u00fcr\u00fc\u015f\u00fcn i\u015ftirak\u00e7\u0131lar\u0131 il\u0259 g\u00f6r\u00fc\u015f ke\u00e7irilib v\u0259 u\u011furlar dil\u0259nilib.<\/p>\n<p><a href=\"http:\/\/belediyye.az\/resulzade\/wp-content\/uploads\/2018\/02\/28164963_1848379285234772_4336307224847835371_o.jpg\"><img loading=\"lazy\" decoding=\"async\" class=\"alignright size-full wp-image-2089\" alt=\"28164963_1848379285234772_4336307224847835371_o\" src=\"http:\/\/belediyye.az\/resulzade\/wp-content\/uploads\/2018\/02\/28164963_1848379285234772_4336307224847835371_o.jpg\" width=\"2048\" height=\"1158\" srcset=\"http:\/\/belediyye.az\/resulzade\/wp-content\/uploads\/2018\/02\/28164963_1848379285234772_4336307224847835371_o.jpg 2048w, http:\/\/belediyye.az\/resulzade\/wp-content\/uploads\/2018\/02\/28164963_1848379285234772_4336307224847835371_o-300x169.jpg 300w, http:\/\/belediyye.az\/resulzade\/wp-content\/uploads\/2018\/02\/28164963_1848379285234772_4336307224847835371_o-1024x579.jpg 1024w, http:\/\/belediyye.az\/resulzade\/wp-content\/uploads\/2018\/02\/28164963_1848379285234772_4336307224847835371_o-97x55.jpg 97w\" sizes=\"auto, (max-width: 2048px) 100vw, 2048px\" \/><\/a> <a href=\"http:\/\/belediyye.az\/resulzade\/wp-content\/uploads\/2018\/02\/28459067_1820602927970652_753946004_n.jpg\"><img loading=\"lazy\" decoding=\"async\" class=\"alignright size-full wp-image-2090\" alt=\"28459067_1820602927970652_753946004_n\" src=\"http:\/\/belediyye.az\/resulzade\/wp-content\/uploads\/2018\/02\/28459067_1820602927970652_753946004_n.jpg\" width=\"960\" height=\"640\" srcset=\"http:\/\/belediyye.az\/resulzade\/wp-content\/uploads\/2018\/02\/28459067_1820602927970652_753946004_n.jpg 960w, http:\/\/belediyye.az\/resulzade\/wp-content\/uploads\/2018\/02\/28459067_1820602927970652_753946004_n-300x200.jpg 300w, http:\/\/belediyye.az\/resulzade\/wp-content\/uploads\/2018\/02\/28459067_1820602927970652_753946004_n-82x55.jpg 82w, http:\/\/belediyye.az\/resulzade\/wp-content\/uploads\/2018\/02\/28459067_1820602927970652_753946004_n-120x80.jpg 120w\" sizes=\"auto, (max-width: 960px) 100vw, 960px\" \/><\/a> <a href=\"http:\/\/belediyye.az\/resulzade\/wp-content\/uploads\/2018\/02\/28500004_1820602911303987_1812704676_o.jpg\"><img loading=\"lazy\" decoding=\"async\" class=\"alignright size-full wp-image-2091\" alt=\"28500004_1820602911303987_1812704676_o\" src=\"http:\/\/belediyye.az\/resulzade\/wp-content\/uploads\/2018\/02\/28500004_1820602911303987_1812704676_o.jpg\" width=\"1776\" height=\"1184\" srcset=\"http:\/\/belediyye.az\/resulzade\/wp-content\/uploads\/2018\/02\/28500004_1820602911303987_1812704676_o.jpg 1776w, http:\/\/belediyye.az\/resulzade\/wp-content\/uploads\/2018\/02\/28500004_1820602911303987_1812704676_o-300x200.jpg 300w, http:\/\/belediyye.az\/resulzade\/wp-content\/uploads\/2018\/02\/28500004_1820602911303987_1812704676_o-1024x682.jpg 1024w, http:\/\/belediyye.az\/resulzade\/wp-content\/uploads\/2018\/02\/28500004_1820602911303987_1812704676_o-82x55.jpg 82w, http:\/\/belediyye.az\/resulzade\/wp-content\/uploads\/2018\/02\/28500004_1820602911303987_1812704676_o-120x80.jpg 120w\" sizes=\"auto, (max-width: 1776px) 100vw, 1776px\" \/><\/a><\/p>\n","protected":false},"excerpt":{"rendered":"<p>M.\u018f.R\u0259sulzad\u0259 b\u0259l\u0259diyy\u0259si ictimai-humanitar sektorun v\u0259 Everest \u0130dman Klubunun t\u0259\u015fkilat\u00e7\u0131l\u0131\u011f\u0131 il\u0259 Xocal\u0131 soyq\u0131r\u0131m\u0131n\u0131n 26-c\u0131 ild\u00f6n\u00fcm\u00fc il\u0259 ba\u011fl\u0131 Ki\u00e7ik Qafqaz\u0131n \u015fimal-\u015f\u0259rqind\u0259 yerl\u0259\u015f\u0259n Qo\u015fqar zirv\u0259sin\u0259 24-25 fevral tarixl\u0259rind\u0259 edil\u0259n y\u00fcr\u00fc\u015f u\u011furla ba\u015fa \u00e7at\u0131b. Be\u015f n\u0259f\u0259rlik alpinist qrupunun y\u00fcr\u00fc\u015f\u00fc fevral\u0131n 25-d\u0259 zirv\u0259d\u0259 \u201cXocal\u0131ya \u0259dal\u0259t\u201d posterinin a\u00e7\u0131lmas\u0131 il\u0259 yekunla\u015f\u0131b. \u201cEverest\u201d \u0130dman Klubunun t\u0259\u015fkil etdiyi y\u00fcr\u00fc\u015f Bin\u0259q\u0259di rayonu M.\u018f.R\u0259sulzad\u0259 b\u0259l\u0259diyy\u0259sinin d\u0259st\u0259yi [&hellip;]<\/p>\n","protected":false},"author":1,"featured_media":0,"comment_status":"closed","ping_status":"closed","sticky":false,"template":"","format":"standard","meta":{"footnotes":""},"categories":[5,1,8,4],"tags":[],"class_list":["post-2095","post","type-post","status-publish","format-standard","hentry","category-xeberler","category-fealiyyetlerimiz","category-hesabat","category-gorulen-ishler"],"_links":{"self":[{"href":"http:\/\/belediyye.az\/resulzade\/wp-json\/wp\/v2\/posts\/2095","targetHints":{"allow":["GET"]}}],"collection":[{"href":"http:\/\/belediyye.az\/resulzade\/wp-json\/wp\/v2\/posts"}],"about":[{"href":"http:\/\/belediyye.az\/resulzade\/wp-json\/wp\/v2\/types\/post"}],"author":[{"embeddable":true,"href":"http:\/\/belediyye.az\/resulzade\/wp-json\/wp\/v2\/users\/1"}],"replies":[{"embeddable":true,"href":"http:\/\/belediyye.az\/resulzade\/wp-json\/wp\/v2\/comments?post=2095"}],"version-history":[{"count":1,"href":"http:\/\/belediyye.az\/resulzade\/wp-json\/wp\/v2\/posts\/2095\/revisions"}],"predecessor-version":[{"id":2096,"href":"http:\/\/belediyye.az\/resulzade\/wp-json\/wp\/v2\/posts\/2095\/revisions\/2096"}],"wp:attachment":[{"href":"http:\/\/belediyye.az\/resulzade\/wp-json\/wp\/v2\/media?parent=2095"}],"wp:term":[{"taxonomy":"category","embeddable":true,"href":"http:\/\/belediyye.az\/resulzade\/wp-json\/wp\/v2\/categories?post=2095"},{"taxonomy":"post_tag","embeddable":true,"href":"http:\/\/belediyye.az\/resulzade\/wp-json\/wp\/v2\/tags?post=2095"}],"curies":[{"name":"wp","href":"https:\/\/api.w.org\/{rel}","templated":true}]}}