{"id":2022,"date":"2017-11-22T12:29:18","date_gmt":"2017-11-22T08:29:18","guid":{"rendered":"http:\/\/belediyye.az\/resulzade\/?p=2022"},"modified":"2017-11-29T13:09:27","modified_gmt":"2017-11-29T09:09:27","slug":"m-%c9%99-r%c9%99sulzad%c9%99-b%c9%99l%c9%99diyy%c9%99si-ictimai-humanitar-sektorun-t%c9%99skilatciligi-il%c9%99-m%c9%99kt%c9%99blil%c9%99rin-az%d3%99rbaycan-musiqi-m%d3%99d%d3%99niyy%d3%99ti-dovl","status":"publish","type":"post","link":"http:\/\/belediyye.az\/resulzade\/m-%c9%99-r%c9%99sulzad%c9%99-b%c9%99l%c9%99diyy%c9%99si-ictimai-humanitar-sektorun-t%c9%99skilatciligi-il%c9%99-m%c9%99kt%c9%99blil%c9%99rin-az%d3%99rbaycan-musiqi-m%d3%99d%d3%99niyy%d3%99ti-dovl\/","title":{"rendered":"M.\u018f.R\u0259sulzad\u0259 b\u0259l\u0259diyy\u0259si ictimai-humanitar sektorun t\u0259\u015fkilat\u00e7\u0131l\u0131\u011f\u0131 il\u0259 m\u0259kt\u0259blil\u0259rin Az\u04d9rbaycan Musiqi M\u04d9d\u04d9niyy\u04d9ti D\u00f6vl\u04d9t Muzeyin\u0259 ekskursiyas\u0131 t\u0259\u015fkil edilib"},"content":{"rendered":"<div id=\"js_905\" data-ft=\"{&quot;tn&quot;:&quot;K&quot;}\"><\/div>\n<div>\u00a021 noyabr 2017-ci il tarixind\u0259 M.\u018f.R\u0259sulzad\u0259 b\u0259l\u0259diyy\u0259si ictimai-humanitar sektorun t\u0259\u015fkilat\u00e7\u0131l\u0131\u011f\u0131 il\u0259 m\u0259kt\u0259blil\u0259rin Az\u04d9rbaycan Musiqi M\u04d9d\u04d9niyy\u04d9ti D\u00f6vl\u04d9t Muzeyin\u0259 ekskursiyas\u0131 t\u0259\u015fkil edilib. Ekskursiyada ictimai-humanitar sektorun m\u00fcdiri G\u00fcnel Vahabzad\u0259 v\u0259 q\u0259s\u0259b\u0259 \u0259razisind\u0259 yerl\u0259\u015f\u0259n 99, 143, 115, 30 sayl\u0131 m\u0259kt\u0259bl\u0259rin \u015fagirdl\u0259ri i\u015ftirak edib.<br \/>\nEkskursiya zaman\u0131 muzey b\u0259l\u0259d\u00e7isi muzey haqq\u0131nda \u0259trafl\u0131 m\u0259lumat ver\u0259r\u0259k bildirib ki, Az\u04d9rbaycan Musiqi M\u04d9d\u04d9niyy\u04d9ti D\u00f6vl\u04d9t Muzeyi \u2014 1967-ci ild\u04d9 yarad\u0131l\u0131b. Muzeyin fondunda 35 min\u04d9 yaxin eksponat toplanm\u0131\u015fd\u0131r. Bunlardan Az\u04d9rbaycan milli musiqi al\u04d9tl\u04d9ri olan tar, kaman\u00e7a, saz, d\u0259f, qo\u015fa na\u011fara, zurna, ney, el\u04d9c\u04d9 d\u04d9 ozun\u04d9m\u04d9xsus xususiyy\u04d9tl\u04d9ri il\u04d9 f\u04d9rql\u04d9n\u04d9n dig\u04d9r musiqi al\u04d9tl\u04d9ri &#8211; \u04d9sa-tar, \u04d9sa-saz, habel\u04d9 qramofonlar, patefonlar, qramofon vallar\u0131, Az\u04d9rbaycan professional musiqi s\u04d9n\u04d9tinin banisi \u00dczeyir Hac\u0131b\u0259yovun, milli professional vokal s\u04d9n\u04d9tinin banisi B\u00fclb\u00fcl\u00fcn, gork\u04d9mli b\u04d9st\u04d9karlardan Qara Qarayevin, Fikr\u0259t \u018fmirovun mu\u04d9llif not \u04d9lyazmalar\u0131, musiqi xadiml\u04d9rinin \u015f\u04d9xsi \u04d9\u015fyalar\u0131, afi\u015falar, proqramlar, foto\u015f\u04d9kill\u04d9r, t\u04d9sviri inc\u04d9s\u04d9n\u04d9t n\u00fcmun\u04d9l\u04d9ri, notlar, kitablar v\u04d9 s. materiallar\u0131 gost\u04d9rm\u04d9k olar. B\u00fct\u00fcn bunlar Az\u04d9rbaycan milli musiqi m\u04d9d\u04d9niyy\u04d9tinin d\u04d9y\u04d9rli numun\u04d9l\u04d9ridir.<br \/>\nMuzeyl\u0259 tan\u0131\u015fl\u0131q \u015fagirdl\u0259rd\u0259 maraq yarad\u0131b, onlar\u0131n suallar\u0131 b\u0259l\u0259d\u00e7i t\u0259r\u0259find\u0259n cavabland\u0131r\u0131l\u0131b v\u0259 sonda xatir\u0259 fotosu \u00e7\u0259kilib.<\/div>\n<div><a href=\"http:\/\/belediyye.az\/resulzade\/wp-content\/uploads\/2017\/11\/1.jpg\"><img loading=\"lazy\" decoding=\"async\" class=\"alignright size-full wp-image-2023\" alt=\"1\" src=\"http:\/\/belediyye.az\/resulzade\/wp-content\/uploads\/2017\/11\/1.jpg\" width=\"4032\" height=\"3024\" srcset=\"http:\/\/belediyye.az\/resulzade\/wp-content\/uploads\/2017\/11\/1.jpg 4032w, http:\/\/belediyye.az\/resulzade\/wp-content\/uploads\/2017\/11\/1-300x225.jpg 300w, http:\/\/belediyye.az\/resulzade\/wp-content\/uploads\/2017\/11\/1-1024x768.jpg 1024w, http:\/\/belediyye.az\/resulzade\/wp-content\/uploads\/2017\/11\/1-73x55.jpg 73w, http:\/\/belediyye.az\/resulzade\/wp-content\/uploads\/2017\/11\/1-75x55.jpg 75w, http:\/\/belediyye.az\/resulzade\/wp-content\/uploads\/2017\/11\/1-60x45.jpg 60w\" sizes=\"auto, (max-width: 4032px) 100vw, 4032px\" \/><\/a><\/div>\n<div><a href=\"http:\/\/belediyye.az\/resulzade\/wp-content\/uploads\/2017\/11\/24.jpg\"><img loading=\"lazy\" decoding=\"async\" class=\"alignright size-full wp-image-2027\" alt=\"24\" src=\"http:\/\/belediyye.az\/resulzade\/wp-content\/uploads\/2017\/11\/24.jpg\" width=\"4032\" height=\"2551\" srcset=\"http:\/\/belediyye.az\/resulzade\/wp-content\/uploads\/2017\/11\/24.jpg 4032w, http:\/\/belediyye.az\/resulzade\/wp-content\/uploads\/2017\/11\/24-300x189.jpg 300w, http:\/\/belediyye.az\/resulzade\/wp-content\/uploads\/2017\/11\/24-1024x647.jpg 1024w, http:\/\/belediyye.az\/resulzade\/wp-content\/uploads\/2017\/11\/24-86x55.jpg 86w\" sizes=\"auto, (max-width: 4032px) 100vw, 4032px\" \/><\/a> <a href=\"http:\/\/belediyye.az\/resulzade\/wp-content\/uploads\/2017\/11\/19.jpg\"><img loading=\"lazy\" decoding=\"async\" class=\"alignright size-full wp-image-2026\" alt=\"19\" src=\"http:\/\/belediyye.az\/resulzade\/wp-content\/uploads\/2017\/11\/19.jpg\" width=\"4032\" height=\"3024\" srcset=\"http:\/\/belediyye.az\/resulzade\/wp-content\/uploads\/2017\/11\/19.jpg 4032w, http:\/\/belediyye.az\/resulzade\/wp-content\/uploads\/2017\/11\/19-300x225.jpg 300w, http:\/\/belediyye.az\/resulzade\/wp-content\/uploads\/2017\/11\/19-1024x768.jpg 1024w, http:\/\/belediyye.az\/resulzade\/wp-content\/uploads\/2017\/11\/19-73x55.jpg 73w, http:\/\/belediyye.az\/resulzade\/wp-content\/uploads\/2017\/11\/19-75x55.jpg 75w, http:\/\/belediyye.az\/resulzade\/wp-content\/uploads\/2017\/11\/19-60x45.jpg 60w\" sizes=\"auto, (max-width: 4032px) 100vw, 4032px\" \/><\/a> <a href=\"http:\/\/belediyye.az\/resulzade\/wp-content\/uploads\/2017\/11\/14l.jpg\"><img loading=\"lazy\" decoding=\"async\" class=\"alignright size-full wp-image-2025\" alt=\"14l\" src=\"http:\/\/belediyye.az\/resulzade\/wp-content\/uploads\/2017\/11\/14l.jpg\" width=\"4032\" height=\"3024\" srcset=\"http:\/\/belediyye.az\/resulzade\/wp-content\/uploads\/2017\/11\/14l.jpg 4032w, http:\/\/belediyye.az\/resulzade\/wp-content\/uploads\/2017\/11\/14l-300x225.jpg 300w, http:\/\/belediyye.az\/resulzade\/wp-content\/uploads\/2017\/11\/14l-1024x768.jpg 1024w, http:\/\/belediyye.az\/resulzade\/wp-content\/uploads\/2017\/11\/14l-73x55.jpg 73w, http:\/\/belediyye.az\/resulzade\/wp-content\/uploads\/2017\/11\/14l-75x55.jpg 75w, http:\/\/belediyye.az\/resulzade\/wp-content\/uploads\/2017\/11\/14l-60x45.jpg 60w\" sizes=\"auto, (max-width: 4032px) 100vw, 4032px\" \/><\/a> <a href=\"http:\/\/belediyye.az\/resulzade\/wp-content\/uploads\/2017\/11\/2a.jpg\"><img loading=\"lazy\" decoding=\"async\" class=\"alignright size-full wp-image-2024\" alt=\"2a\" src=\"http:\/\/belediyye.az\/resulzade\/wp-content\/uploads\/2017\/11\/2a.jpg\" width=\"4032\" height=\"3024\" srcset=\"http:\/\/belediyye.az\/resulzade\/wp-content\/uploads\/2017\/11\/2a.jpg 4032w, http:\/\/belediyye.az\/resulzade\/wp-content\/uploads\/2017\/11\/2a-300x225.jpg 300w, http:\/\/belediyye.az\/resulzade\/wp-content\/uploads\/2017\/11\/2a-1024x768.jpg 1024w, http:\/\/belediyye.az\/resulzade\/wp-content\/uploads\/2017\/11\/2a-73x55.jpg 73w, http:\/\/belediyye.az\/resulzade\/wp-content\/uploads\/2017\/11\/2a-75x55.jpg 75w, http:\/\/belediyye.az\/resulzade\/wp-content\/uploads\/2017\/11\/2a-60x45.jpg 60w\" sizes=\"auto, (max-width: 4032px) 100vw, 4032px\" \/><\/a><\/div>\n","protected":false},"excerpt":{"rendered":"<p>\u00a021 noyabr 2017-ci il tarixind\u0259 M.\u018f.R\u0259sulzad\u0259 b\u0259l\u0259diyy\u0259si ictimai-humanitar sektorun t\u0259\u015fkilat\u00e7\u0131l\u0131\u011f\u0131 il\u0259 m\u0259kt\u0259blil\u0259rin Az\u04d9rbaycan Musiqi M\u04d9d\u04d9niyy\u04d9ti D\u00f6vl\u04d9t Muzeyin\u0259 ekskursiyas\u0131 t\u0259\u015fkil edilib. Ekskursiyada ictimai-humanitar sektorun m\u00fcdiri G\u00fcnel Vahabzad\u0259 v\u0259 q\u0259s\u0259b\u0259 \u0259razisind\u0259 yerl\u0259\u015f\u0259n 99, 143, 115, 30 sayl\u0131 m\u0259kt\u0259bl\u0259rin \u015fagirdl\u0259ri i\u015ftirak edib. Ekskursiya zaman\u0131 muzey b\u0259l\u0259d\u00e7isi muzey haqq\u0131nda \u0259trafl\u0131 m\u0259lumat ver\u0259r\u0259k bildirib ki, Az\u04d9rbaycan Musiqi M\u04d9d\u04d9niyy\u04d9ti D\u00f6vl\u04d9t Muzeyi [&hellip;]<\/p>\n","protected":false},"author":1,"featured_media":0,"comment_status":"closed","ping_status":"closed","sticky":false,"template":"","format":"standard","meta":{"footnotes":""},"categories":[5,1,8,4],"tags":[],"class_list":["post-2022","post","type-post","status-publish","format-standard","hentry","category-xeberler","category-fealiyyetlerimiz","category-hesabat","category-gorulen-ishler"],"_links":{"self":[{"href":"http:\/\/belediyye.az\/resulzade\/wp-json\/wp\/v2\/posts\/2022","targetHints":{"allow":["GET"]}}],"collection":[{"href":"http:\/\/belediyye.az\/resulzade\/wp-json\/wp\/v2\/posts"}],"about":[{"href":"http:\/\/belediyye.az\/resulzade\/wp-json\/wp\/v2\/types\/post"}],"author":[{"embeddable":true,"href":"http:\/\/belediyye.az\/resulzade\/wp-json\/wp\/v2\/users\/1"}],"replies":[{"embeddable":true,"href":"http:\/\/belediyye.az\/resulzade\/wp-json\/wp\/v2\/comments?post=2022"}],"version-history":[{"count":3,"href":"http:\/\/belediyye.az\/resulzade\/wp-json\/wp\/v2\/posts\/2022\/revisions"}],"predecessor-version":[{"id":2030,"href":"http:\/\/belediyye.az\/resulzade\/wp-json\/wp\/v2\/posts\/2022\/revisions\/2030"}],"wp:attachment":[{"href":"http:\/\/belediyye.az\/resulzade\/wp-json\/wp\/v2\/media?parent=2022"}],"wp:term":[{"taxonomy":"category","embeddable":true,"href":"http:\/\/belediyye.az\/resulzade\/wp-json\/wp\/v2\/categories?post=2022"},{"taxonomy":"post_tag","embeddable":true,"href":"http:\/\/belediyye.az\/resulzade\/wp-json\/wp\/v2\/tags?post=2022"}],"curies":[{"name":"wp","href":"https:\/\/api.w.org\/{rel}","templated":true}]}}