{"id":2013,"date":"2017-11-20T17:32:48","date_gmt":"2017-11-20T13:32:48","guid":{"rendered":"http:\/\/belediyye.az\/resulzade\/?p=2013"},"modified":"2017-11-27T17:35:55","modified_gmt":"2017-11-27T13:35:55","slug":"az%c9%99rbaycan-respublikasi-prezidenti-ilham-%c9%99liyev-18-noyabr-2017-ci-il-tarixd%c9%99-az%c9%99rbaycan-respublikasinin-ictimai-siyasi-h%c9%99yatinda-f%c9%99al-istirak-ed%c9%99n-bir-qrup-s%c9%99xs","status":"publish","type":"post","link":"http:\/\/belediyye.az\/resulzade\/az%c9%99rbaycan-respublikasi-prezidenti-ilham-%c9%99liyev-18-noyabr-2017-ci-il-tarixd%c9%99-az%c9%99rbaycan-respublikasinin-ictimai-siyasi-h%c9%99yatinda-f%c9%99al-istirak-ed%c9%99n-bir-qrup-s%c9%99xs\/","title":{"rendered":"Az\u0259rbaycan Respublikas\u0131 Prezidenti \u0130lham \u018fliyev 18 noyabr 2017-ci il tarixd\u0259 Az\u0259rbaycan Respublikas\u0131n\u0131n ictimai-siyasi h\u0259yat\u0131nda f\u0259al i\u015ftirak ed\u0259n bir qrup \u015f\u0259xsin t\u0259ltif edilm\u0259si haqq\u0131nda S\u0259r\u0259ncam imzalay\u0131b"},"content":{"rendered":"<p><a href=\"http:\/\/belediyye.az\/resulzade\/wp-content\/uploads\/2013\/01\/mahir.jpg\"><img loading=\"lazy\" decoding=\"async\" class=\"alignright size-full wp-image-443\" alt=\"mahir\" src=\"http:\/\/belediyye.az\/resulzade\/wp-content\/uploads\/2013\/01\/mahir.jpg\" width=\"226\" height=\"314\" srcset=\"http:\/\/belediyye.az\/resulzade\/wp-content\/uploads\/2013\/01\/mahir.jpg 226w, http:\/\/belediyye.az\/resulzade\/wp-content\/uploads\/2013\/01\/mahir-215x300.jpg 215w, http:\/\/belediyye.az\/resulzade\/wp-content\/uploads\/2013\/01\/mahir-39x55.jpg 39w\" sizes=\"auto, (max-width: 226px) 100vw, 226px\" \/><\/a>Az\u0259rbaycan Respublikas\u0131 Prezidenti \u0130lham \u018fliyev 18 noyabr 2017-ci il tarixd\u0259 Az\u0259rbaycan Respublikas\u0131n\u0131n ictimai-siyasi h\u0259yat\u0131nda f\u0259al i\u015ftirak ed\u0259n bir qrup \u015f\u0259xsin t\u0259ltif edilm\u0259si haqq\u0131nda S\u0259r\u0259ncam imzalay\u0131b. T\u0259ltif olunanlar aras\u0131nda b\u0259l\u0259diyy\u0259 s\u0259drl\u0259ri v\u0259 b\u0259l\u0259diyy\u0259 \u00fczvl\u0259ri d\u0259 vard\u0131r. O c\u00fcml\u0259d\u0259n, S\u0259r\u0259ncama \u0259sas\u0259n M.\u018f.R\u0259sulzad\u0259 b\u0259l\u0259diyy\u0259sinin Yerli iqtisadi inki\u015faf m\u0259s\u0259l\u0259l\u0259ri daimi komissiyan\u0131n s\u0259dri Mahir Abbas\u0259liyev \u201cT\u0259r\u0259qqi\u201d medal\u0131 il\u0259 t\u0259ltif olunub. Bu onu t\u0259sdiq edir ki, b\u0259l\u0259diyy\u0259l\u0259r daim c\u0259nab Prezidentin diqq\u0259t m\u0259rk\u0259zind\u0259dir. Az\u0259rbaycan Respublikas\u0131n\u0131n ictimai-siyasi h\u0259yat\u0131nda f\u0259al i\u015ftirak ed\u0259n bir qrup t\u0259ltif olunanlar\u0131 bu m\u00fcnasib\u0259tl\u0259 t\u0259brik edir v\u0259 b\u0259l\u0259diyy\u0259l\u0259r\u0259 g\u00f6st\u0259rdiyi diqq\u0259t\u0259 g\u00f6r\u0259 M.\u018f.R\u0259sulzad\u0259b\u0259l\u0259diyy\u0259sinin kollektivi ad\u0131ndan c\u0259nab Prezident\u0259 minn\u0259tdarl\u0131\u011f\u0131m\u0131z\u0131 bildiririk!<\/p>\n","protected":false},"excerpt":{"rendered":"<p>Az\u0259rbaycan Respublikas\u0131 Prezidenti \u0130lham \u018fliyev 18 noyabr 2017-ci il tarixd\u0259 Az\u0259rbaycan Respublikas\u0131n\u0131n ictimai-siyasi h\u0259yat\u0131nda f\u0259al i\u015ftirak ed\u0259n bir qrup \u015f\u0259xsin t\u0259ltif edilm\u0259si haqq\u0131nda S\u0259r\u0259ncam imzalay\u0131b. T\u0259ltif olunanlar aras\u0131nda b\u0259l\u0259diyy\u0259 s\u0259drl\u0259ri v\u0259 b\u0259l\u0259diyy\u0259 \u00fczvl\u0259ri d\u0259 vard\u0131r. O c\u00fcml\u0259d\u0259n, S\u0259r\u0259ncama \u0259sas\u0259n M.\u018f.R\u0259sulzad\u0259 b\u0259l\u0259diyy\u0259sinin Yerli iqtisadi inki\u015faf m\u0259s\u0259l\u0259l\u0259ri daimi komissiyan\u0131n s\u0259dri Mahir Abbas\u0259liyev \u201cT\u0259r\u0259qqi\u201d medal\u0131 il\u0259 t\u0259ltif olunub. [&hellip;]<\/p>\n","protected":false},"author":1,"featured_media":0,"comment_status":"closed","ping_status":"closed","sticky":false,"template":"","format":"standard","meta":{"footnotes":""},"categories":[5,1,8,4],"tags":[],"class_list":["post-2013","post","type-post","status-publish","format-standard","hentry","category-xeberler","category-fealiyyetlerimiz","category-hesabat","category-gorulen-ishler"],"_links":{"self":[{"href":"http:\/\/belediyye.az\/resulzade\/wp-json\/wp\/v2\/posts\/2013","targetHints":{"allow":["GET"]}}],"collection":[{"href":"http:\/\/belediyye.az\/resulzade\/wp-json\/wp\/v2\/posts"}],"about":[{"href":"http:\/\/belediyye.az\/resulzade\/wp-json\/wp\/v2\/types\/post"}],"author":[{"embeddable":true,"href":"http:\/\/belediyye.az\/resulzade\/wp-json\/wp\/v2\/users\/1"}],"replies":[{"embeddable":true,"href":"http:\/\/belediyye.az\/resulzade\/wp-json\/wp\/v2\/comments?post=2013"}],"version-history":[{"count":1,"href":"http:\/\/belediyye.az\/resulzade\/wp-json\/wp\/v2\/posts\/2013\/revisions"}],"predecessor-version":[{"id":2014,"href":"http:\/\/belediyye.az\/resulzade\/wp-json\/wp\/v2\/posts\/2013\/revisions\/2014"}],"wp:attachment":[{"href":"http:\/\/belediyye.az\/resulzade\/wp-json\/wp\/v2\/media?parent=2013"}],"wp:term":[{"taxonomy":"category","embeddable":true,"href":"http:\/\/belediyye.az\/resulzade\/wp-json\/wp\/v2\/categories?post=2013"},{"taxonomy":"post_tag","embeddable":true,"href":"http:\/\/belediyye.az\/resulzade\/wp-json\/wp\/v2\/tags?post=2013"}],"curies":[{"name":"wp","href":"https:\/\/api.w.org\/{rel}","templated":true}]}}