{"id":2010,"date":"2017-11-09T17:25:52","date_gmt":"2017-11-09T13:25:52","guid":{"rendered":"http:\/\/belediyye.az\/resulzade\/?p=2010"},"modified":"2017-11-27T17:28:15","modified_gmt":"2017-11-27T13:28:15","slug":"h%c9%99mkarlar-ittifaqlari-konfederasiyasinin-v-m%c9%99clisi-kecirilib","status":"publish","type":"post","link":"http:\/\/belediyye.az\/resulzade\/h%c9%99mkarlar-ittifaqlari-konfederasiyasinin-v-m%c9%99clisi-kecirilib\/","title":{"rendered":"H\u0259mkarlar \u0130ttifaqlar\u0131 Konfederasiyas\u0131n\u0131n V M\u0259clisi ke\u00e7irilib"},"content":{"rendered":"<p>Noyabr\u0131n 8-d\u0259 Az\u0259rbaycan H\u0259mkarlar \u0130ttifaqlar\u0131 Konfederasiyas\u0131n\u0131n V M\u0259clisi ke\u00e7irilib. M\u0259clisi giri\u015f s\u00f6z\u00fc il\u0259 a\u00e7an AH\u0130K-in s\u0259dri, Beyn\u0259lxalq H\u0259mkarlar \u0130ttifaqlar\u0131 Konfederasiyas\u0131n\u0131n (BH\u0130K) vitse-prezidenti, Milli M\u0259clisin deputat\u0131 S\u0259ttar M\u00f6hbal\u0131yev g\u00fcnd\u0259likd\u0259 duran m\u0259s\u0259l\u0259 il\u0259 ba\u011fl\u0131 m\u0259lumat ver\u0259r\u0259k bildirib ki, 2018-ci ild\u0259 Az\u0259rbaycan H\u0259mkarlar \u0130ttifaqlar\u0131 Konfederasiyas\u0131n\u0131n V qurultay\u0131n\u0131n \u00e7a\u011f\u0131r\u0131lmas\u0131 m\u0259s\u0259l\u0259si M\u0259clis \u00fczvl\u0259rinin m\u00fczakir\u0259sin\u0259 verilir.<br \/>\nAH\u0130K g\u0259ncl\u0259rin istehsalata\u00a0h\u0259m ixtisasl\u0131 kadr, h\u0259m d\u0259 f\u0259al ictimaiyy\u0259t\u00e7i kimi haz\u0131rl\u0131\u011f\u0131 i\u015find\u0259 stimulla\u015fd\u0131rma metodlar\u0131ndan geni\u015f istifad\u0259 edir. AH\u0130K \u0130K-nin \u00abG\u0259ncl\u0259rl\u0259 i\u015f \u00fczr\u0259 \u0259n yax\u015f\u0131 ilk H\u0130 t\u0259\u015fkilat\u0131 ad\u0131 u\u011frunda\u00bb, \u00abBu \u2013 m\u0259nim pe\u015f\u0259mdir\u00bb, \u00abGender bilikl\u0259ri v\u0259 texnologiyas\u0131 m\u0259kt\u0259bi\u00bb, \u00ab\u0130lin pe\u015f\u0259kar g\u0259nci\u00bb v\u0259 \u201cG\u0259nc h\u0259mkarlar ittifaq\u0131 lideri m\u0259kt\u0259bi\u201d- g\u0259nc i\u015f\u00e7il\u0259r \u00fc\u00e7\u00fcn kompleks proqram haqq\u0131nda q\u0259rarlar\u0131 bu m\u0259qs\u0259dl\u0259ri g\u00fcd\u00fcr. H\u0259min layih\u0259l\u0259rin yerl\u0259rd\u0259 icras\u0131 m\u00fcxt\u0259lif sah\u0259l\u0259rd\u0259 \u00e7al\u0131\u015fan g\u0259ncl\u0259rin potensial\u0131n\u0131n inki\u015faf\u0131na, pe\u015f\u0259karl\u0131q s\u0259viyy\u0259sinin daha da art\u0131r\u0131lmas\u0131na v\u0259 h\u0259mkarlar ittifaqi \u00fczvl\u00fcy\u00fcn\u0259 motivasiyanin g\u00fccl\u0259ndirilm\u0259sin\u0259 y\u00f6n\u0259ldilir.<br \/>\nS. M\u00f6hbal\u0131yev bildirib ki, sah\u0259 h\u0259mkarlar ittifaqi orqanlar\u0131 t\u0259r\u0259find\u0259n \u201c\u0130lin pe\u015f\u0259kar g\u0259nci\u201d f\u0259xri ad\u0131n\u0131n verilm\u0259si v\u0259 \u201cG\u0259nc h\u0259mkarlar ittifaq\u0131 lideri m\u0259kt\u0259bi\u201d layih\u0259sind\u0259 f\u0259rql\u0259n\u0259nl\u0259r bar\u0259d\u0259 verilmi\u015f t\u0259qdimatlar AH\u0130K \u0130craiyy\u0259 Komit\u0259sinin q\u0259rarlar\u0131 il\u0259 t\u0259sdiq edilib. \u201cBu g\u00fcn f\u0259xri ada v\u0259 diplomlara layiq g\u00f6r\u00fcl\u0259n g\u0259ncl\u0259rimiz y\u00fcks\u0259k pe\u015f\u0259 haz\u0131rl\u0131\u011f\u0131, ictimai h\u0259yatda f\u0259al i\u015ftirak\u0131, \u0259m\u0259k intizam\u0131, eyni zamanda y\u00fcks\u0259k bilik s\u0259viyy\u0259si v\u0259 s\u0259n\u0259t t\u0259cr\u00fcb\u0259sin\u0259 malik olmalar\u0131 il\u0259 se\u00e7ilibl\u0259r.Biz onlar\u0131n h\u0259r birini \u00fcr\u0259kd\u0259n t\u0259brik edir, h\u0259yatda v\u0259 g\u0259l\u0259c\u0259k f\u0259aliyy\u0259tl\u0259rind\u0259 daha y\u00fcks\u0259k nailiyy\u0259tl\u0259r\u0259 imza atmalar\u0131n\u0131 arzulay\u0131r\u0131q.\u201d<br \/>\nT\u0259dbirin sonunda \u201c\u0130lin pe\u015f\u0259kar g\u0259nci\u201d f\u0259xri ad\u0131n\u0131 alan qalibl\u0259r\u0259 m\u00fckafatlar t\u0259qdim olunub.<br \/>\nQeyd ed\u0259k ki, ke\u00e7iril\u0259n t\u0259dbird\u0259 M.\u018f.R\u0259sulzad\u0259 b\u0259l\u0259diyy\u0259sinin \u00fczv\u00fc Ayla \u0130brahimova da m\u00fckafata layiq g\u00f6r\u00fcl\u00fcb. Bu m\u00fcnasib\u0259tl\u0259 onu t\u0259brik edir, g\u0259l\u0259c\u0259k f\u0259aliyy\u0259tind\u0259 u\u011furlar arzulay\u0131r\u0131q.<\/p>\n<p><a href=\"http:\/\/belediyye.az\/resulzade\/wp-content\/uploads\/2017\/11\/23319348_2107377796163931_5660355958350064105_n.jpg\"><img loading=\"lazy\" decoding=\"async\" class=\"alignright size-full wp-image-2011\" alt=\"23319348_2107377796163931_5660355958350064105_n\" src=\"http:\/\/belediyye.az\/resulzade\/wp-content\/uploads\/2017\/11\/23319348_2107377796163931_5660355958350064105_n.jpg\" width=\"960\" height=\"673\" srcset=\"http:\/\/belediyye.az\/resulzade\/wp-content\/uploads\/2017\/11\/23319348_2107377796163931_5660355958350064105_n.jpg 960w, http:\/\/belediyye.az\/resulzade\/wp-content\/uploads\/2017\/11\/23319348_2107377796163931_5660355958350064105_n-300x210.jpg 300w, http:\/\/belediyye.az\/resulzade\/wp-content\/uploads\/2017\/11\/23319348_2107377796163931_5660355958350064105_n-78x55.jpg 78w\" sizes=\"auto, (max-width: 960px) 100vw, 960px\" \/><\/a><\/p>\n","protected":false},"excerpt":{"rendered":"<p>Noyabr\u0131n 8-d\u0259 Az\u0259rbaycan H\u0259mkarlar \u0130ttifaqlar\u0131 Konfederasiyas\u0131n\u0131n V M\u0259clisi ke\u00e7irilib. M\u0259clisi giri\u015f s\u00f6z\u00fc il\u0259 a\u00e7an AH\u0130K-in s\u0259dri, Beyn\u0259lxalq H\u0259mkarlar \u0130ttifaqlar\u0131 Konfederasiyas\u0131n\u0131n (BH\u0130K) vitse-prezidenti, Milli M\u0259clisin deputat\u0131 S\u0259ttar M\u00f6hbal\u0131yev g\u00fcnd\u0259likd\u0259 duran m\u0259s\u0259l\u0259 il\u0259 ba\u011fl\u0131 m\u0259lumat ver\u0259r\u0259k bildirib ki, 2018-ci ild\u0259 Az\u0259rbaycan H\u0259mkarlar \u0130ttifaqlar\u0131 Konfederasiyas\u0131n\u0131n V qurultay\u0131n\u0131n \u00e7a\u011f\u0131r\u0131lmas\u0131 m\u0259s\u0259l\u0259si M\u0259clis \u00fczvl\u0259rinin m\u00fczakir\u0259sin\u0259 verilir. AH\u0130K g\u0259ncl\u0259rin istehsalata\u00a0h\u0259m ixtisasl\u0131 kadr, [&hellip;]<\/p>\n","protected":false},"author":1,"featured_media":0,"comment_status":"closed","ping_status":"closed","sticky":false,"template":"","format":"standard","meta":{"footnotes":""},"categories":[5,1,8,4],"tags":[],"class_list":["post-2010","post","type-post","status-publish","format-standard","hentry","category-xeberler","category-fealiyyetlerimiz","category-hesabat","category-gorulen-ishler"],"_links":{"self":[{"href":"http:\/\/belediyye.az\/resulzade\/wp-json\/wp\/v2\/posts\/2010","targetHints":{"allow":["GET"]}}],"collection":[{"href":"http:\/\/belediyye.az\/resulzade\/wp-json\/wp\/v2\/posts"}],"about":[{"href":"http:\/\/belediyye.az\/resulzade\/wp-json\/wp\/v2\/types\/post"}],"author":[{"embeddable":true,"href":"http:\/\/belediyye.az\/resulzade\/wp-json\/wp\/v2\/users\/1"}],"replies":[{"embeddable":true,"href":"http:\/\/belediyye.az\/resulzade\/wp-json\/wp\/v2\/comments?post=2010"}],"version-history":[{"count":1,"href":"http:\/\/belediyye.az\/resulzade\/wp-json\/wp\/v2\/posts\/2010\/revisions"}],"predecessor-version":[{"id":2012,"href":"http:\/\/belediyye.az\/resulzade\/wp-json\/wp\/v2\/posts\/2010\/revisions\/2012"}],"wp:attachment":[{"href":"http:\/\/belediyye.az\/resulzade\/wp-json\/wp\/v2\/media?parent=2010"}],"wp:term":[{"taxonomy":"category","embeddable":true,"href":"http:\/\/belediyye.az\/resulzade\/wp-json\/wp\/v2\/categories?post=2010"},{"taxonomy":"post_tag","embeddable":true,"href":"http:\/\/belediyye.az\/resulzade\/wp-json\/wp\/v2\/tags?post=2010"}],"curies":[{"name":"wp","href":"https:\/\/api.w.org\/{rel}","templated":true}]}}