{"id":2004,"date":"2017-11-02T17:11:54","date_gmt":"2017-11-02T13:11:54","guid":{"rendered":"http:\/\/belediyye.az\/resulzade\/?p=2004"},"modified":"2017-11-27T17:25:44","modified_gmt":"2017-11-27T13:25:44","slug":"avropa-surasinin-s%c9%99rq-t%c9%99r%c9%99fdasligi-olk%c9%99l%c9%99rind%c9%99-qadinlarin-siyasi-t%c9%99msilciliyin%c9%99-dair-regional-arasdirmanin-t%c9%99qdimati-kecirilib","status":"publish","type":"post","link":"http:\/\/belediyye.az\/resulzade\/avropa-surasinin-s%c9%99rq-t%c9%99r%c9%99fdasligi-olk%c9%99l%c9%99rind%c9%99-qadinlarin-siyasi-t%c9%99msilciliyin%c9%99-dair-regional-arasdirmanin-t%c9%99qdimati-kecirilib\/","title":{"rendered":"Avropa \u015euras\u0131n\u0131n \u015e\u0259rq T\u0259r\u0259fda\u015fl\u0131\u011f\u0131 \u00d6lk\u0259l\u0259rind\u0259 Qad\u0131nlar\u0131n Siyasi T\u0259msil\u00e7iliyin\u0259 dair Regional Ara\u015fd\u0131rman\u0131n t\u0259qdimat\u0131 ke\u00e7irilib"},"content":{"rendered":"<p>01 noyabr 2017-ci il tarixind\u0259 Avropa \u015euras\u0131n\u0131n \u015e\u0259rq T\u0259r\u0259fda\u015fl\u0131\u011f\u0131 \u00d6lk\u0259l\u0259rind\u0259 Qad\u0131nlar\u0131n Siyasi T\u0259msil\u00e7iliyin\u0259 dair Regional Ara\u015fd\u0131rman\u0131n t\u0259qdimat\u0131 ke\u00e7irilib. Ke\u00e7iril\u0259n t\u0259qdimatda Avropa \u015euras\u0131n\u0131n Bak\u0131 Ofisinin r\u0259hb\u0259ri Zoltan Hernye\u015f, Avropa \u0130ttifaq\u0131n\u0131n Az\u0259rbaycandak\u0131 r\u0259hb\u0259ri Kestutis Jankauskas, Milli M\u0259clisin \u00fczv\u00fc, Beyn\u0259lxalq m\u00fcnasib\u0259tl\u0259r v\u0259 parlamentl\u0259raras\u0131 \u0259laq\u0259l\u0259r komit\u0259sinin s\u0259dr m\u00fcavini Sevinc F\u0259t\u0259liyeva, Milli M\u0259clisin \u00fczv\u00fc, Ail\u0259, qad\u0131n v\u0259 u\u015faq m\u0259s\u0259l\u0259l\u0259ri komit\u0259sinin s\u0259dr m\u00fcavini Sahib\u0259 Qafarova , Ail\u0259, qad\u0131n v\u0259 u\u015faq m\u0259s\u0259l\u0259l\u0259ri komit\u0259sinin informasiya v\u0259 analitik ara\u015fd\u0131rmalar \u015f\u00f6b\u0259sinin m\u00fcdiri Elg\u00fcn S\u0259f\u0259rov v\u0259 ba\u015fqa qonaqlar i\u015ftirak edib. T\u0259dbird\u0259 Avropa \u015euras\u0131n\u0131n \u015e\u0259rq T\u0259r\u0259fda\u015fl\u0131\u011f\u0131 \u00d6lk\u0259l\u0259rind\u0259 \u201cQad\u0131nlar\u0131n Siyasi T\u0259msil\u00e7iliyin\u0259 dair Regional Ara\u015fd\u0131rman\u0131n\u201d t\u0259qdimat\u0131, Qad\u0131nlar\u0131n siyasi t\u0259msil\u00e7iliyini art\u0131rmaq \u00fc\u00e7\u00fcn mexaniziml\u0259r v\u0259 c\u0259miyy\u0259td\u0259 gender stereotipl\u0259rinin aradan qald\u0131r\u0131lmas\u0131 m\u00f6vzular\u0131nda \u00e7\u0131x\u0131\u015flar dinl\u0259nilib v\u0259 m\u00f6vzular \u0259traf\u0131nda m\u00fczakir\u0259l\u0259r apar\u0131l\u0131b.<br \/>\nQeyd ed\u0259k ki, t\u0259dbird\u0259 M.\u018f.R\u0259sulzad\u0259 b\u0259l\u0259diyy\u0259si Yerli Sosial m\u0259s\u0259l\u0259l\u0259r daimi komissiyas\u0131n\u0131n s\u0259dri G\u00fcnel Vahabzad\u0259 v\u0259 \u0259razi ilk partiya t\u0259\u015fkilat\u0131 \u00fczr\u0259 G\u0259ncl\u0259r Birliyinin s\u0259dri Ayla \u0130brahimovada i\u015ftirak edib.<a href=\"http:\/\/belediyye.az\/resulzade\/wp-content\/uploads\/2017\/11\/23157373_2104438526457858_4774035876199159986_o.jpg\"><img loading=\"lazy\" decoding=\"async\" class=\"alignright size-full wp-image-2006\" alt=\"23157373_2104438526457858_4774035876199159986_o\" src=\"http:\/\/belediyye.az\/resulzade\/wp-content\/uploads\/2017\/11\/23157373_2104438526457858_4774035876199159986_o.jpg\" width=\"2048\" height=\"1536\" srcset=\"http:\/\/belediyye.az\/resulzade\/wp-content\/uploads\/2017\/11\/23157373_2104438526457858_4774035876199159986_o.jpg 2048w, http:\/\/belediyye.az\/resulzade\/wp-content\/uploads\/2017\/11\/23157373_2104438526457858_4774035876199159986_o-300x225.jpg 300w, http:\/\/belediyye.az\/resulzade\/wp-content\/uploads\/2017\/11\/23157373_2104438526457858_4774035876199159986_o-1024x768.jpg 1024w, http:\/\/belediyye.az\/resulzade\/wp-content\/uploads\/2017\/11\/23157373_2104438526457858_4774035876199159986_o-73x55.jpg 73w, http:\/\/belediyye.az\/resulzade\/wp-content\/uploads\/2017\/11\/23157373_2104438526457858_4774035876199159986_o-75x55.jpg 75w, http:\/\/belediyye.az\/resulzade\/wp-content\/uploads\/2017\/11\/23157373_2104438526457858_4774035876199159986_o-60x45.jpg 60w\" sizes=\"auto, (max-width: 2048px) 100vw, 2048px\" \/><\/a> <a href=\"http:\/\/belediyye.az\/resulzade\/wp-content\/uploads\/2017\/11\/23004671_2104438453124532_3543971875780253452_o.jpg\"><img loading=\"lazy\" decoding=\"async\" class=\"alignright size-full wp-image-2005\" alt=\"23004671_2104438453124532_3543971875780253452_o\" src=\"http:\/\/belediyye.az\/resulzade\/wp-content\/uploads\/2017\/11\/23004671_2104438453124532_3543971875780253452_o.jpg\" width=\"2048\" height=\"1536\" srcset=\"http:\/\/belediyye.az\/resulzade\/wp-content\/uploads\/2017\/11\/23004671_2104438453124532_3543971875780253452_o.jpg 2048w, http:\/\/belediyye.az\/resulzade\/wp-content\/uploads\/2017\/11\/23004671_2104438453124532_3543971875780253452_o-300x225.jpg 300w, http:\/\/belediyye.az\/resulzade\/wp-content\/uploads\/2017\/11\/23004671_2104438453124532_3543971875780253452_o-1024x768.jpg 1024w, http:\/\/belediyye.az\/resulzade\/wp-content\/uploads\/2017\/11\/23004671_2104438453124532_3543971875780253452_o-73x55.jpg 73w, http:\/\/belediyye.az\/resulzade\/wp-content\/uploads\/2017\/11\/23004671_2104438453124532_3543971875780253452_o-75x55.jpg 75w, http:\/\/belediyye.az\/resulzade\/wp-content\/uploads\/2017\/11\/23004671_2104438453124532_3543971875780253452_o-60x45.jpg 60w\" sizes=\"auto, (max-width: 2048px) 100vw, 2048px\" \/><\/a><\/p>\n<p><a href=\"http:\/\/belediyye.az\/resulzade\/wp-content\/uploads\/2017\/11\/23172866_2104438809791163_4809622629358847981_n.jpg\"><img loading=\"lazy\" decoding=\"async\" class=\"alignright size-full wp-image-2007\" alt=\"23172866_2104438809791163_4809622629358847981_n\" src=\"http:\/\/belediyye.az\/resulzade\/wp-content\/uploads\/2017\/11\/23172866_2104438809791163_4809622629358847981_n.jpg\" width=\"720\" height=\"960\" srcset=\"http:\/\/belediyye.az\/resulzade\/wp-content\/uploads\/2017\/11\/23172866_2104438809791163_4809622629358847981_n.jpg 720w, http:\/\/belediyye.az\/resulzade\/wp-content\/uploads\/2017\/11\/23172866_2104438809791163_4809622629358847981_n-225x300.jpg 225w, http:\/\/belediyye.az\/resulzade\/wp-content\/uploads\/2017\/11\/23172866_2104438809791163_4809622629358847981_n-41x55.jpg 41w\" sizes=\"auto, (max-width: 720px) 100vw, 720px\" \/><\/a><\/p>\n","protected":false},"excerpt":{"rendered":"<p>01 noyabr 2017-ci il tarixind\u0259 Avropa \u015euras\u0131n\u0131n \u015e\u0259rq T\u0259r\u0259fda\u015fl\u0131\u011f\u0131 \u00d6lk\u0259l\u0259rind\u0259 Qad\u0131nlar\u0131n Siyasi T\u0259msil\u00e7iliyin\u0259 dair Regional Ara\u015fd\u0131rman\u0131n t\u0259qdimat\u0131 ke\u00e7irilib. Ke\u00e7iril\u0259n t\u0259qdimatda Avropa \u015euras\u0131n\u0131n Bak\u0131 Ofisinin r\u0259hb\u0259ri Zoltan Hernye\u015f, Avropa \u0130ttifaq\u0131n\u0131n Az\u0259rbaycandak\u0131 r\u0259hb\u0259ri Kestutis Jankauskas, Milli M\u0259clisin \u00fczv\u00fc, Beyn\u0259lxalq m\u00fcnasib\u0259tl\u0259r v\u0259 parlamentl\u0259raras\u0131 \u0259laq\u0259l\u0259r komit\u0259sinin s\u0259dr m\u00fcavini Sevinc F\u0259t\u0259liyeva, Milli M\u0259clisin \u00fczv\u00fc, Ail\u0259, qad\u0131n v\u0259 u\u015faq m\u0259s\u0259l\u0259l\u0259ri komit\u0259sinin [&hellip;]<\/p>\n","protected":false},"author":1,"featured_media":0,"comment_status":"closed","ping_status":"closed","sticky":false,"template":"","format":"standard","meta":{"footnotes":""},"categories":[5,1,8,4],"tags":[],"class_list":["post-2004","post","type-post","status-publish","format-standard","hentry","category-xeberler","category-fealiyyetlerimiz","category-hesabat","category-gorulen-ishler"],"_links":{"self":[{"href":"http:\/\/belediyye.az\/resulzade\/wp-json\/wp\/v2\/posts\/2004","targetHints":{"allow":["GET"]}}],"collection":[{"href":"http:\/\/belediyye.az\/resulzade\/wp-json\/wp\/v2\/posts"}],"about":[{"href":"http:\/\/belediyye.az\/resulzade\/wp-json\/wp\/v2\/types\/post"}],"author":[{"embeddable":true,"href":"http:\/\/belediyye.az\/resulzade\/wp-json\/wp\/v2\/users\/1"}],"replies":[{"embeddable":true,"href":"http:\/\/belediyye.az\/resulzade\/wp-json\/wp\/v2\/comments?post=2004"}],"version-history":[{"count":2,"href":"http:\/\/belediyye.az\/resulzade\/wp-json\/wp\/v2\/posts\/2004\/revisions"}],"predecessor-version":[{"id":2009,"href":"http:\/\/belediyye.az\/resulzade\/wp-json\/wp\/v2\/posts\/2004\/revisions\/2009"}],"wp:attachment":[{"href":"http:\/\/belediyye.az\/resulzade\/wp-json\/wp\/v2\/media?parent=2004"}],"wp:term":[{"taxonomy":"category","embeddable":true,"href":"http:\/\/belediyye.az\/resulzade\/wp-json\/wp\/v2\/categories?post=2004"},{"taxonomy":"post_tag","embeddable":true,"href":"http:\/\/belediyye.az\/resulzade\/wp-json\/wp\/v2\/tags?post=2004"}],"curies":[{"name":"wp","href":"https:\/\/api.w.org\/{rel}","templated":true}]}}