{"id":1990,"date":"2017-10-31T16:53:09","date_gmt":"2017-10-31T12:53:09","guid":{"rendered":"http:\/\/belediyye.az\/resulzade\/?p=1990"},"modified":"2017-11-27T17:09:56","modified_gmt":"2017-11-27T13:09:56","slug":"yerli-demokratiyanin-inkisafi-namin%c9%99-v%c9%99t%c9%99ndaslarin-istiraki-maarifl%c9%99ndirilm%c9%99si-v%c9%99-ohd%c9%99likl%c9%99ri-devizi-altinda-b%c9%99l%c9%99diyy","status":"publish","type":"post","link":"http:\/\/belediyye.az\/resulzade\/yerli-demokratiyanin-inkisafi-namin%c9%99-v%c9%99t%c9%99ndaslarin-istiraki-maarifl%c9%99ndirilm%c9%99si-v%c9%99-ohd%c9%99likl%c9%99ri-devizi-altinda-b%c9%99l%c9%99diyy\/","title":{"rendered":"\u201cYerli demokratiyan\u0131n inki\u015faf\u0131 namin\u0259 v\u0259t\u0259nda\u015flar\u0131n i\u015ftirak\u0131, maarifl\u0259ndirilm\u0259si v\u0259 \u00f6hd\u0259likl\u0259ri\u201d devizi alt\u0131nda \u201cB\u0259l\u0259diyy\u0259l\u0259r demokratik sistemin \u00f6z\u0259yi kimi\u201d m\u00f6vzusunda t\u0259dbir ke\u00e7irilmi\u015fdir"},"content":{"rendered":"<p style=\"text-align: justify;\"><a href=\"http:\/\/belediyye.az\/resulzade\/wp-content\/uploads\/2017\/11\/4.jpg\"><img loading=\"lazy\" decoding=\"async\" class=\"alignright size-full wp-image-1992\" alt=\"4\" src=\"http:\/\/belediyye.az\/resulzade\/wp-content\/uploads\/2017\/11\/4.jpg\" width=\"600\" height=\"399\" srcset=\"http:\/\/belediyye.az\/resulzade\/wp-content\/uploads\/2017\/11\/4.jpg 600w, http:\/\/belediyye.az\/resulzade\/wp-content\/uploads\/2017\/11\/4-300x199.jpg 300w, http:\/\/belediyye.az\/resulzade\/wp-content\/uploads\/2017\/11\/4-82x55.jpg 82w, http:\/\/belediyye.az\/resulzade\/wp-content\/uploads\/2017\/11\/4-120x80.jpg 120w\" sizes=\"auto, (max-width: 600px) 100vw, 600px\" \/><\/a>YAP Bin\u0259q\u0259di Rayon T\u0259\u015fkilat\u0131n\u0131n akt zal\u0131nda Az\u0259rbaycanda \u201cYerli Demokratiya H\u0259ft\u0259si\u201dnin 10 illiyi \u00e7\u0259r\u00e7iv\u0259sind\u0259 \u201cYerli demokratiyan\u0131n inki\u015faf\u0131 namin\u0259 v\u0259t\u0259nda\u015flar\u0131n i\u015ftirak\u0131, maarifl\u0259ndirilm\u0259si v\u0259 \u00f6hd\u0259likl\u0259ri\u201d devizi alt\u0131nda \u201cB\u0259l\u0259diyy\u0259l\u0259r demokratik sistemin \u00f6z\u0259yi kimi\u201d m\u00f6vzusunda t\u0259dbir ke\u00e7irilmi\u015fdir.<br \/>\nT\u0259dbird\u0259 Milli M\u0259clisin Regional m\u0259s\u0259l\u0259l\u0259r Komit\u0259sinin \u00fczv\u00fc, Mill\u0259t v\u0259kili Kamran Bayramov, Bin\u0259q\u0259di Rayon \u0130cra Hakimiyy\u0259ti ba\u015f\u00e7\u0131s\u0131n\u0131n birinci m\u00fcavini \u0130lqar S\u00fcleymanov, Bin\u0259q\u0259di Rayon \u0130cra Hakimiyy\u0259ti ba\u015f\u00e7\u0131s\u0131 Aparat\u0131n\u0131n \u018frazi idar\u0259etm\u0259 v\u0259 yerli \u00f6z\u00fcn\u00fcidar\u0259etm\u0259 orqanlar\u0131 il\u0259 i\u015f \u015f\u00f6b\u0259sinin m\u00fcdiri Ramiz G\u00f6y\u00fc\u015fov, Az\u0259rbaycan \u015e\u0259h\u0259r, Q\u0259s\u0259b\u0259, K\u0259nd B\u0259l\u0259diyy\u0259l\u0259ri Milli Asossiasiyalar\u0131n\u0131n, M\u00fcxt\u0259lif Qeyri-H\u00f6kum\u0259t t\u0259\u015fkilatlar\u0131n\u0131n, K\u00fctl\u0259vi-\u0130nformasiya vasit\u0259l\u0259rinin n\u00fcmay\u0259nd\u0259l\u0259ri, Bin\u0259q\u0259di rayonunda f\u0259aliyy\u0259t g\u00f6st\u0259r\u0259n b\u0259l\u0259diyy\u0259l\u0259rin s\u0259drl\u0259ri, \u00fczvl\u0259ri, rayon ictimaiyy\u0259tinin n\u00fcmay\u0259nd\u0259l\u0259ri v\u0259 se\u00e7icil\u0259r i\u015ftirak etmi\u015fdir.<br \/>\nG\u00f6r\u00fc\u015f\u00fc giri\u015f s\u00f6z\u00fc il\u0259 a\u00e7an M.\u018f.R\u0259sulzad\u0259 b\u0259l\u0259diyy\u0259sinin s\u0259dri H\u00fcmb\u0259t H\u00fcseynov \u201cYerli Demokratiya H\u0259ft\u0259si\u201dnin yaranma tarixind\u0259n, \u00f6t\u0259n 10 il m\u00fcdd\u0259tind\u0259 g\u00f6r\u00fcl\u0259n i\u015fl\u0259rd\u0259n dan\u0131\u015faraq bildirdi ki, \u0259sas\u0131 ilk d\u0259f\u0259 2007-ci ilin oktyabr ay\u0131n\u0131n 15-d\u0259 \u0130spaniyan\u0131n Valensiya \u015f\u0259h\u0259rind\u0259 ke\u00e7irilmi\u015f Avropa \u015euras\u0131 Yerli v\u0259 Regional Hakimiyy\u0259tl\u0259rd\u0259 m\u0259sul nazirl\u0259rin T\u0259dbirinin q\u0259rar\u0131 il\u0259 start g\u00f6t\u00fcrm\u00fc\u015f Avropa \u00f6lk\u0259l\u0259rind\u0259 \u201cYeli demokratiya h\u0259ft\u0259l\u0259ri\u201d Az\u0259rbaycanda Milli Assosiasiyalar\u0131n t\u00f6vsiy\u0259l\u0259ri \u0259sas\u0131nda 2007-ci ilin noyabr ay\u0131nda ke\u00e7irilm\u0259y\u0259 ba\u015flanm\u0131\u015fd\u0131r. 2008-ci ild\u0259 Yevlax \u015f\u0259h\u0259rind\u0259 ke\u00e7irilmi\u015f b\u0259l\u0259diyy\u0259 s\u0259drl\u0259rinin II \u00dcmumrespublika Toplant\u0131s\u0131nda \u201cYerli Demokratiya H\u0259ft\u0259\u201dsinin h\u0259r il t\u0259\u015fkil olunmas\u0131 bar\u0259d\u0259 bir daha q\u0259rar q\u0259bul edilmi\u015f v\u0259 haz\u0131rda bu t\u0259dbir u\u011furla davam etm\u0259kd\u0259dir.<br \/>\nRayon b\u0259l\u0259diyy\u0259l\u0259ri t\u0259r\u0259find\u0259n \u201cBir b\u0259l\u0259diyy\u0259-az\u0131 bir layih\u0259\u201d t\u0259\u015f\u0259bb\u00fcs\u00fc \u00e7\u0259r\u00e7iv\u0259sind\u0259 h\u0259yata ke\u00e7irilmi\u015f \u00e7oxsayl\u0131 layih\u0259l\u0259r bar\u0259d\u0259 dan\u0131\u015fan H\u00fcmb\u0259t H\u00fcseynov daha sonra b\u0259l\u0259diyy\u0259l\u0259rd\u0259 vergi v\u0259 r\u00fcsumlar\u0131n y\u0131\u011f\u0131m\u0131n\u0131n t\u0259\u015fkili, m\u00f6vcud probleml\u0259r v\u0259 onlar\u0131n h\u0259lli yollar\u0131 istiqam\u0259tind\u0259 g\u00f6r\u00fcl\u0259n i\u015fl\u0259r bar\u0259sind\u0259 \u0259trafl\u0131 m\u0259lumat verdi. Sonra \u00e7\u0131x\u0131\u015f \u00fc\u00e7\u00fcn s\u00f6z Bin\u0259q\u0259di rayon b\u0259l\u0259diyy\u0259sinin s\u0259dri Sitar\u0259 Cabbarl\u0131ya verildi. O da \u00f6z n\u00f6vb\u0259sind\u0259 b\u0259l\u0259diyy\u0259l\u0259rin sosial \u015f\u0259b\u0259k\u0259l\u0259rd\u0259 rolu v\u0259 m\u0259h\u0259ll\u0259 komit\u0259l\u0259rinin i\u015finin t\u0259\u015fkili v\u0259 f\u0259aliyy\u0259ti bar\u0259d\u0259 m\u0259lumat verdi.<br \/>\nBin\u0259q\u0259di q\u0259s\u0259b\u0259 b\u0259l\u0259diyy\u0259sinin s\u0259dri Aytac \u018fliyeva b\u0259l\u0259diyy\u0259l\u0259rin inki\u015faf\u0131nda beyn\u0259lxalq t\u0259cr\u00fcb\u0259nin \u0259h\u0259miyy\u0259ti, Bil\u0259c\u0259ri b\u0259l\u0259diyy\u0259sinin s\u0259dri Hikm\u0259t Quliyev b\u0259l\u0259diyy\u0259l\u0259rd\u0259 v\u0259t\u0259nda\u015f m\u00fcraci\u0259tl\u0259rin\u0259 bax\u0131lmas\u0131, onlar t\u0259r\u0259find\u0259n ya\u015fay\u0131\u015f m\u0259h\u0259ll\u0259l\u0259rind\u0259 v\u0259t\u0259nda\u015flarla ke\u00e7iril\u0259n s\u0259yyar g\u00f6r\u00fc\u015fl\u0259rin \u0259h\u0259miyy\u0259ti v\u0259 Xoc\u0259s\u0259n b\u0259l\u0259diyy\u0259sinin s\u0259dri Anar Abbasov is\u0259 b\u0259l\u0259diyy\u0259l\u0259rin ictimai v\u0259 humanitar sektorlar\u0131n f\u0259aliyy\u0259ti bar\u0259d\u0259 \u0259trafl\u0131 m\u0259lumat verdil\u0259r.<br \/>\nSonra Milli M\u0259clisin \u00fczv\u00fc Kamran Bayramov \u00e7\u0131x\u0131\u015f ed\u0259r\u0259k bildirdi ki, beyn\u0259lxalq t\u0259c\u00fcrb\u0259d\u0259n b\u0259hr\u0259l\u0259n\u0259r\u0259k \u00f6lk\u0259d\u0259 yerli \u00f6z\u00fcn\u00fcidar\u0259etm\u0259 orqanlar\u0131n\u0131n rolu g\u00fcnd\u0259n-g\u00fcn\u0259 artmaqdad\u0131r. Bu istiqam\u0259td\u0259 yerli \u00f6z\u00fcn\u00fcidar\u0259etm\u0259 orqanlar\u0131nda demokratiyan\u0131n inki\u015faf\u0131 sah\u0259sind\u0259 apar\u0131lan i\u015fi m\u00fcsb\u0259t qiym\u0259tl\u0259ndirir v\u0259 m\u00f6vcud beyn\u0259lxalq t\u0259cr\u00fcb\u0259d\u0259n m\u00fct\u0259madi istifad\u0259 etm\u0259yi t\u0259klif etdi. Daha sonra b\u0259l\u0259diyy\u0259l\u0259rd\u0259 apar\u0131lan islahatlardan, \u201cYerli demokratiyan\u0131n inki\u015faf\u0131 namin\u0259 v\u0259t\u0259nda\u015flar\u0131n i\u015ftirak\u0131, maarifl\u0259ndirilm\u0259si v\u0259 \u00f6hd\u0259likl\u0259ri\u201dnd\u0259n dan\u0131\u015fan Kamran Bayramov Bin\u0259q\u0259di b\u0259l\u0259diyy\u0259l\u0259rinin bu istiqam\u0259td\u0259 g\u00f6rd\u00fcy\u00fc i\u015fl\u0259ri m\u00fcsb\u0259t qiym\u0259tl\u0259ndirdi.<br \/>\nDaha sonra \u00e7\u0131x\u0131\u015f ed\u0259n Bin\u0259q\u0259di Rayon \u0130cra Hakimiyy\u0259ti ba\u015f\u00e7\u0131s\u0131n\u0131n birinci m\u00fcavini \u0130lqar S\u00fcleymanov b\u0259l\u0259diyy\u0259l\u0259rin Bin\u0259q\u0259di rayonunun h\u0259yat\u0131ndak\u0131 rolu, v\u0259t\u0259nda\u015f-b\u0259l\u0259diyy\u0259 m\u00fcnasib\u0259tl\u0259rind\u0259n, v\u0259t\u0259nda\u015f m\u0259mnunlu\u011funun t\u0259min edilm\u0259si m\u0259qs\u0259di il\u0259 b\u0259l\u0259diyy\u0259l\u0259r t\u0259r\u0259find\u0259n g\u00f6r\u00fcl\u0259n i\u015fl\u0259r v\u0259 b\u0259l\u0259diyy\u0259l\u0259rl\u0259 qar\u015f\u0131l\u0131ql\u0131 m\u00fcnasib\u0259tl\u0259rd\u0259n dan\u0131\u015fd\u0131.<br \/>\n\u0130\u015fg\u00fczar v\u0259 qar\u015f\u0131l\u0131ql\u0131 dialoq \u015f\u0259klind\u0259 ke\u00e7\u0259n t\u0259dbirin sonunda Milli M\u0259clisin deputat\u0131 Kamran Bayramov v\u0259 b\u0259l\u0259diyy\u0259 s\u0259dri t\u0259dbir i\u015ftirak\u00e7\u0131lar\u0131n\u0131 maraqland\u0131ran suallar\u0131 cavabland\u0131rd\u0131.<\/p>\n<p style=\"text-align: justify;\">\n<p style=\"text-align: justify;\"><a href=\"http:\/\/belediyye.az\/resulzade\/wp-content\/uploads\/2017\/11\/11.jpg\"><img loading=\"lazy\" decoding=\"async\" class=\"alignright size-full wp-image-1994\" alt=\"11\" src=\"http:\/\/belediyye.az\/resulzade\/wp-content\/uploads\/2017\/11\/11.jpg\" width=\"600\" height=\"399\" srcset=\"http:\/\/belediyye.az\/resulzade\/wp-content\/uploads\/2017\/11\/11.jpg 600w, http:\/\/belediyye.az\/resulzade\/wp-content\/uploads\/2017\/11\/11-300x199.jpg 300w, http:\/\/belediyye.az\/resulzade\/wp-content\/uploads\/2017\/11\/11-82x55.jpg 82w, http:\/\/belediyye.az\/resulzade\/wp-content\/uploads\/2017\/11\/11-120x80.jpg 120w\" sizes=\"auto, (max-width: 600px) 100vw, 600px\" \/><\/a> <a href=\"http:\/\/belediyye.az\/resulzade\/wp-content\/uploads\/2017\/11\/12.jpg\"><img loading=\"lazy\" decoding=\"async\" class=\"alignright size-full wp-image-1995\" alt=\"12\" src=\"http:\/\/belediyye.az\/resulzade\/wp-content\/uploads\/2017\/11\/12.jpg\" width=\"600\" height=\"450\" srcset=\"http:\/\/belediyye.az\/resulzade\/wp-content\/uploads\/2017\/11\/12.jpg 600w, http:\/\/belediyye.az\/resulzade\/wp-content\/uploads\/2017\/11\/12-300x225.jpg 300w, http:\/\/belediyye.az\/resulzade\/wp-content\/uploads\/2017\/11\/12-73x55.jpg 73w, http:\/\/belediyye.az\/resulzade\/wp-content\/uploads\/2017\/11\/12-75x55.jpg 75w, http:\/\/belediyye.az\/resulzade\/wp-content\/uploads\/2017\/11\/12-60x45.jpg 60w\" sizes=\"auto, (max-width: 600px) 100vw, 600px\" \/><\/a> <a href=\"http:\/\/belediyye.az\/resulzade\/wp-content\/uploads\/2017\/11\/6.jpg\"><img loading=\"lazy\" decoding=\"async\" class=\"alignright size-full wp-image-1993\" alt=\"6\" src=\"http:\/\/belediyye.az\/resulzade\/wp-content\/uploads\/2017\/11\/6.jpg\" width=\"600\" height=\"399\" srcset=\"http:\/\/belediyye.az\/resulzade\/wp-content\/uploads\/2017\/11\/6.jpg 600w, http:\/\/belediyye.az\/resulzade\/wp-content\/uploads\/2017\/11\/6-300x199.jpg 300w, http:\/\/belediyye.az\/resulzade\/wp-content\/uploads\/2017\/11\/6-82x55.jpg 82w, http:\/\/belediyye.az\/resulzade\/wp-content\/uploads\/2017\/11\/6-120x80.jpg 120w\" sizes=\"auto, (max-width: 600px) 100vw, 600px\" \/><\/a><\/p>\n<p style=\"text-align: justify;\">\n","protected":false},"excerpt":{"rendered":"<p>YAP Bin\u0259q\u0259di Rayon T\u0259\u015fkilat\u0131n\u0131n akt zal\u0131nda Az\u0259rbaycanda \u201cYerli Demokratiya H\u0259ft\u0259si\u201dnin 10 illiyi \u00e7\u0259r\u00e7iv\u0259sind\u0259 \u201cYerli demokratiyan\u0131n inki\u015faf\u0131 namin\u0259 v\u0259t\u0259nda\u015flar\u0131n i\u015ftirak\u0131, maarifl\u0259ndirilm\u0259si v\u0259 \u00f6hd\u0259likl\u0259ri\u201d devizi alt\u0131nda \u201cB\u0259l\u0259diyy\u0259l\u0259r demokratik sistemin \u00f6z\u0259yi kimi\u201d m\u00f6vzusunda t\u0259dbir ke\u00e7irilmi\u015fdir. T\u0259dbird\u0259 Milli M\u0259clisin Regional m\u0259s\u0259l\u0259l\u0259r Komit\u0259sinin \u00fczv\u00fc, Mill\u0259t v\u0259kili Kamran Bayramov, Bin\u0259q\u0259di Rayon \u0130cra Hakimiyy\u0259ti ba\u015f\u00e7\u0131s\u0131n\u0131n birinci m\u00fcavini \u0130lqar S\u00fcleymanov, Bin\u0259q\u0259di Rayon \u0130cra [&hellip;]<\/p>\n","protected":false},"author":1,"featured_media":0,"comment_status":"closed","ping_status":"closed","sticky":false,"template":"","format":"standard","meta":{"footnotes":""},"categories":[5,1,8,4],"tags":[],"class_list":["post-1990","post","type-post","status-publish","format-standard","hentry","category-xeberler","category-fealiyyetlerimiz","category-hesabat","category-gorulen-ishler"],"_links":{"self":[{"href":"http:\/\/belediyye.az\/resulzade\/wp-json\/wp\/v2\/posts\/1990","targetHints":{"allow":["GET"]}}],"collection":[{"href":"http:\/\/belediyye.az\/resulzade\/wp-json\/wp\/v2\/posts"}],"about":[{"href":"http:\/\/belediyye.az\/resulzade\/wp-json\/wp\/v2\/types\/post"}],"author":[{"embeddable":true,"href":"http:\/\/belediyye.az\/resulzade\/wp-json\/wp\/v2\/users\/1"}],"replies":[{"embeddable":true,"href":"http:\/\/belediyye.az\/resulzade\/wp-json\/wp\/v2\/comments?post=1990"}],"version-history":[{"count":7,"href":"http:\/\/belediyye.az\/resulzade\/wp-json\/wp\/v2\/posts\/1990\/revisions"}],"predecessor-version":[{"id":2000,"href":"http:\/\/belediyye.az\/resulzade\/wp-json\/wp\/v2\/posts\/1990\/revisions\/2000"}],"wp:attachment":[{"href":"http:\/\/belediyye.az\/resulzade\/wp-json\/wp\/v2\/media?parent=1990"}],"wp:term":[{"taxonomy":"category","embeddable":true,"href":"http:\/\/belediyye.az\/resulzade\/wp-json\/wp\/v2\/categories?post=1990"},{"taxonomy":"post_tag","embeddable":true,"href":"http:\/\/belediyye.az\/resulzade\/wp-json\/wp\/v2\/tags?post=1990"}],"curies":[{"name":"wp","href":"https:\/\/api.w.org\/{rel}","templated":true}]}}