{"id":1974,"date":"2017-10-19T14:55:09","date_gmt":"2017-10-19T10:55:09","guid":{"rendered":"http:\/\/belediyye.az\/resulzade\/?p=1974"},"modified":"2017-10-26T15:00:42","modified_gmt":"2017-10-26T11:00:42","slug":"az%c9%99rbaycan-q%c9%99s%c9%99b%c9%99-b%c9%99l%c9%99diyy%c9%99l%c9%99ri-milli-assosiasiyasinin-s%c9%99dri-m-%c9%99-r%c9%99sulzad%c9%99-b%c9%99l%c9%99diyy%c9%99sinin-s%c9%99dri-humb%c9%99t-huseynov-av","status":"publish","type":"post","link":"http:\/\/belediyye.az\/resulzade\/az%c9%99rbaycan-q%c9%99s%c9%99b%c9%99-b%c9%99l%c9%99diyy%c9%99l%c9%99ri-milli-assosiasiyasinin-s%c9%99dri-m-%c9%99-r%c9%99sulzad%c9%99-b%c9%99l%c9%99diyy%c9%99sinin-s%c9%99dri-humb%c9%99t-huseynov-av\/","title":{"rendered":"Az\u0259rbaycan Q\u0259s\u0259b\u0259 B\u0259l\u0259diyy\u0259l\u0259ri Milli Assosiasiyas\u0131n\u0131n s\u0259dri, M.\u018f.R\u0259sulzad\u0259 b\u0259l\u0259diyy\u0259sinin s\u0259dri H\u00fcmb\u0259t H\u00fcseynov Avropa \u015euras\u0131 Yerli v\u0259 Regional Hakimiyy\u0259tl\u0259r Konqresinin Fransan\u0131n Strasburq \u015f\u0259h\u0259rind\u0259 ke\u00e7iril\u0259n 33-c\u00fc Plenar sessiyas\u0131nda i\u015ftirak edib"},"content":{"rendered":"<p>Oktyab\u0131n 17-d\u0259n 21-n\u0259 kimi Az\u0259rbaycan\u0131n Yerli v\u0259 Regional Hakimiyy\u0259tl\u0259r Orqanlar\u0131n\u0131 t\u0259msil ed\u0259n Milli n\u00fcmay\u0259nd\u0259 hey\u0259tinin \u00fczv\u00fc, Az\u0259rbaycan Q\u0259s\u0259b\u0259 B\u0259l\u0259diyy\u0259l\u0259ri Milli Assosiasiyas\u0131n\u0131n s\u0259dri, M.\u018f.R\u0259sulzad\u0259 b\u0259l\u0259diyy\u0259sinin s\u0259dri H\u00fcmb\u0259t H\u00fcseynov Avropa \u015euras\u0131 Yerli v\u0259 Regional Hakimiyy\u0259tl\u0259r Konqresinin Fransan\u0131n Strasburq \u015f\u0259h\u0259rind\u0259 ke\u00e7iril\u0259n 33-c\u00fc Plenar sessiyas\u0131nda i\u015ftirak edir.<br \/>\nSessiyadan \u00f6nc\u0259 oktyabr\u0131n 16-da Az\u0259rbaycan, Erm\u0259nistan, G\u00fcrc\u00fcstan, Moldova, Ukrayna v\u0259 Belarus respublikalar\u0131n\u0131n n\u00fcmay\u0259nd\u0259l\u0259rinin i\u015ftirak\u0131 il\u0259 ke\u00e7irilmi\u015f iclasda bu \u00f6lk\u0259l\u0259r aras\u0131nda \u0259m\u0259kda\u015fl\u0131q f\u0259aliyy\u0259tl\u0259ri: nailiyy\u0259t v\u0259 perspektivl\u0259r m\u00fczakir\u0259 olunmu\u015fdur.<br \/>\n\u018fsas m\u00f6vzusu \u201cQa\u00e7q\u0131nlar\u0131n u\u011furlu inteqrasiyas\u0131 m\u0259qs\u0259dil\u0259 t\u0259m\u0259rk\u00fczl\u0259\u015fm\u0259 siyas\u0259ti\u201d olan 33-c\u00fc Plenar sessiyan\u0131n gedi\u015fat\u0131nda g\u0259nc qa\u00e7q\u0131nlar\u0131n i\u015ftirak\u0131 g\u00f6zl\u0259nilir, o c\u00fcml\u0259d\u0259n u\u015faq \u2013 miqrantlar\u0131n inteqrasiyas\u0131 m\u0259s\u0259l\u0259si d\u0259 \u0259trafl\u0131 \u00f6yr\u0259nil\u0259c\u0259kdir.<br \/>\nSessiyada korrupsiya il\u0259 m\u00fcbariz\u0259, g\u0259ncl\u0259r siyas\u0259ti, azl\u0131qlara m\u0259nsub olan dill\u0259r\u0259 d\u0259st\u0259k, k\u0259nd regionlar\u0131n\u0131n inki\u015faf\u0131, siyasi h\u0259yatda qad\u0131nlar\u0131n i\u015ftirak\u0131 v\u0259 dig\u0259r m\u0259s\u0259l\u0259l\u0259r\u0259 bax\u0131lacaqd\u0131r. H\u0259m\u00e7inin Avropa \u015euras\u0131n\u0131n bir s\u0131ra \u00fczv \u00f6lk\u0259l\u0259rinin, o c\u00fcml\u0259d\u0259n \u0130taliya, Serbiya v\u0259 \u0130sve\u00e7r\u0259d\u0259 yerli v\u0259 regional s\u0259viyy\u0259l\u0259rd\u0259 demokratiyan\u0131n v\u0259ziyy\u0259tin\u0259 dair s\u0259n\u0259dl\u0259r q\u0259bul olunacaq, b\u0259zi \u00f6lk\u0259l\u0259rd\u0259 is\u0259 yerli se\u00e7kil\u0259rin m\u00fc\u015fahid\u0259 olunmas\u0131 prosesin\u0259 dair t\u00f6vsiy\u0259l\u0259r haz\u0131rlanacaqd\u0131r.<br \/>\nKonqres \u00fczvl\u0259ri h\u0259m\u00e7inin Kataloniyadak\u0131 (\u0130spaniya) son durumu detall\u0131 m\u00fczakir\u0259 ed\u0259c\u0259kl\u0259r, g\u0259ncl\u0259rin korrupsiyaya qar\u015f\u0131 m\u00fcbariz\u0259d\u0259 i\u015ftirak\u0131, Avropada demokratiyaya yard\u0131m etm\u0259kd\u0259 v\u0259 qad\u0131nlar\u0131n regional s\u0259viyy\u0259d\u0259 siyasi h\u0259yatda i\u015ftiraklar\u0131nda assosiasiyalar\u0131n v\u0259 t\u0259\u015fkilatlar\u0131n rolu bar\u0259d\u0259 tematik diskussiyalar aparacaqlar.<br \/>\nPay\u0131z sessiyas\u0131n\u0131n \u00e7\u0259r\u00e7iv\u0259sind\u0259 Avropa \u015euras\u0131n\u0131n Konqresind\u0259 Rusiya Federasiyas\u0131n\u0131n Leninqrad vilay\u0259tinin iqtisadi v\u0259 m\u0259d\u0259ni potensial\u0131n\u0131 \u0259ks etdir\u0259n s\u0259rgi t\u0259\u015fkil olunacaqd\u0131r.<br \/>\nSessiyada \u00c7exiya Respublikas\u0131n\u0131n Qanunvercilik v\u0259 Arxivl\u0259\u015fdirm\u0259 nazirinin m\u00fcavini v\u0259 daxili i\u015fl\u0259r naziri Petr Mlsnan\u0131n, Avropa \u015euras\u0131n\u0131n ba\u015f katibi v\u0259 Nazirl\u0259r Komit\u0259sinin s\u0259dri Tubryorn Yaqland\u0131n, Avstriyan\u0131n k\u0259nd t\u0259s\u0259rr\u00fcfat\u0131, me\u015f\u0259\u00e7ilik, \u0259traf m\u00fchit v\u0259 su resurlar\u0131n\u0131n idar\u0259\u00e7iliyi \u00fczr\u0259 federal nazir Andra Ruppre\u00e7terin i\u015ftirak\u0131 da g\u00f6zl\u0259nilir.<a href=\"http:\/\/belediyye.az\/resulzade\/wp-content\/uploads\/2017\/10\/22528992_2098370463731331_6911493628521265770_o.jpg\"><img loading=\"lazy\" decoding=\"async\" class=\"alignright size-full wp-image-1976\" alt=\"22528992_2098370463731331_6911493628521265770_o\" src=\"http:\/\/belediyye.az\/resulzade\/wp-content\/uploads\/2017\/10\/22528992_2098370463731331_6911493628521265770_o.jpg\" width=\"1024\" height=\"768\" srcset=\"http:\/\/belediyye.az\/resulzade\/wp-content\/uploads\/2017\/10\/22528992_2098370463731331_6911493628521265770_o.jpg 1024w, http:\/\/belediyye.az\/resulzade\/wp-content\/uploads\/2017\/10\/22528992_2098370463731331_6911493628521265770_o-300x225.jpg 300w, http:\/\/belediyye.az\/resulzade\/wp-content\/uploads\/2017\/10\/22528992_2098370463731331_6911493628521265770_o-73x55.jpg 73w, http:\/\/belediyye.az\/resulzade\/wp-content\/uploads\/2017\/10\/22528992_2098370463731331_6911493628521265770_o-75x55.jpg 75w, http:\/\/belediyye.az\/resulzade\/wp-content\/uploads\/2017\/10\/22528992_2098370463731331_6911493628521265770_o-60x45.jpg 60w\" sizes=\"auto, (max-width: 1024px) 100vw, 1024px\" \/><\/a> <a href=\"http:\/\/belediyye.az\/resulzade\/wp-content\/uploads\/2017\/10\/22550411_2098370657064645_3287507817728321896_o.jpg\"><img loading=\"lazy\" decoding=\"async\" class=\"alignright size-full wp-image-1977\" alt=\"22550411_2098370657064645_3287507817728321896_o\" src=\"http:\/\/belediyye.az\/resulzade\/wp-content\/uploads\/2017\/10\/22550411_2098370657064645_3287507817728321896_o.jpg\" width=\"1024\" height=\"768\" srcset=\"http:\/\/belediyye.az\/resulzade\/wp-content\/uploads\/2017\/10\/22550411_2098370657064645_3287507817728321896_o.jpg 1024w, http:\/\/belediyye.az\/resulzade\/wp-content\/uploads\/2017\/10\/22550411_2098370657064645_3287507817728321896_o-300x225.jpg 300w, http:\/\/belediyye.az\/resulzade\/wp-content\/uploads\/2017\/10\/22550411_2098370657064645_3287507817728321896_o-73x55.jpg 73w, http:\/\/belediyye.az\/resulzade\/wp-content\/uploads\/2017\/10\/22550411_2098370657064645_3287507817728321896_o-75x55.jpg 75w, http:\/\/belediyye.az\/resulzade\/wp-content\/uploads\/2017\/10\/22550411_2098370657064645_3287507817728321896_o-60x45.jpg 60w\" sizes=\"auto, (max-width: 1024px) 100vw, 1024px\" \/><\/a> <a href=\"http:\/\/belediyye.az\/resulzade\/wp-content\/uploads\/2017\/10\/22550484_2098370363731341_4927364150210050551_o.jpg\"><img loading=\"lazy\" decoding=\"async\" class=\"alignright size-full wp-image-1978\" alt=\"22550484_2098370363731341_4927364150210050551_o\" src=\"http:\/\/belediyye.az\/resulzade\/wp-content\/uploads\/2017\/10\/22550484_2098370363731341_4927364150210050551_o.jpg\" width=\"1024\" height=\"768\" srcset=\"http:\/\/belediyye.az\/resulzade\/wp-content\/uploads\/2017\/10\/22550484_2098370363731341_4927364150210050551_o.jpg 1024w, http:\/\/belediyye.az\/resulzade\/wp-content\/uploads\/2017\/10\/22550484_2098370363731341_4927364150210050551_o-300x225.jpg 300w, http:\/\/belediyye.az\/resulzade\/wp-content\/uploads\/2017\/10\/22550484_2098370363731341_4927364150210050551_o-73x55.jpg 73w, http:\/\/belediyye.az\/resulzade\/wp-content\/uploads\/2017\/10\/22550484_2098370363731341_4927364150210050551_o-75x55.jpg 75w, http:\/\/belediyye.az\/resulzade\/wp-content\/uploads\/2017\/10\/22550484_2098370363731341_4927364150210050551_o-60x45.jpg 60w\" sizes=\"auto, (max-width: 1024px) 100vw, 1024px\" \/><\/a><\/p>\n<p><a href=\"http:\/\/belediyye.az\/resulzade\/wp-content\/uploads\/2017\/10\/22219914_2098370563731321_3223637725404923614_o.jpg\"><img loading=\"lazy\" decoding=\"async\" class=\"alignright size-full wp-image-1975\" alt=\"22219914_2098370563731321_3223637725404923614_o\" src=\"http:\/\/belediyye.az\/resulzade\/wp-content\/uploads\/2017\/10\/22219914_2098370563731321_3223637725404923614_o.jpg\" width=\"1024\" height=\"768\" srcset=\"http:\/\/belediyye.az\/resulzade\/wp-content\/uploads\/2017\/10\/22219914_2098370563731321_3223637725404923614_o.jpg 1024w, http:\/\/belediyye.az\/resulzade\/wp-content\/uploads\/2017\/10\/22219914_2098370563731321_3223637725404923614_o-300x225.jpg 300w, http:\/\/belediyye.az\/resulzade\/wp-content\/uploads\/2017\/10\/22219914_2098370563731321_3223637725404923614_o-73x55.jpg 73w, http:\/\/belediyye.az\/resulzade\/wp-content\/uploads\/2017\/10\/22219914_2098370563731321_3223637725404923614_o-75x55.jpg 75w, http:\/\/belediyye.az\/resulzade\/wp-content\/uploads\/2017\/10\/22219914_2098370563731321_3223637725404923614_o-60x45.jpg 60w\" sizes=\"auto, (max-width: 1024px) 100vw, 1024px\" \/><\/a><\/p>\n","protected":false},"excerpt":{"rendered":"<p>Oktyab\u0131n 17-d\u0259n 21-n\u0259 kimi Az\u0259rbaycan\u0131n Yerli v\u0259 Regional Hakimiyy\u0259tl\u0259r Orqanlar\u0131n\u0131 t\u0259msil ed\u0259n Milli n\u00fcmay\u0259nd\u0259 hey\u0259tinin \u00fczv\u00fc, Az\u0259rbaycan Q\u0259s\u0259b\u0259 B\u0259l\u0259diyy\u0259l\u0259ri Milli Assosiasiyas\u0131n\u0131n s\u0259dri, M.\u018f.R\u0259sulzad\u0259 b\u0259l\u0259diyy\u0259sinin s\u0259dri H\u00fcmb\u0259t H\u00fcseynov Avropa \u015euras\u0131 Yerli v\u0259 Regional Hakimiyy\u0259tl\u0259r Konqresinin Fransan\u0131n Strasburq \u015f\u0259h\u0259rind\u0259 ke\u00e7iril\u0259n 33-c\u00fc Plenar sessiyas\u0131nda i\u015ftirak edir. Sessiyadan \u00f6nc\u0259 oktyabr\u0131n 16-da Az\u0259rbaycan, Erm\u0259nistan, G\u00fcrc\u00fcstan, Moldova, Ukrayna v\u0259 Belarus respublikalar\u0131n\u0131n [&hellip;]<\/p>\n","protected":false},"author":1,"featured_media":0,"comment_status":"closed","ping_status":"closed","sticky":false,"template":"","format":"standard","meta":{"footnotes":""},"categories":[5,1,8,4],"tags":[],"class_list":["post-1974","post","type-post","status-publish","format-standard","hentry","category-xeberler","category-fealiyyetlerimiz","category-hesabat","category-gorulen-ishler"],"_links":{"self":[{"href":"http:\/\/belediyye.az\/resulzade\/wp-json\/wp\/v2\/posts\/1974","targetHints":{"allow":["GET"]}}],"collection":[{"href":"http:\/\/belediyye.az\/resulzade\/wp-json\/wp\/v2\/posts"}],"about":[{"href":"http:\/\/belediyye.az\/resulzade\/wp-json\/wp\/v2\/types\/post"}],"author":[{"embeddable":true,"href":"http:\/\/belediyye.az\/resulzade\/wp-json\/wp\/v2\/users\/1"}],"replies":[{"embeddable":true,"href":"http:\/\/belediyye.az\/resulzade\/wp-json\/wp\/v2\/comments?post=1974"}],"version-history":[{"count":2,"href":"http:\/\/belediyye.az\/resulzade\/wp-json\/wp\/v2\/posts\/1974\/revisions"}],"predecessor-version":[{"id":1980,"href":"http:\/\/belediyye.az\/resulzade\/wp-json\/wp\/v2\/posts\/1974\/revisions\/1980"}],"wp:attachment":[{"href":"http:\/\/belediyye.az\/resulzade\/wp-json\/wp\/v2\/media?parent=1974"}],"wp:term":[{"taxonomy":"category","embeddable":true,"href":"http:\/\/belediyye.az\/resulzade\/wp-json\/wp\/v2\/categories?post=1974"},{"taxonomy":"post_tag","embeddable":true,"href":"http:\/\/belediyye.az\/resulzade\/wp-json\/wp\/v2\/tags?post=1974"}],"curies":[{"name":"wp","href":"https:\/\/api.w.org\/{rel}","templated":true}]}}