{"id":1959,"date":"2017-09-30T14:41:33","date_gmt":"2017-09-30T10:41:33","guid":{"rendered":"http:\/\/belediyye.az\/resulzade\/?p=1959"},"modified":"2017-10-26T14:43:18","modified_gmt":"2017-10-26T10:43:18","slug":"yeni-az%c9%99rbaycan-partiyasi-bin%c9%99q%c9%99di-rayon-t%c9%99skilatinin-r%c9%99sulzad%c9%99-q%c9%99s%c9%99b%c9%99-g%c9%99ncl%c9%99r-t%c9%99skilati-%c9%99razi-ilk-partiya-t%c9%99skilati-hesabat-secki","status":"publish","type":"post","link":"http:\/\/belediyye.az\/resulzade\/yeni-az%c9%99rbaycan-partiyasi-bin%c9%99q%c9%99di-rayon-t%c9%99skilatinin-r%c9%99sulzad%c9%99-q%c9%99s%c9%99b%c9%99-g%c9%99ncl%c9%99r-t%c9%99skilati-%c9%99razi-ilk-partiya-t%c9%99skilati-hesabat-secki\/","title":{"rendered":"Yeni Az\u0259rbaycan Partiyas\u0131 Bin\u0259q\u0259di rayon T\u0259\u015fkilat\u0131n\u0131n R\u0259sulzad\u0259 q\u0259s\u0259b\u0259 G\u0259ncl\u0259r T\u0259\u015fkilat\u0131 \u0259razi ilk partiya t\u0259\u015fkilat\u0131 hesabat-se\u00e7ki y\u0131\u011f\u0131nca\u011f\u0131 ke\u00e7irildi"},"content":{"rendered":"<p>29 sentyabr 2017-ci il tarixd\u0259 Yeni Az\u0259rbaycan Partiyas\u0131 Bin\u0259q\u0259di rayon T\u0259\u015fkilat\u0131n\u0131n R\u0259sulzad\u0259 q\u0259s\u0259b\u0259 G\u0259ncl\u0259r T\u0259\u015fkilat\u0131 \u0259razi ilk partiya t\u0259\u015fkilat\u0131 hesabat-se\u00e7ki y\u0131\u011f\u0131nca\u011f\u0131 ke\u00e7irildi. Hesabat-se\u00e7ki y\u0131\u011f\u0131nca\u011f\u0131nda YAP Bin\u0259q\u0259di rayon T\u0259\u015fkilat\u0131n\u0131n aparat r\u0259hb\u0259ri Sevinc Abdullayeva, YAP Bin\u0259q\u0259di rayon T\u0259\u015fkilat\u0131n\u0131n ba\u015f t\u0259limat\u00e7\u0131s\u0131 Kubra \u018fliyarl\u0131, YAP Bin\u0259q\u0259di rayon T\u0259\u015fkilat\u0131 G\u0259ncl\u0259r Birliyinin s\u0259drinin s\u0259lahiyy\u0259tl\u0259rini icra ed\u0259n F\u0259sli N\u0259biyev, YAP Bin\u0259q\u0259di rayon T\u0259\u015fkilat\u0131 G\u0259ncl\u0259r Birliyinin f\u0259allar\u0131 v\u0259 \u0259razi ilk partiya t\u0259\u015fkilat\u0131n\u0131n \u00fczvl\u0259ri i\u015ftirak etdil\u0259r.<br \/>\nHesabat-se\u00e7ki y\u0131\u011f\u0131nca\u011f\u0131n\u0131 giri\u015f nitqi il\u0259 a\u00e7an F\u0259sli N\u0259biyev i\u015ftirak\u00e7\u0131lar\u0131 salamlad\u0131 v\u0259 g\u00fcnd\u0259likd\u0259 duran m\u0259s\u0259l\u0259l\u0259r bar\u0259d\u0259 m\u0259lumat verdi. Bildirdi ki, iclas\u0131n g\u00fcnd\u0259liyin\u0259 \u0259sas\u0259n R\u0259sulzad\u0259 q\u0259s\u0259b\u0259 G\u0259ncl\u0259r T\u0259\u015fkilat\u0131 \u0259razi ilk partiya t\u0259\u015fkilat\u0131n\u0131n hesabat\u0131, t\u0259\u015fkilat\u0131n yeni idar\u0259 hey\u0259ti, s\u0259dr v\u0259 m\u00fcavinl\u0259rinin se\u00e7ilm\u0259si m\u0259s\u0259l\u0259l\u0259rinin m\u00fczakir\u0259si n\u0259z\u0259rd\u0259 tutulub. G\u00fcnd\u0259likd\u0259ki m\u0259s\u0259l\u0259l\u0259r s\u0259s\u0259 qoyularaq q\u0259bul edildikd\u0259n sonra g\u00fcnd\u0259likd\u0259 duran m\u0259s\u0259l\u0259l\u0259rin geni\u015f m\u00fczakir\u0259sin\u0259 ba\u015flan\u0131ld\u0131.<br \/>\nY\u0131\u011f\u0131ncaqda YAP Bin\u0259q\u0259di rayon T\u0259\u015fkilat\u0131 R\u0259sulzad\u0259 q\u0259s\u0259b\u0259 G\u0259ncl\u0259r T\u0259\u015fkilat\u0131 \u0259razi ilk partiya t\u0259\u015fkilat\u0131n\u0131n s\u0259dri Ayla \u0130brahimova hesabat m\u0259ruz\u0259si il\u0259 \u00e7\u0131x\u0131\u015f etdi. O, \u00fcmummilli lider Heyd\u0259r \u018fliyev t\u0259r\u0259find\u0259n \u0259sas\u0131 qoyulan siyasi f\u0259aliyy\u0259tin bu g\u00fcn d\u0259 d\u00f6vl\u0259t ba\u015f\u00e7\u0131s\u0131, YAP-\u0131n s\u0259dri c\u0259nab \u0130lham \u018fliyev t\u0259r\u0259find\u0259n u\u011furla davam etdirildiyini bildirdi. M\u0259hz d\u00f6vl\u0259t ba\u015f\u00e7\u0131s\u0131n\u0131n u\u011furlu daxil siyas\u0259ti n\u0259tic\u0259sind\u0259 \u00f6lk\u0259mizin s\u00fcr\u0259tl\u0259 inki\u015faf etdiyini, bu u\u011fura \u00f6z t\u00f6hf\u0259sini ver\u0259n Yeni Az\u0259rbacan Partiyas\u0131n\u0131n m\u0259qs\u0259dy\u00f6nl\u00fc siyasi f\u0259aliyy\u0259tind\u0259n b\u0259hs etdi. Daha sonra t\u0259\u015fkilat t\u0259r\u0259find\u0259n ke\u00e7iril\u0259n t\u0259dbirl\u0259r haqq\u0131nda m\u0259lumat verdi. Bildirdi ki, YAP Bin\u0259q\u0259di rayon T\u0259\u015fkilat\u0131n\u0131n G\u0259ncl\u0259r Birliyi il\u0259 \u0259razi ilk partiya t\u0259\u015fkilat\u0131 birg\u0259 u\u011furla f\u0259aliyy\u0259t g\u00f6st\u0259rir. Yeni g\u0259nc \u00fczvl\u0259rin c\u0259lb edilm\u0259si, partiya \u00fczv\u00fc olan g\u0259ncl\u0259r il\u0259 s\u0131x \u00fcnsiyy\u0259tin qurulmas\u0131, onlar\u0131n fikir v\u0259 t\u0259klifl\u0259rinin realla\u015fd\u0131r\u0131lmas\u0131 istiqam\u0259tind\u0259 bir s\u0131ra i\u015fl\u0259r g\u00f6r\u00fcl\u00fcb v\u0259 haz\u0131rda da bu i\u015fl\u0259r davam etdirilir.<br \/>\nHesabat m\u0259ruz\u0259si s\u0259s\u0259 qoyularaq q\u0259bul edildikd\u0259n sonra \u0259razi ilk partiya t\u0259\u015fkilat\u0131n\u0131n 5 n\u0259f\u0259rd\u0259n ibar\u0259t \u0130dar\u0259 Hey\u0259ti se\u00e7ildi. YAP Bin\u0259q\u0259di rayon T\u0259\u015fkilat\u0131n\u0131n aparat r\u0259hb\u0259ri Sevinc Abdullayeva g\u00fcnd\u0259likd\u0259 olan ikinci m\u0259s\u0259l\u0259 &#8211; \u0259razi ilk partiya t\u0259\u015fkilat\u0131n\u0131n yeni s\u0259drinin se\u00e7ilm\u0259si \u00fc\u00e7\u00fcn g\u0259nc f\u0259al Ayla \u0130brahimovan\u0131n namiz\u0259dliyini ir\u0259li s\u00fcrd\u00fc. T\u0259klif n\u0259z\u0259r\u0259 al\u0131naraq s\u0259s\u0259 qoyuldu v\u0259 t\u0259sdiq edildi. YAP Bin\u0259q\u0259di rayon T\u0259\u015fkilat\u0131 G\u0259ncl\u0259r Birliyinin f\u0259al\u0131 Bab\u0259k C\u0259lilov s\u0259dr m\u00fcavini se\u00e7ildi. Yeni s\u0259dr v\u0259 s\u0259dr m\u00fcavinl\u0259ri \u00e7\u0131x\u0131\u015f ed\u0259r\u0259k onlara g\u00f6st\u0259ril\u0259n etimad\u0131 do\u011fruldacaqlar\u0131n\u0131 bildirdil\u0259r.<br \/>\nDaha sonra hesabat-se\u00e7ki y\u0131\u011f\u0131nca\u011f\u0131nda \u00e7\u0131x\u0131\u015f ed\u0259n Sevinc Abdullayeva, Kubra \u018fliyarl\u0131 g\u0259ncl\u0259r\u0259 \u00f6z t\u00f6vsiyy\u0259l\u0259rini verdil\u0259r. Onlar\u0131 daha da f\u0259al olma\u011fa v\u0259 partiyan\u0131n t\u0259dbirl\u0259rind\u0259, ictimai-siyasi h\u0259yat\u0131nda yax\u0131ndan i\u015ftirak etm\u0259y\u0259 \u00e7a\u011f\u0131rd\u0131lar. Yeni se\u00e7il\u0259n t\u0259rkibi t\u0259brik ed\u0259r\u0259k onlara g\u0259l\u0259c\u0259k f\u0259aliyy\u0259tl\u0259rind\u0259 u\u011furlar arzu etdil\u0259r.<br \/>\n\u0130clas dig\u0259r m\u0259s\u0259l\u0259l\u0259r \u0259traf\u0131nda fikir m\u00fcbadil\u0259sinin apar\u0131lmas\u0131 il\u0259 yekunla\u015fd\u0131.<\/p>\n<p><a href=\"http:\/\/belediyye.az\/resulzade\/wp-content\/uploads\/2017\/10\/22140907_2090303037871407_5040966167319280321_n.jpg\"><img loading=\"lazy\" decoding=\"async\" class=\"alignright size-full wp-image-1961\" alt=\"22140907_2090303037871407_5040966167319280321_n\" src=\"http:\/\/belediyye.az\/resulzade\/wp-content\/uploads\/2017\/10\/22140907_2090303037871407_5040966167319280321_n.jpg\" width=\"800\" height=\"533\" srcset=\"http:\/\/belediyye.az\/resulzade\/wp-content\/uploads\/2017\/10\/22140907_2090303037871407_5040966167319280321_n.jpg 800w, http:\/\/belediyye.az\/resulzade\/wp-content\/uploads\/2017\/10\/22140907_2090303037871407_5040966167319280321_n-300x199.jpg 300w, http:\/\/belediyye.az\/resulzade\/wp-content\/uploads\/2017\/10\/22140907_2090303037871407_5040966167319280321_n-82x55.jpg 82w, http:\/\/belediyye.az\/resulzade\/wp-content\/uploads\/2017\/10\/22140907_2090303037871407_5040966167319280321_n-120x80.jpg 120w\" sizes=\"auto, (max-width: 800px) 100vw, 800px\" \/><\/a> <a href=\"http:\/\/belediyye.az\/resulzade\/wp-content\/uploads\/2017\/10\/22154256_2090302997871411_8315199709557894195_n.jpg\"><img loading=\"lazy\" decoding=\"async\" class=\"alignright size-full wp-image-1962\" alt=\"22154256_2090302997871411_8315199709557894195_n\" src=\"http:\/\/belediyye.az\/resulzade\/wp-content\/uploads\/2017\/10\/22154256_2090302997871411_8315199709557894195_n.jpg\" width=\"500\" height=\"750\" srcset=\"http:\/\/belediyye.az\/resulzade\/wp-content\/uploads\/2017\/10\/22154256_2090302997871411_8315199709557894195_n.jpg 500w, http:\/\/belediyye.az\/resulzade\/wp-content\/uploads\/2017\/10\/22154256_2090302997871411_8315199709557894195_n-200x300.jpg 200w, http:\/\/belediyye.az\/resulzade\/wp-content\/uploads\/2017\/10\/22154256_2090302997871411_8315199709557894195_n-36x55.jpg 36w\" sizes=\"auto, (max-width: 500px) 100vw, 500px\" \/><\/a> <a href=\"http:\/\/belediyye.az\/resulzade\/wp-content\/uploads\/2017\/10\/22045843_2090303134538064_3685651227544488073_n.jpg\"><img loading=\"lazy\" decoding=\"async\" class=\"alignright size-full wp-image-1960\" alt=\"22045843_2090303134538064_3685651227544488073_n\" src=\"http:\/\/belediyye.az\/resulzade\/wp-content\/uploads\/2017\/10\/22045843_2090303134538064_3685651227544488073_n.jpg\" width=\"800\" height=\"533\" srcset=\"http:\/\/belediyye.az\/resulzade\/wp-content\/uploads\/2017\/10\/22045843_2090303134538064_3685651227544488073_n.jpg 800w, http:\/\/belediyye.az\/resulzade\/wp-content\/uploads\/2017\/10\/22045843_2090303134538064_3685651227544488073_n-300x199.jpg 300w, http:\/\/belediyye.az\/resulzade\/wp-content\/uploads\/2017\/10\/22045843_2090303134538064_3685651227544488073_n-82x55.jpg 82w, http:\/\/belediyye.az\/resulzade\/wp-content\/uploads\/2017\/10\/22045843_2090303134538064_3685651227544488073_n-120x80.jpg 120w\" sizes=\"auto, (max-width: 800px) 100vw, 800px\" \/><\/a><\/p>\n","protected":false},"excerpt":{"rendered":"<p>29 sentyabr 2017-ci il tarixd\u0259 Yeni Az\u0259rbaycan Partiyas\u0131 Bin\u0259q\u0259di rayon T\u0259\u015fkilat\u0131n\u0131n R\u0259sulzad\u0259 q\u0259s\u0259b\u0259 G\u0259ncl\u0259r T\u0259\u015fkilat\u0131 \u0259razi ilk partiya t\u0259\u015fkilat\u0131 hesabat-se\u00e7ki y\u0131\u011f\u0131nca\u011f\u0131 ke\u00e7irildi. Hesabat-se\u00e7ki y\u0131\u011f\u0131nca\u011f\u0131nda YAP Bin\u0259q\u0259di rayon T\u0259\u015fkilat\u0131n\u0131n aparat r\u0259hb\u0259ri Sevinc Abdullayeva, YAP Bin\u0259q\u0259di rayon T\u0259\u015fkilat\u0131n\u0131n ba\u015f t\u0259limat\u00e7\u0131s\u0131 Kubra \u018fliyarl\u0131, YAP Bin\u0259q\u0259di rayon T\u0259\u015fkilat\u0131 G\u0259ncl\u0259r Birliyinin s\u0259drinin s\u0259lahiyy\u0259tl\u0259rini icra ed\u0259n F\u0259sli N\u0259biyev, YAP Bin\u0259q\u0259di rayon [&hellip;]<\/p>\n","protected":false},"author":1,"featured_media":0,"comment_status":"closed","ping_status":"closed","sticky":false,"template":"","format":"standard","meta":{"footnotes":""},"categories":[5,1,8,4],"tags":[],"class_list":["post-1959","post","type-post","status-publish","format-standard","hentry","category-xeberler","category-fealiyyetlerimiz","category-hesabat","category-gorulen-ishler"],"_links":{"self":[{"href":"http:\/\/belediyye.az\/resulzade\/wp-json\/wp\/v2\/posts\/1959","targetHints":{"allow":["GET"]}}],"collection":[{"href":"http:\/\/belediyye.az\/resulzade\/wp-json\/wp\/v2\/posts"}],"about":[{"href":"http:\/\/belediyye.az\/resulzade\/wp-json\/wp\/v2\/types\/post"}],"author":[{"embeddable":true,"href":"http:\/\/belediyye.az\/resulzade\/wp-json\/wp\/v2\/users\/1"}],"replies":[{"embeddable":true,"href":"http:\/\/belediyye.az\/resulzade\/wp-json\/wp\/v2\/comments?post=1959"}],"version-history":[{"count":2,"href":"http:\/\/belediyye.az\/resulzade\/wp-json\/wp\/v2\/posts\/1959\/revisions"}],"predecessor-version":[{"id":1964,"href":"http:\/\/belediyye.az\/resulzade\/wp-json\/wp\/v2\/posts\/1959\/revisions\/1964"}],"wp:attachment":[{"href":"http:\/\/belediyye.az\/resulzade\/wp-json\/wp\/v2\/media?parent=1959"}],"wp:term":[{"taxonomy":"category","embeddable":true,"href":"http:\/\/belediyye.az\/resulzade\/wp-json\/wp\/v2\/categories?post=1959"},{"taxonomy":"post_tag","embeddable":true,"href":"http:\/\/belediyye.az\/resulzade\/wp-json\/wp\/v2\/tags?post=1959"}],"curies":[{"name":"wp","href":"https:\/\/api.w.org\/{rel}","templated":true}]}}