{"id":1945,"date":"2017-09-12T12:41:07","date_gmt":"2017-09-12T08:41:07","guid":{"rendered":"http:\/\/belediyye.az\/resulzade\/?p=1945"},"modified":"2017-10-26T14:30:46","modified_gmt":"2017-10-26T10:30:46","slug":"1945","status":"publish","type":"post","link":"http:\/\/belediyye.az\/resulzade\/1945\/","title":{"rendered":"\u201cS\u00fclh inki\u015faf\u0131n \u0259sas t\u0259m\u0259lidir\u201dadl\u0131 t\u0259dbir ke\u00e7irilib"},"content":{"rendered":"<p>M.\u018f.R\u0259sulzad\u0259 b\u0259l\u0259diyy\u0259si ictimai-humanitar sektorun t\u0259\u015fkilat\u00e7\u0131l\u0131\u011f\u0131 il\u0259 \u201cS\u00fclh inki\u015faf\u0131n \u0259sas t\u0259m\u0259lidir\u201dadl\u0131 t\u0259dbir ke\u00e7irilib. T\u0259dbird\u0259 M.\u018f.R\u0259sulzad\u0259 b\u0259l\u0259diyy\u0259sinin s\u0259dri H\u00fcmb\u0259t H\u00fcseynov, ictimai-humanitar sektorun m\u00fcdiri G\u00fcnel Vahabzad\u0259 v\u0259 q\u0259s\u0259b\u0259 g\u0259ncl\u0259ri i\u015ftirak edib.<br \/>\nM.\u018f.R\u0259sulzad\u0259 b\u0259l\u0259diyy\u0259sinin s\u0259dri H\u00fcmb\u0259t H\u00fcseynov \u00e7\u0131x\u0131\u015f\u0131nda qeyd edib ki, S\u00fclh &#8211; h\u0259r bir c\u0259miyy\u0259tin, \u00fcmumiyy\u0259tl\u0259, b\u0259\u015f\u0259riyy\u0259tin \u0259n \u00e7ox arzu etdiyi d\u0259y\u0259rl\u0259rd\u0259n biridir. B\u00fct\u00fcn g\u00f6z\u0259llikl\u0259ri, maddi v\u0259 m\u0259n\u0259vi d\u0259y\u0259rl\u0259ri il\u0259 ya\u015fad\u0131\u011f\u0131m\u0131z d\u00fcnyan\u0131n q\u0259drini laz\u0131mi s\u0259viyy\u0259d\u0259 bilirikmi sual\u0131na h\u0259l\u0259 d\u0259 birm\u0259nal\u0131 cavab verm\u0259k m\u00fcmk\u00fcn deyil. S\u00fclh \u015f\u0259raitind\u0259 ya\u015famal\u0131 olan insanlar, min t\u0259\u0259ss\u00fcfl\u0259r ki, haqs\u0131zl\u0131\u011f\u0131n, amans\u0131zl\u0131\u011f\u0131n, terrorun v\u0259 m\u00fcharib\u0259l\u0259rin qurbanlar\u0131na \u00e7evrilirl\u0259r. B\u00fct\u00fcn bunlar\u0131n qar\u015f\u0131s\u0131n\u0131n al\u0131nmas\u0131nda s\u00fclh\u00fcn rolu dan\u0131lmazd\u0131r. \u018fn ki\u00e7ik ail\u0259vi, m\u0259h\u0259lli, regional m\u00fcnaqi\u015f\u0259l\u0259rd\u0259n ba\u015flam\u0131\u015f y\u00fczillik m\u00fcharib\u0259l\u0259r\u0259d\u0259k h\u0259r c\u00fcr qar\u015f\u0131durma yaln\u0131z s\u00fclhl\u0259 sona \u00e7at\u0131b. Buna g\u00f6r\u0259 d\u0259 s\u00fclh b\u00fct\u00fcn vasit\u0259l\u0259rd\u0259n g\u00fccl\u00fcd\u00fcr. S\u00fclh\u0259 nail olmaq is\u0259, t\u0259bii ki, t\u0259r\u0259fl\u0259rin h\u0259qiq\u0259tl\u0259ri d\u00fczg\u00fcn d\u0259y\u0259rl\u0259ndirm\u0259l\u0259rind\u0259n \u00e7ox as\u0131l\u0131d\u0131r.<br \/>\nS\u00fclh b\u0259\u015f\u0259ri r\u0259mz\u0259 \u00e7evril\u0259r\u0259k insanlar\u0131n arzu etdiyi v\u0259 can atd\u0131\u011f\u0131 b\u00fct\u00fcn m\u00fcsb\u0259t keyfiyy\u0259tl\u0259ri \u00f6z\u00fcnd\u0259 birl\u0259\u015fdir\u0259n bir m\u0259fhumdur. Ona g\u00f6r\u0259 d\u0259 d\u00fcnya \u00f6lk\u0259l\u0259rinin yekdil q\u0259rar\u0131 il\u0259 BMT 1981-ci il 21 sentyabr tarixinin Beyn\u0259lxalq S\u00fclh G\u00fcn\u00fc kimi qeyd olunmas\u0131 bar\u0259d\u0259 q\u0259rar q\u0259bul etmi\u015fdir.<br \/>\nDaha sonra m\u00f6vzu \u0259traf\u0131nda g\u0259ncl\u0259rl\u0259 m\u00fczakir\u0259l\u0259r apar\u0131l\u0131b.<\/p>\n<p><a href=\"http:\/\/belediyye.az\/resulzade\/wp-content\/uploads\/2017\/10\/2.jpg\"><img loading=\"lazy\" decoding=\"async\" class=\"alignright size-full wp-image-1947\" alt=\"2\" src=\"http:\/\/belediyye.az\/resulzade\/wp-content\/uploads\/2017\/10\/2.jpg\" width=\"1032\" height=\"774\" srcset=\"http:\/\/belediyye.az\/resulzade\/wp-content\/uploads\/2017\/10\/2.jpg 1032w, http:\/\/belediyye.az\/resulzade\/wp-content\/uploads\/2017\/10\/2-300x225.jpg 300w, http:\/\/belediyye.az\/resulzade\/wp-content\/uploads\/2017\/10\/2-1024x768.jpg 1024w, http:\/\/belediyye.az\/resulzade\/wp-content\/uploads\/2017\/10\/2-73x55.jpg 73w, http:\/\/belediyye.az\/resulzade\/wp-content\/uploads\/2017\/10\/2-75x55.jpg 75w, http:\/\/belediyye.az\/resulzade\/wp-content\/uploads\/2017\/10\/2-60x45.jpg 60w\" sizes=\"auto, (max-width: 1032px) 100vw, 1032px\" \/><\/a> <a href=\"http:\/\/belediyye.az\/resulzade\/wp-content\/uploads\/2017\/10\/1.jpg\"><img loading=\"lazy\" decoding=\"async\" class=\"alignright size-full wp-image-1946\" alt=\"1\" src=\"http:\/\/belediyye.az\/resulzade\/wp-content\/uploads\/2017\/10\/1.jpg\" width=\"4032\" height=\"3024\" srcset=\"http:\/\/belediyye.az\/resulzade\/wp-content\/uploads\/2017\/10\/1.jpg 4032w, http:\/\/belediyye.az\/resulzade\/wp-content\/uploads\/2017\/10\/1-300x225.jpg 300w, http:\/\/belediyye.az\/resulzade\/wp-content\/uploads\/2017\/10\/1-1024x768.jpg 1024w, http:\/\/belediyye.az\/resulzade\/wp-content\/uploads\/2017\/10\/1-73x55.jpg 73w, http:\/\/belediyye.az\/resulzade\/wp-content\/uploads\/2017\/10\/1-75x55.jpg 75w, http:\/\/belediyye.az\/resulzade\/wp-content\/uploads\/2017\/10\/1-60x45.jpg 60w\" sizes=\"auto, (max-width: 4032px) 100vw, 4032px\" \/><\/a> <a href=\"http:\/\/belediyye.az\/resulzade\/wp-content\/uploads\/2017\/10\/4.jpg\"><img loading=\"lazy\" decoding=\"async\" class=\"alignright size-full wp-image-1948\" alt=\"4\" src=\"http:\/\/belediyye.az\/resulzade\/wp-content\/uploads\/2017\/10\/4.jpg\" width=\"1032\" height=\"774\" srcset=\"http:\/\/belediyye.az\/resulzade\/wp-content\/uploads\/2017\/10\/4.jpg 1032w, http:\/\/belediyye.az\/resulzade\/wp-content\/uploads\/2017\/10\/4-300x225.jpg 300w, http:\/\/belediyye.az\/resulzade\/wp-content\/uploads\/2017\/10\/4-1024x768.jpg 1024w, http:\/\/belediyye.az\/resulzade\/wp-content\/uploads\/2017\/10\/4-73x55.jpg 73w, http:\/\/belediyye.az\/resulzade\/wp-content\/uploads\/2017\/10\/4-75x55.jpg 75w, http:\/\/belediyye.az\/resulzade\/wp-content\/uploads\/2017\/10\/4-60x45.jpg 60w\" sizes=\"auto, (max-width: 1032px) 100vw, 1032px\" \/><\/a><\/p>\n","protected":false},"excerpt":{"rendered":"<p>M.\u018f.R\u0259sulzad\u0259 b\u0259l\u0259diyy\u0259si ictimai-humanitar sektorun t\u0259\u015fkilat\u00e7\u0131l\u0131\u011f\u0131 il\u0259 \u201cS\u00fclh inki\u015faf\u0131n \u0259sas t\u0259m\u0259lidir\u201dadl\u0131 t\u0259dbir ke\u00e7irilib. T\u0259dbird\u0259 M.\u018f.R\u0259sulzad\u0259 b\u0259l\u0259diyy\u0259sinin s\u0259dri H\u00fcmb\u0259t H\u00fcseynov, ictimai-humanitar sektorun m\u00fcdiri G\u00fcnel Vahabzad\u0259 v\u0259 q\u0259s\u0259b\u0259 g\u0259ncl\u0259ri i\u015ftirak edib. M.\u018f.R\u0259sulzad\u0259 b\u0259l\u0259diyy\u0259sinin s\u0259dri H\u00fcmb\u0259t H\u00fcseynov \u00e7\u0131x\u0131\u015f\u0131nda qeyd edib ki, S\u00fclh &#8211; h\u0259r bir c\u0259miyy\u0259tin, \u00fcmumiyy\u0259tl\u0259, b\u0259\u015f\u0259riyy\u0259tin \u0259n \u00e7ox arzu etdiyi d\u0259y\u0259rl\u0259rd\u0259n biridir. B\u00fct\u00fcn g\u00f6z\u0259llikl\u0259ri, maddi v\u0259 m\u0259n\u0259vi [&hellip;]<\/p>\n","protected":false},"author":1,"featured_media":0,"comment_status":"closed","ping_status":"closed","sticky":false,"template":"","format":"standard","meta":{"footnotes":""},"categories":[5,1,8,4],"tags":[],"class_list":["post-1945","post","type-post","status-publish","format-standard","hentry","category-xeberler","category-fealiyyetlerimiz","category-hesabat","category-gorulen-ishler"],"_links":{"self":[{"href":"http:\/\/belediyye.az\/resulzade\/wp-json\/wp\/v2\/posts\/1945","targetHints":{"allow":["GET"]}}],"collection":[{"href":"http:\/\/belediyye.az\/resulzade\/wp-json\/wp\/v2\/posts"}],"about":[{"href":"http:\/\/belediyye.az\/resulzade\/wp-json\/wp\/v2\/types\/post"}],"author":[{"embeddable":true,"href":"http:\/\/belediyye.az\/resulzade\/wp-json\/wp\/v2\/users\/1"}],"replies":[{"embeddable":true,"href":"http:\/\/belediyye.az\/resulzade\/wp-json\/wp\/v2\/comments?post=1945"}],"version-history":[{"count":5,"href":"http:\/\/belediyye.az\/resulzade\/wp-json\/wp\/v2\/posts\/1945\/revisions"}],"predecessor-version":[{"id":1953,"href":"http:\/\/belediyye.az\/resulzade\/wp-json\/wp\/v2\/posts\/1945\/revisions\/1953"}],"wp:attachment":[{"href":"http:\/\/belediyye.az\/resulzade\/wp-json\/wp\/v2\/media?parent=1945"}],"wp:term":[{"taxonomy":"category","embeddable":true,"href":"http:\/\/belediyye.az\/resulzade\/wp-json\/wp\/v2\/categories?post=1945"},{"taxonomy":"post_tag","embeddable":true,"href":"http:\/\/belediyye.az\/resulzade\/wp-json\/wp\/v2\/tags?post=1945"}],"curies":[{"name":"wp","href":"https:\/\/api.w.org\/{rel}","templated":true}]}}