{"id":1922,"date":"2017-08-04T11:47:12","date_gmt":"2017-08-04T07:47:12","guid":{"rendered":"http:\/\/belediyye.az\/resulzade\/?p=1922"},"modified":"2017-08-11T12:11:10","modified_gmt":"2017-08-11T08:11:10","slug":"asan-master-2-layih%c9%99si-c%c9%99rciv%c9%99sind%c9%99-bin%c9%99q%c9%99di-rayon-icra-hakimiyy%c9%99tind%c9%99-t%c9%99crub%c9%99-kec%c9%99n-10-cu-qrup-asan-konullul%c9%99ri-il%c9%99-r%c9%99sulzad","status":"publish","type":"post","link":"http:\/\/belediyye.az\/resulzade\/asan-master-2-layih%c9%99si-c%c9%99rciv%c9%99sind%c9%99-bin%c9%99q%c9%99di-rayon-icra-hakimiyy%c9%99tind%c9%99-t%c9%99crub%c9%99-kec%c9%99n-10-cu-qrup-asan-konullul%c9%99ri-il%c9%99-r%c9%99sulzad\/","title":{"rendered":"ASAN Master-2 layih\u0259si \u00e7\u0259r\u00e7iv\u0259sind\u0259 Bin\u0259q\u0259di rayon \u0130cra Hakimiyy\u0259tind\u0259 t\u0259cr\u00fcb\u0259 ke\u00e7\u0259n 10-cu qrup ASAN k\u00f6n\u00fcll\u00fcl\u0259ri il\u0259 R\u0259sulzad\u0259 q\u0259s\u0259b\u0259 b\u0259l\u0259diyy\u0259sind\u0259 g\u00f6r\u00fc\u015f ke\u00e7irildi"},"content":{"rendered":"<p>04 avqust tarixind\u0259 ASAN Master-2 layih\u0259si \u00e7\u0259r\u00e7iv\u0259sind\u0259 Bin\u0259q\u0259di rayon \u0130cra Hakimiyy\u0259tind\u0259 t\u0259cr\u00fcb\u0259 ke\u00e7\u0259n 10-cu qrup ASAN k\u00f6n\u00fcll\u00fcl\u0259ri il\u0259 R\u0259sulzad\u0259 q\u0259s\u0259b\u0259 b\u0259l\u0259diyy\u0259sind\u0259 g\u00f6r\u00fc\u015f ke\u00e7irildi.<br \/>\nKe\u00e7iril\u0259n g\u00f6r\u00fc\u015fd\u0259 R\u0259sulzad\u0259 q\u0259s\u0259b\u0259 B\u0259l\u0259diyy\u0259sinin s\u0259dri H\u00fcmb\u0259t H\u00fcseynov, Bin\u0259q\u0259di rayon \u0130cra Hakimiyy\u0259ti Aparat\u0131n\u0131n \u0130ctimai-siyasi v\u0259 humanitar m\u0259s\u0259l\u0259l\u0259r \u015f\u00f6b\u0259sinin ba\u015f m\u0259sl\u0259h\u0259t\u00e7isi Leyla K\u0259rimova, B\u0259l\u0259diyy\u0259 s\u0259drinin m\u00fcavinl\u0259ri, \u201c\u0130ctimai-humanitar\u201d sektorunun m\u00fcdiri v\u0259 ASAN k\u00f6n\u00fcll\u00fcl\u0259ri i\u015ftirak\u00a0etdil\u0259r.<br \/>\n\u0130lk \u00f6nc\u0259 ASAN k\u00f6n\u00fcll\u00fcl\u0259ri R\u0259sulzad\u0259 q\u0259s\u0259b\u0259 b\u0259l\u0259diyy\u0259sinin f\u0259aliyy\u0259ti il\u0259 tan\u0131\u015f oldular v\u0259 onlara b\u0259l\u0259diyy\u0259nin i\u015f f\u0259aliyy\u0259ti, \u015f\u00f6b\u0259l\u0259ri haqq\u0131nda geni\u015f m\u0259lumat verildi.<br \/>\nDaha sonra ASAN k\u00f6n\u00fcll\u00fcl\u0259ri il\u0259 g\u00f6r\u00fc\u015f ke\u00e7irildi. G\u00f6r\u00fc\u015fd\u0259 \u00e7\u0131x\u0131\u015f ed\u0259n R\u0259sulzad\u0259 q\u0259s\u0259b\u0259 B\u0259l\u0259diyy\u0259sinin s\u0259dri H\u00fcmb\u0259t H\u00fcseynov b\u0259l\u0259diyy\u0259nin f\u0259aliyy\u0259ti, i\u015f mexanizmi v\u0259 g\u0259ncl\u0259rin bu sah\u0259d\u0259 aktivliyi haqq\u0131nda geni\u015f m\u0259lumat verdi. Natiq \u00e7\u0131x\u0131\u015f\u0131nda bildirdi ki, \u00f6lk\u0259mizd\u0259 b\u0259l\u0259diyy\u0259l\u0259rin f\u0259aliyy\u0259tinin m\u00fcasir t\u0259l\u0259bl\u0259r s\u0259viyy\u0259sind\u0259 qurulmas\u0131na, onlar\u0131n iqtisadi resurslar\u0131ndan istifad\u0259nin s\u0259m\u0259r\u0259sinin y\u00fcks\u0259ldilm\u0259sin\u0259 v\u0259 yerli \u0259h\u0259miyy\u0259tli m\u0259s\u0259l\u0259l\u0259rin h\u0259llind\u0259 rolunun art\u0131r\u0131lmas\u0131na x\u00fcsusi diqq\u0259t yetirilir v\u0259 Az\u0259rbaycan b\u0259l\u0259diyy\u0259\u00e7iliyinin \u00f6z\u00fcn\u0259m\u0259xsuslu\u011funun g\u00f6st\u0259ricil\u0259rind\u0259n biri d\u0259 bu sah\u0259d\u0259 \u00f6lk\u0259 \u0259halisinin m\u0259nafeyin\u0259 xidm\u0259t ed\u0259n t\u0259dbirl\u0259rin h\u0259yata ke\u00e7irilm\u0259sind\u0259 davaml\u0131l\u0131\u011f\u0131n v\u0259 \u0259n\u0259n\u0259viliyin qorunub saxlan\u0131lmas\u0131 t\u0259cr\u00fcb\u0259sidir.<br \/>\nDaha sonra \u00e7\u0131x\u0131\u015f ed\u0259n Bin\u0259q\u0259di rayon \u0130cra Hakimiyy\u0259ti Aparat\u0131n\u0131n \u0130ctimai-siyasi v\u0259 humanitar m\u0259s\u0259l\u0259l\u0259r \u015f\u00f6b\u0259sinin ba\u015f m\u0259sl\u0259h\u0259t\u00e7isi Leyla K\u0259rimova B\u0259l\u0259diyy\u0259l\u0259rd\u0259 yarad\u0131lm\u0131\u015f \u201c\u0130ctimai-humanitar\u201d sektorlar haqq\u0131nda geni\u015f m\u0259lumat ver\u0259r\u0259k bir il \u0259rzind\u0259 Bin\u0259q\u0259di rayonunda b\u0259l\u0259diyy\u0259l\u0259rin \u201c\u0130ctimai-humanitar\u201d sektorunun f\u0259aliyy\u0259ti, h\u0259yata ke\u00e7irdiyi layih\u0259l\u0259rin \u0259h\u0259miyy\u0259tind\u0259n dan\u0131\u015fd\u0131.Sonra R\u0259sulzad\u0259 q\u0259s\u0259b\u0259 B\u0259l\u0259diyy\u0259sinin \u201c\u0130ctimai-humanitar\u201d sektorunun m\u00fcdiri G\u00fcnel Vahabzad\u0259 2016-c\u0131 ilin avqust ay\u0131ndan R\u0259sulzad\u0259 b\u0259l\u0259diyy\u0259sind\u0259 yarad\u0131lan \u201c\u0130ctimai-humanitar\u201d sektorun h\u0259yata ke\u00e7irdiyi layih\u0259l\u0259rin t\u0259qdimat\u0131n\u0131 etdi.T\u0259qdimatdan sonra g\u0259ncl\u0259rin b\u0259l\u0259diyy\u0259 il\u0259 ba\u011fl\u0131 t\u0259\u0259ss\u00fcratlar\u0131 dinl\u0259nil\u0259r\u0259k suallar\u0131 cavabland\u0131r\u0131ld\u0131. T\u0259qdimatdan sonra g\u0259ncl\u0259rin \u00e7ay s<a href=\"http:\/\/belediyye.az\/resulzade\/wp-content\/uploads\/2017\/08\/ILK_0006.jpg\"><img loading=\"lazy\" decoding=\"async\" class=\"alignright size-full wp-image-1924\" alt=\"ILK_0006\" src=\"http:\/\/belediyye.az\/resulzade\/wp-content\/uploads\/2017\/08\/ILK_0006.jpg\" width=\"800\" height=\"533\" srcset=\"http:\/\/belediyye.az\/resulzade\/wp-content\/uploads\/2017\/08\/ILK_0006.jpg 800w, http:\/\/belediyye.az\/resulzade\/wp-content\/uploads\/2017\/08\/ILK_0006-300x199.jpg 300w, http:\/\/belediyye.az\/resulzade\/wp-content\/uploads\/2017\/08\/ILK_0006-82x55.jpg 82w, http:\/\/belediyye.az\/resulzade\/wp-content\/uploads\/2017\/08\/ILK_0006-120x80.jpg 120w\" sizes=\"auto, (max-width: 800px) 100vw, 800px\" \/><\/a> <a href=\"http:\/\/belediyye.az\/resulzade\/wp-content\/uploads\/2017\/08\/ILK_0011.jpg\"><img loading=\"lazy\" decoding=\"async\" class=\"alignright size-full wp-image-1925\" alt=\"ILK_0011\" src=\"http:\/\/belediyye.az\/resulzade\/wp-content\/uploads\/2017\/08\/ILK_0011.jpg\" width=\"800\" height=\"533\" srcset=\"http:\/\/belediyye.az\/resulzade\/wp-content\/uploads\/2017\/08\/ILK_0011.jpg 800w, http:\/\/belediyye.az\/resulzade\/wp-content\/uploads\/2017\/08\/ILK_0011-300x199.jpg 300w, http:\/\/belediyye.az\/resulzade\/wp-content\/uploads\/2017\/08\/ILK_0011-82x55.jpg 82w, http:\/\/belediyye.az\/resulzade\/wp-content\/uploads\/2017\/08\/ILK_0011-120x80.jpg 120w\" sizes=\"auto, (max-width: 800px) 100vw, 800px\" \/><\/a> <a href=\"http:\/\/belediyye.az\/resulzade\/wp-content\/uploads\/2017\/08\/ILK_0023.jpg\"><img loading=\"lazy\" decoding=\"async\" class=\"alignright size-full wp-image-1926\" alt=\"ILK_0023\" src=\"http:\/\/belediyye.az\/resulzade\/wp-content\/uploads\/2017\/08\/ILK_0023.jpg\" width=\"800\" height=\"533\" srcset=\"http:\/\/belediyye.az\/resulzade\/wp-content\/uploads\/2017\/08\/ILK_0023.jpg 800w, http:\/\/belediyye.az\/resulzade\/wp-content\/uploads\/2017\/08\/ILK_0023-300x199.jpg 300w, http:\/\/belediyye.az\/resulzade\/wp-content\/uploads\/2017\/08\/ILK_0023-82x55.jpg 82w, http:\/\/belediyye.az\/resulzade\/wp-content\/uploads\/2017\/08\/ILK_0023-120x80.jpg 120w\" sizes=\"auto, (max-width: 800px) 100vw, 800px\" \/><\/a> <a href=\"http:\/\/belediyye.az\/resulzade\/wp-content\/uploads\/2017\/08\/ILK_0035.jpg\"><img loading=\"lazy\" decoding=\"async\" class=\"alignright size-full wp-image-1927\" alt=\"ILK_0035\" src=\"http:\/\/belediyye.az\/resulzade\/wp-content\/uploads\/2017\/08\/ILK_0035.jpg\" width=\"800\" height=\"533\" srcset=\"http:\/\/belediyye.az\/resulzade\/wp-content\/uploads\/2017\/08\/ILK_0035.jpg 800w, http:\/\/belediyye.az\/resulzade\/wp-content\/uploads\/2017\/08\/ILK_0035-300x199.jpg 300w, http:\/\/belediyye.az\/resulzade\/wp-content\/uploads\/2017\/08\/ILK_0035-82x55.jpg 82w, http:\/\/belediyye.az\/resulzade\/wp-content\/uploads\/2017\/08\/ILK_0035-120x80.jpg 120w\" sizes=\"auto, (max-width: 800px) 100vw, 800px\" \/><\/a> <a href=\"http:\/\/belediyye.az\/resulzade\/wp-content\/uploads\/2017\/08\/ILK_0003.jpg\"><img loading=\"lazy\" decoding=\"async\" class=\"alignright size-full wp-image-1923\" alt=\"ILK_0003\" src=\"http:\/\/belediyye.az\/resulzade\/wp-content\/uploads\/2017\/08\/ILK_0003.jpg\" width=\"800\" height=\"533\" srcset=\"http:\/\/belediyye.az\/resulzade\/wp-content\/uploads\/2017\/08\/ILK_0003.jpg 800w, http:\/\/belediyye.az\/resulzade\/wp-content\/uploads\/2017\/08\/ILK_0003-300x199.jpg 300w, http:\/\/belediyye.az\/resulzade\/wp-content\/uploads\/2017\/08\/ILK_0003-82x55.jpg 82w, http:\/\/belediyye.az\/resulzade\/wp-content\/uploads\/2017\/08\/ILK_0003-120x80.jpg 120w\" sizes=\"auto, (max-width: 800px) 100vw, 800px\" \/><\/a>\u00fcfr\u0259si \u0259traf\u0131nda s\u0259mimi g\u00f6r\u00fc\u015f\u00fc davam etdi. \u00a0Sonda xatir\u0259 fotosu \u00e7\u0259kdirildi.<\/p>\n<p><a href=\"http:\/\/belediyye.az\/resulzade\/wp-content\/uploads\/2017\/08\/ILK_0071.jpg\"><img loading=\"lazy\" decoding=\"async\" class=\"alignright size-full wp-image-1928\" alt=\"ILK_0071\" src=\"http:\/\/belediyye.az\/resulzade\/wp-content\/uploads\/2017\/08\/ILK_0071.jpg\" width=\"800\" height=\"533\" srcset=\"http:\/\/belediyye.az\/resulzade\/wp-content\/uploads\/2017\/08\/ILK_0071.jpg 800w, http:\/\/belediyye.az\/resulzade\/wp-content\/uploads\/2017\/08\/ILK_0071-300x199.jpg 300w, http:\/\/belediyye.az\/resulzade\/wp-content\/uploads\/2017\/08\/ILK_0071-82x55.jpg 82w, http:\/\/belediyye.az\/resulzade\/wp-content\/uploads\/2017\/08\/ILK_0071-120x80.jpg 120w\" sizes=\"auto, (max-width: 800px) 100vw, 800px\" \/><\/a><\/p>\n","protected":false},"excerpt":{"rendered":"<p>04 avqust tarixind\u0259 ASAN Master-2 layih\u0259si \u00e7\u0259r\u00e7iv\u0259sind\u0259 Bin\u0259q\u0259di rayon \u0130cra Hakimiyy\u0259tind\u0259 t\u0259cr\u00fcb\u0259 ke\u00e7\u0259n 10-cu qrup ASAN k\u00f6n\u00fcll\u00fcl\u0259ri il\u0259 R\u0259sulzad\u0259 q\u0259s\u0259b\u0259 b\u0259l\u0259diyy\u0259sind\u0259 g\u00f6r\u00fc\u015f ke\u00e7irildi. Ke\u00e7iril\u0259n g\u00f6r\u00fc\u015fd\u0259 R\u0259sulzad\u0259 q\u0259s\u0259b\u0259 B\u0259l\u0259diyy\u0259sinin s\u0259dri H\u00fcmb\u0259t H\u00fcseynov, Bin\u0259q\u0259di rayon \u0130cra Hakimiyy\u0259ti Aparat\u0131n\u0131n \u0130ctimai-siyasi v\u0259 humanitar m\u0259s\u0259l\u0259l\u0259r \u015f\u00f6b\u0259sinin ba\u015f m\u0259sl\u0259h\u0259t\u00e7isi Leyla K\u0259rimova, B\u0259l\u0259diyy\u0259 s\u0259drinin m\u00fcavinl\u0259ri, \u201c\u0130ctimai-humanitar\u201d sektorunun m\u00fcdiri v\u0259 ASAN k\u00f6n\u00fcll\u00fcl\u0259ri i\u015ftirak\u00a0etdil\u0259r. [&hellip;]<\/p>\n","protected":false},"author":1,"featured_media":0,"comment_status":"closed","ping_status":"closed","sticky":false,"template":"","format":"standard","meta":{"footnotes":""},"categories":[5,1,8,4],"tags":[],"class_list":["post-1922","post","type-post","status-publish","format-standard","hentry","category-xeberler","category-fealiyyetlerimiz","category-hesabat","category-gorulen-ishler"],"_links":{"self":[{"href":"http:\/\/belediyye.az\/resulzade\/wp-json\/wp\/v2\/posts\/1922","targetHints":{"allow":["GET"]}}],"collection":[{"href":"http:\/\/belediyye.az\/resulzade\/wp-json\/wp\/v2\/posts"}],"about":[{"href":"http:\/\/belediyye.az\/resulzade\/wp-json\/wp\/v2\/types\/post"}],"author":[{"embeddable":true,"href":"http:\/\/belediyye.az\/resulzade\/wp-json\/wp\/v2\/users\/1"}],"replies":[{"embeddable":true,"href":"http:\/\/belediyye.az\/resulzade\/wp-json\/wp\/v2\/comments?post=1922"}],"version-history":[{"count":5,"href":"http:\/\/belediyye.az\/resulzade\/wp-json\/wp\/v2\/posts\/1922\/revisions"}],"predecessor-version":[{"id":1933,"href":"http:\/\/belediyye.az\/resulzade\/wp-json\/wp\/v2\/posts\/1922\/revisions\/1933"}],"wp:attachment":[{"href":"http:\/\/belediyye.az\/resulzade\/wp-json\/wp\/v2\/media?parent=1922"}],"wp:term":[{"taxonomy":"category","embeddable":true,"href":"http:\/\/belediyye.az\/resulzade\/wp-json\/wp\/v2\/categories?post=1922"},{"taxonomy":"post_tag","embeddable":true,"href":"http:\/\/belediyye.az\/resulzade\/wp-json\/wp\/v2\/tags?post=1922"}],"curies":[{"name":"wp","href":"https:\/\/api.w.org\/{rel}","templated":true}]}}