{"id":1802,"date":"2017-06-14T09:24:48","date_gmt":"2017-06-14T05:24:48","guid":{"rendered":"http:\/\/belediyye.az\/resulzade\/?p=1802"},"modified":"2017-06-16T10:41:39","modified_gmt":"2017-06-16T06:41:39","slug":"bin%c9%99q%c9%99di-rayonu-g%c9%99ncl%c9%99r-evind%c9%99-g%c9%99ncl%c9%99rin-ikt-inkisafi-m%c9%99rk%c9%99zi-adli-layih%c9%99-c%c9%99rciv%c9%99sind%c9%99-media-v%c9%99-biz","status":"publish","type":"post","link":"http:\/\/belediyye.az\/resulzade\/bin%c9%99q%c9%99di-rayonu-g%c9%99ncl%c9%99r-evind%c9%99-g%c9%99ncl%c9%99rin-ikt-inkisafi-m%c9%99rk%c9%99zi-adli-layih%c9%99-c%c9%99rciv%c9%99sind%c9%99-media-v%c9%99-biz\/","title":{"rendered":"Bin\u0259q\u0259di rayonu, G\u0259ncl\u0259r Evind\u0259 \u201cG\u018fNCL\u018fR\u0130N \u0130KT \u0130NK\u0130\u015eAFI M\u018fRK\u018fZ\u0130\u201d adl\u0131 layih\u0259 \u00e7\u0259r\u00e7iv\u0259sind\u0259 \u201cMedia v\u0259 Biz\u201d adl\u0131 t\u0259lim ke\u00e7irildi."},"content":{"rendered":"<p>Bin\u0259q\u0259di rayonu, G\u0259ncl\u0259r Evind\u0259 \u201cG\u018fNCL\u018fR\u0130N \u0130KT \u0130NK\u0130\u015eAFI M\u018fRK\u018fZ\u0130\u201d adl\u0131 layih\u0259 \u00e7\u0259r\u00e7iv\u0259sind\u0259 \u201cMedia v\u0259 Biz\u201d adl\u0131 t\u0259lim ke\u00e7irildi.<br \/>\nKe\u00e7iril\u0259n t\u0259limd\u0259 Bin\u0259q\u0259di rayon \u0130cra Hakimiyy\u0259ti Aparat\u0131n\u0131n \u0130ctimai-siyasi v\u0259 humanitar m\u0259s\u0259l\u0259l\u0259r \u015f\u00f6b\u0259sinin ba\u015f m\u0259sl\u0259h\u0259t\u00e7isi Leyla K\u0259rimova, Rayon G\u0259ncl\u0259r v\u0259 \u0130dman \u0130dar\u0259sinin r\u0259is m\u00fcavini Sevinc S\u00fcleymanova, ASGA-n\u0131n s\u0259dri, 7news\/az sayt\u0131n\u0131n r\u0259hb\u0259ri S\u0259buhi Abbasov, AMEA-n\u0131n elmi i\u015f\u00e7isi, \u0130KT \u00fczr\u0259 m\u00fct\u0259x\u0259ssis Cahid \u0130smay\u0131lo\u011flu, BR\u0130H-d\u0259 t\u0259cr\u00fcb\u0259 ke\u00e7\u0259n ASAN k\u00f6n\u00fcll\u00fcl\u0259ri, icra n\u00fcmay\u0259nd\u0259l\u0259rinin, b\u0259l\u0259diyy\u0259l\u0259rin v\u0259 MKTB-nin adminl\u0259ri, YAP-n\u0131n f\u0259al g\u0259ncl\u0259ri i\u015ftirak etdil\u0259r.<br \/>\nT\u0259limi a\u00e7\u0131q elan ed\u0259n G\u0259ncl\u0259r v\u0259 \u0130dman \u0130dar\u0259sinin r\u0259is m\u00fcavini Sevinc S\u00fcleymanova t\u0259dbirin proqram\u0131 haqq\u0131nda m\u0259lumat ver\u0259r\u0259k G\u0259ncl\u0259r Evind\u0259 bu c\u00fcr t\u0259liml\u0259rin m\u00fct\u0259madi ke\u00e7irildiyini vur\u011fulay\u0131b.<br \/>\nDaha sonra \u00e7\u0131x\u0131\u015f ed\u0259n Bin\u0259q\u0259di rayon \u0130cra Hakimiyy\u0259ti Aparat\u0131n\u0131n \u0130ctimai-siyasi v\u0259 humanitar m\u0259s\u0259l\u0259l\u0259r \u015f\u00f6b\u0259sinin ba\u015f m\u0259sl\u0259h\u0259t\u00e7isi Leyla K\u0259rimova sosial \u015f\u0259b\u0259k\u0259d\u0259 g\u0259ncl\u0259rin rolundan dan\u0131\u015f\u0131b v\u0259 vur\u011fulay\u0131b ki, Bin\u0259q\u0259di g\u0259ncl\u0259ri bu sah\u0259d\u0259 aktivliyini qoruyub saxlay\u0131rlar. Natiq onu da qeyd edib ki, maarifl\u0259ndirici t\u0259liml\u0259r, seminarlar rayonda m\u00fct\u0259madi olaraq t\u0259\u015fkil edilir v\u0259 g\u0259ncl\u0259rin media sah\u0259sind\u0259 maarifl\u0259ndirilm\u0259si istiqam\u0259tind\u0259 i\u015fl\u0259r apar\u0131l\u0131r.<br \/>\nSonra ASGA-n\u0131n s\u0259dri, 7news\/az sayt\u0131n\u0131n r\u0259hb\u0259ri S\u0259buhi Abbasov \u201cG\u018fNCL\u018fR\u0130N \u0130KT \u0130NK\u0130\u015eAFI M\u018fRK\u018fZ\u0130\u201d adl\u0131 layih\u0259 \u00e7\u0259r\u00e7iv\u0259sind\u0259 \u201cMedia v\u0259 Biz\u201d adl\u0131 t\u0259limin ke\u00e7irilm\u0259si \u00fc\u00e7\u00fcn rayon r\u0259hb\u0259rliyin\u0259 t\u0259\u015f\u0259kk\u00fcr edib v\u0259 layih\u0259nin \u0259h\u0259miyy\u0259ti haqq\u0131nda g\u0259ncl\u0259r\u0259 geni\u015f m\u0259lumat veribdir.<br \/>\n\u00c7\u0131x\u0131\u015flardan sonra t\u0259limd\u0259 i\u015ftirak ed\u0259n v\u0259 Bin\u0259q\u0259di rayonunda sosial \u015f\u0259b\u0259k\u0259l\u0259rd\u0259 aktiv olan bir qrupa g\u0259nc\u0259 Az\u0259rbaycan Slavyan G\u0259ncl\u0259rinin Assosiasiyas\u0131 t\u0259r\u0259find\u0259n diplomlar t\u0259qdim edilibdir.<br \/>\nM\u00fckafatland\u0131rma m\u0259rasimind\u0259n sonra AMEA-n\u0131n elmi i\u015f\u00e7isi, \u0130KT \u00fczr\u0259 m\u00fct\u0259x\u0259ssis Cahid \u0130smay\u0131lo\u011flu rayonun sosial \u015f\u0259b\u0259k\u0259d\u0259 aktiv olan g\u0259ncl\u0259rin\u0259 \u201cG\u018fNCL\u018fR\u0130N \u0130KT \u0130NK\u0130\u015eAFI M\u018fRK\u018fZ\u0130\u201d v\u0259 \u201cMedia v\u0259 Biz \u201c adl\u0131 t\u0259lim ke\u00e7ibdir. T\u0259lim zaman\u0131 ekspert sosial \u015f\u0259b\u0259k\u0259l\u0259rin \u0259h\u0259miyy\u0259tind\u0259n, onlardan d\u00fczg\u00fcn istifad\u0259 v\u0259 t\u0259hl\u00fck\u0259sizlik qaydalar\u0131ndan dan\u0131\u015f\u0131bd\u0131r.<br \/>\nT\u0259lim g\u0259ncl\u0259rin m\u00f6vzu \u0259sas\u0131nda m\u00fczakir\u0259si il\u0259 yekunla\u015f\u0131bd\u0131r<\/p>\n<p><a href=\"http:\/\/belediyye.az\/resulzade\/wp-content\/uploads\/2017\/06\/110.jpg\"><img loading=\"lazy\" decoding=\"async\" class=\"alignright size-full wp-image-1804\" alt=\"1\" src=\"http:\/\/belediyye.az\/resulzade\/wp-content\/uploads\/2017\/06\/110.jpg\" width=\"2048\" height=\"1421\" srcset=\"http:\/\/belediyye.az\/resulzade\/wp-content\/uploads\/2017\/06\/110.jpg 2048w, http:\/\/belediyye.az\/resulzade\/wp-content\/uploads\/2017\/06\/110-300x208.jpg 300w, http:\/\/belediyye.az\/resulzade\/wp-content\/uploads\/2017\/06\/110-1024x710.jpg 1024w, http:\/\/belediyye.az\/resulzade\/wp-content\/uploads\/2017\/06\/110-79x55.jpg 79w\" sizes=\"auto, (max-width: 2048px) 100vw, 2048px\" \/><\/a><a href=\"http:\/\/belediyye.az\/resulzade\/wp-content\/uploads\/2017\/06\/8.jpg\"><img loading=\"lazy\" decoding=\"async\" class=\"alignright size-full wp-image-1805\" alt=\"8\" src=\"http:\/\/belediyye.az\/resulzade\/wp-content\/uploads\/2017\/06\/8.jpg\" width=\"2048\" height=\"1829\" srcset=\"http:\/\/belediyye.az\/resulzade\/wp-content\/uploads\/2017\/06\/8.jpg 2048w, http:\/\/belediyye.az\/resulzade\/wp-content\/uploads\/2017\/06\/8-300x267.jpg 300w, http:\/\/belediyye.az\/resulzade\/wp-content\/uploads\/2017\/06\/8-1024x914.jpg 1024w, http:\/\/belediyye.az\/resulzade\/wp-content\/uploads\/2017\/06\/8-61x55.jpg 61w\" sizes=\"auto, (max-width: 2048px) 100vw, 2048px\" \/><\/a> <a href=\"http:\/\/belediyye.az\/resulzade\/wp-content\/uploads\/2017\/06\/19141417_1050418358435162_1987585584_n.jpg\"><img loading=\"lazy\" decoding=\"async\" class=\"alignright size-full wp-image-1803\" alt=\"19141417_1050418358435162_1987585584_n\" src=\"http:\/\/belediyye.az\/resulzade\/wp-content\/uploads\/2017\/06\/19141417_1050418358435162_1987585584_n.jpg\" width=\"830\" height=\"960\" srcset=\"http:\/\/belediyye.az\/resulzade\/wp-content\/uploads\/2017\/06\/19141417_1050418358435162_1987585584_n.jpg 830w, http:\/\/belediyye.az\/resulzade\/wp-content\/uploads\/2017\/06\/19141417_1050418358435162_1987585584_n-259x300.jpg 259w, http:\/\/belediyye.az\/resulzade\/wp-content\/uploads\/2017\/06\/19141417_1050418358435162_1987585584_n-47x55.jpg 47w\" sizes=\"auto, (max-width: 830px) 100vw, 830px\" \/><\/a><\/p>\n","protected":false},"excerpt":{"rendered":"<p>Bin\u0259q\u0259di rayonu, G\u0259ncl\u0259r Evind\u0259 \u201cG\u018fNCL\u018fR\u0130N \u0130KT \u0130NK\u0130\u015eAFI M\u018fRK\u018fZ\u0130\u201d adl\u0131 layih\u0259 \u00e7\u0259r\u00e7iv\u0259sind\u0259 \u201cMedia v\u0259 Biz\u201d adl\u0131 t\u0259lim ke\u00e7irildi. Ke\u00e7iril\u0259n t\u0259limd\u0259 Bin\u0259q\u0259di rayon \u0130cra Hakimiyy\u0259ti Aparat\u0131n\u0131n \u0130ctimai-siyasi v\u0259 humanitar m\u0259s\u0259l\u0259l\u0259r \u015f\u00f6b\u0259sinin ba\u015f m\u0259sl\u0259h\u0259t\u00e7isi Leyla K\u0259rimova, Rayon G\u0259ncl\u0259r v\u0259 \u0130dman \u0130dar\u0259sinin r\u0259is m\u00fcavini Sevinc S\u00fcleymanova, ASGA-n\u0131n s\u0259dri, 7news\/az sayt\u0131n\u0131n r\u0259hb\u0259ri S\u0259buhi Abbasov, AMEA-n\u0131n elmi i\u015f\u00e7isi, \u0130KT \u00fczr\u0259 m\u00fct\u0259x\u0259ssis [&hellip;]<\/p>\n","protected":false},"author":1,"featured_media":0,"comment_status":"closed","ping_status":"closed","sticky":false,"template":"","format":"standard","meta":{"footnotes":""},"categories":[5,1,8,4],"tags":[],"class_list":["post-1802","post","type-post","status-publish","format-standard","hentry","category-xeberler","category-fealiyyetlerimiz","category-hesabat","category-gorulen-ishler"],"_links":{"self":[{"href":"http:\/\/belediyye.az\/resulzade\/wp-json\/wp\/v2\/posts\/1802","targetHints":{"allow":["GET"]}}],"collection":[{"href":"http:\/\/belediyye.az\/resulzade\/wp-json\/wp\/v2\/posts"}],"about":[{"href":"http:\/\/belediyye.az\/resulzade\/wp-json\/wp\/v2\/types\/post"}],"author":[{"embeddable":true,"href":"http:\/\/belediyye.az\/resulzade\/wp-json\/wp\/v2\/users\/1"}],"replies":[{"embeddable":true,"href":"http:\/\/belediyye.az\/resulzade\/wp-json\/wp\/v2\/comments?post=1802"}],"version-history":[{"count":1,"href":"http:\/\/belediyye.az\/resulzade\/wp-json\/wp\/v2\/posts\/1802\/revisions"}],"predecessor-version":[{"id":1806,"href":"http:\/\/belediyye.az\/resulzade\/wp-json\/wp\/v2\/posts\/1802\/revisions\/1806"}],"wp:attachment":[{"href":"http:\/\/belediyye.az\/resulzade\/wp-json\/wp\/v2\/media?parent=1802"}],"wp:term":[{"taxonomy":"category","embeddable":true,"href":"http:\/\/belediyye.az\/resulzade\/wp-json\/wp\/v2\/categories?post=1802"},{"taxonomy":"post_tag","embeddable":true,"href":"http:\/\/belediyye.az\/resulzade\/wp-json\/wp\/v2\/tags?post=1802"}],"curies":[{"name":"wp","href":"https:\/\/api.w.org\/{rel}","templated":true}]}}