{"id":1754,"date":"2017-05-26T16:44:58","date_gmt":"2017-05-26T12:44:58","guid":{"rendered":"http:\/\/belediyye.az\/resulzade\/?p=1754"},"modified":"2017-05-27T16:48:49","modified_gmt":"2017-05-27T12:48:49","slug":"vergi-olimpiadasina-hazirliq-m%c9%99rh%c9%99l%c9%99sind%c9%99-gorus-kecirilib","status":"publish","type":"post","link":"http:\/\/belediyye.az\/resulzade\/vergi-olimpiadasina-hazirliq-m%c9%99rh%c9%99l%c9%99sind%c9%99-gorus-kecirilib\/","title":{"rendered":"\u201cVergi olimpiadas\u0131\u201dna haz\u0131rl\u0131q m\u0259rh\u0259l\u0259sind\u0259 g\u00f6r\u00fc\u015f ke\u00e7irilib"},"content":{"rendered":"<p>M.\u018f.R\u0259sulzad\u0259 b\u0259l\u0259diyy\u0259si t\u0259r\u0259find\u0259n q\u0259s\u0259b\u0259nin Namiq F\u0259r\u0259czad\u0259 ad\u0131na 100 sayl\u0131 tam orta m\u0259kt\u0259bind\u0259, q\u0259s\u0259b\u0259 \u0259razisind\u0259 yerl\u0259\u015f\u0259n m\u0259kt\u0259bl\u0259r aras\u0131nda t\u0259\u015fkil edil\u0259c\u0259k \u201cVergi olimpiadas\u0131\u201dna haz\u0131rl\u0131q m\u0259rh\u0259l\u0259sind\u0259 g\u00f6r\u00fc\u015f ke\u00e7irilib. Ke\u00e7iril\u0259n g\u00f6r\u00fc\u015fd\u0259 M.\u018f.R\u0259sulzad\u0259 b\u0259l\u0259diyy\u0259sinin s\u0259dri H\u00fcmb\u0259t H\u00fcseynov, ictimai-humanitar sektorun m\u00fcdiri, b\u0259l\u0259diyy\u0259 g\u0259lirl\u0259ri v\u0259 yerli vergil\u0259r \u015f\u00f6b\u0259sinin m\u00fcdiri, Namiq F\u0259r\u0259czad\u0259 ad\u0131na 100 sayl\u0131 tam orta m\u0259kt\u0259bin direktoru G\u00fclnar\u0259 M\u0259mm\u0259dova, q\u0259s\u0259b\u0259 \u0259razisind\u0259 yerl\u0259\u015f\u0259n 100, 99, 143, 115, 30 sayl\u0131 m\u0259kt\u0259bl\u0259rin t\u0259rbiyy\u0259 i\u015fl\u0259ri \u00fczr\u0259 direktor m\u00fcavinl\u0259ri i\u015ftirak edib.<\/p>\n<p>B\u0259l\u0259diyy\u0259 s\u0259dri H\u00fcmb\u0259t H\u00fcseynov \u00e7\u0131x\u0131\u015f ed\u0259r\u0259k q\u0259s\u0259b\u0259 \u0259razisind\u0259 g\u00f6r\u00fcl\u0259n abadl\u0131q-quruculuq i\u015fl\u0259ri bar\u0259d\u0259 m\u0259lumat verib. \u00a0B\u0259l\u0259diyy\u0259 s\u0259dri Yerli vergi v\u0259 \u00f6d\u0259ni\u015fl\u0259rin vaxt\u0131nda v\u0259 tam h\u0259cmd\u0259 y\u0131\u011f\u0131lmas\u0131n\u0131n t\u0259min edilm\u0259si, b\u0259l\u0259diyy\u0259 b\u00fcdc\u0259sin\u0259 vergi daxilolmalar\u0131, b\u0259l\u0259diyy\u0259 b\u00fcdc\u0259sinin t\u0259yinat\u0131 \u00fczr\u0259 s\u0259m\u0259r\u0259li istifad\u0259si v\u0259 dig\u0259r m\u0259s\u0259l\u0259l\u0259r bar\u0259d\u0259 \u0259trafl\u0131 m\u0259lumat ver\u0259r\u0259k bildirib ki, bu m\u0259qs\u0259dl\u0259 \u201cVergi olimpiadas\u0131\u201d ke\u00e7iril\u0259c\u0259k.<\/p>\n<p>Daha sonra ictimai-humanitar sektorun m\u00fcdiri G\u00fcnel Vahabzad\u0259 \u00e7\u0131x\u0131\u015f ed\u0259r\u0259k, ke\u00e7iril\u0259c\u0259k \u201cVergi olimpiadas\u0131\u201d haqq\u0131nda \u0259trafl\u0131 m\u0259lumat verib, m\u00f6vzu \u0259traf\u0131nda geni\u015f fikir m\u00fcbadil\u0259si apar\u0131l\u0131b.<a href=\"http:\/\/belediyye.az\/resulzade\/wp-content\/uploads\/2017\/05\/7.jpg\"><img loading=\"lazy\" decoding=\"async\" class=\"alignright size-full wp-image-1761\" alt=\"7\" src=\"http:\/\/belediyye.az\/resulzade\/wp-content\/uploads\/2017\/05\/7.jpg\" width=\"800\" height=\"533\" srcset=\"http:\/\/belediyye.az\/resulzade\/wp-content\/uploads\/2017\/05\/7.jpg 800w, http:\/\/belediyye.az\/resulzade\/wp-content\/uploads\/2017\/05\/7-300x199.jpg 300w, http:\/\/belediyye.az\/resulzade\/wp-content\/uploads\/2017\/05\/7-82x55.jpg 82w, http:\/\/belediyye.az\/resulzade\/wp-content\/uploads\/2017\/05\/7-120x80.jpg 120w\" sizes=\"auto, (max-width: 800px) 100vw, 800px\" \/><\/a> <a href=\"http:\/\/belediyye.az\/resulzade\/wp-content\/uploads\/2017\/05\/61.jpg\"><img loading=\"lazy\" decoding=\"async\" class=\"alignright size-full wp-image-1760\" alt=\"6\" src=\"http:\/\/belediyye.az\/resulzade\/wp-content\/uploads\/2017\/05\/61.jpg\" width=\"800\" height=\"533\" srcset=\"http:\/\/belediyye.az\/resulzade\/wp-content\/uploads\/2017\/05\/61.jpg 800w, http:\/\/belediyye.az\/resulzade\/wp-content\/uploads\/2017\/05\/61-300x199.jpg 300w, http:\/\/belediyye.az\/resulzade\/wp-content\/uploads\/2017\/05\/61-82x55.jpg 82w, http:\/\/belediyye.az\/resulzade\/wp-content\/uploads\/2017\/05\/61-120x80.jpg 120w\" sizes=\"auto, (max-width: 800px) 100vw, 800px\" \/><\/a><\/p>\n<p><a href=\"http:\/\/belediyye.az\/resulzade\/wp-content\/uploads\/2017\/05\/13.jpg\"><img loading=\"lazy\" decoding=\"async\" class=\"alignright size-full wp-image-1755\" alt=\"1\" src=\"http:\/\/belediyye.az\/resulzade\/wp-content\/uploads\/2017\/05\/13.jpg\" width=\"800\" height=\"533\" srcset=\"http:\/\/belediyye.az\/resulzade\/wp-content\/uploads\/2017\/05\/13.jpg 800w, http:\/\/belediyye.az\/resulzade\/wp-content\/uploads\/2017\/05\/13-300x199.jpg 300w, http:\/\/belediyye.az\/resulzade\/wp-content\/uploads\/2017\/05\/13-82x55.jpg 82w, http:\/\/belediyye.az\/resulzade\/wp-content\/uploads\/2017\/05\/13-120x80.jpg 120w\" sizes=\"auto, (max-width: 800px) 100vw, 800px\" \/><\/a><\/p>\n","protected":false},"excerpt":{"rendered":"<p>M.\u018f.R\u0259sulzad\u0259 b\u0259l\u0259diyy\u0259si t\u0259r\u0259find\u0259n q\u0259s\u0259b\u0259nin Namiq F\u0259r\u0259czad\u0259 ad\u0131na 100 sayl\u0131 tam orta m\u0259kt\u0259bind\u0259, q\u0259s\u0259b\u0259 \u0259razisind\u0259 yerl\u0259\u015f\u0259n m\u0259kt\u0259bl\u0259r aras\u0131nda t\u0259\u015fkil edil\u0259c\u0259k \u201cVergi olimpiadas\u0131\u201dna haz\u0131rl\u0131q m\u0259rh\u0259l\u0259sind\u0259 g\u00f6r\u00fc\u015f ke\u00e7irilib. Ke\u00e7iril\u0259n g\u00f6r\u00fc\u015fd\u0259 M.\u018f.R\u0259sulzad\u0259 b\u0259l\u0259diyy\u0259sinin s\u0259dri H\u00fcmb\u0259t H\u00fcseynov, ictimai-humanitar sektorun m\u00fcdiri, b\u0259l\u0259diyy\u0259 g\u0259lirl\u0259ri v\u0259 yerli vergil\u0259r \u015f\u00f6b\u0259sinin m\u00fcdiri, Namiq F\u0259r\u0259czad\u0259 ad\u0131na 100 sayl\u0131 tam orta m\u0259kt\u0259bin direktoru G\u00fclnar\u0259 M\u0259mm\u0259dova, q\u0259s\u0259b\u0259 \u0259razisind\u0259 [&hellip;]<\/p>\n","protected":false},"author":1,"featured_media":0,"comment_status":"closed","ping_status":"closed","sticky":false,"template":"","format":"standard","meta":{"footnotes":""},"categories":[5,1,8,4],"tags":[],"class_list":["post-1754","post","type-post","status-publish","format-standard","hentry","category-xeberler","category-fealiyyetlerimiz","category-hesabat","category-gorulen-ishler"],"_links":{"self":[{"href":"http:\/\/belediyye.az\/resulzade\/wp-json\/wp\/v2\/posts\/1754","targetHints":{"allow":["GET"]}}],"collection":[{"href":"http:\/\/belediyye.az\/resulzade\/wp-json\/wp\/v2\/posts"}],"about":[{"href":"http:\/\/belediyye.az\/resulzade\/wp-json\/wp\/v2\/types\/post"}],"author":[{"embeddable":true,"href":"http:\/\/belediyye.az\/resulzade\/wp-json\/wp\/v2\/users\/1"}],"replies":[{"embeddable":true,"href":"http:\/\/belediyye.az\/resulzade\/wp-json\/wp\/v2\/comments?post=1754"}],"version-history":[{"count":3,"href":"http:\/\/belediyye.az\/resulzade\/wp-json\/wp\/v2\/posts\/1754\/revisions"}],"predecessor-version":[{"id":1764,"href":"http:\/\/belediyye.az\/resulzade\/wp-json\/wp\/v2\/posts\/1754\/revisions\/1764"}],"wp:attachment":[{"href":"http:\/\/belediyye.az\/resulzade\/wp-json\/wp\/v2\/media?parent=1754"}],"wp:term":[{"taxonomy":"category","embeddable":true,"href":"http:\/\/belediyye.az\/resulzade\/wp-json\/wp\/v2\/categories?post=1754"},{"taxonomy":"post_tag","embeddable":true,"href":"http:\/\/belediyye.az\/resulzade\/wp-json\/wp\/v2\/tags?post=1754"}],"curies":[{"name":"wp","href":"https:\/\/api.w.org\/{rel}","templated":true}]}}