{"id":1741,"date":"2017-05-16T15:30:33","date_gmt":"2017-05-16T11:30:33","guid":{"rendered":"http:\/\/belediyye.az\/resulzade\/?p=1741"},"modified":"2017-05-16T16:13:12","modified_gmt":"2017-05-16T12:13:12","slug":"m-%c9%99-r%c9%99sulzad%c9%99-b%c9%99l%c9%99diyy%c9%99sind%c9%99-g%c9%99ncl%c9%99rl%c9%99-gorus-kecirilib","status":"publish","type":"post","link":"http:\/\/belediyye.az\/resulzade\/m-%c9%99-r%c9%99sulzad%c9%99-b%c9%99l%c9%99diyy%c9%99sind%c9%99-g%c9%99ncl%c9%99rl%c9%99-gorus-kecirilib\/","title":{"rendered":"M.\u018f.R\u0259sulzad\u0259 b\u0259l\u0259diyy\u0259sind\u0259 g\u0259ncl\u0259rl\u0259 g\u00f6r\u00fc\u015f ke\u00e7irilib"},"content":{"rendered":"<p>15 may 2017-ci il tarixind\u0259 ictimai-humanitar sektorun t\u0259\u015fkilat\u00e7\u0131l\u0131\u011f\u0131\u00a0il\u0259 M.\u018f.R\u0259sulzad\u0259 b\u0259l\u0259diyy\u0259sind\u0259 g\u0259ncl\u0259rl\u0259 g\u00f6r\u00fc\u015f ke\u00e7irilib. G\u00f6r\u00fc\u015fd\u0259 M.\u018f.R\u0259sulzad\u0259 b\u0259l\u0259diyy\u0259sinin s\u0259dri H\u00fcmb\u0259t H\u00fcseynov, b\u0259l\u0259diyy\u0259 \u00fczvl\u0259ri v\u0259 q\u0259s\u0259b\u0259 sakini olan g\u0259ncl\u0259r i\u015ftirak edib.<\/p>\n<p>M.\u018f.R\u0259sulzad\u0259 b\u0259l\u0259diyy\u0259sinin s\u0259dri H\u00fcmb\u0259t H\u00fcseynov \u00e7\u0131x\u0131\u015f ed\u0259r\u0259k bildirib ki, vaxtil\u0259 ulu \u00f6nd\u0259r Heyd\u0259r \u018fliyevin Az\u0259rbaycanda t\u0259m\u0259lini qoyub, konsepsiyas\u0131n\u0131 formala\u015fd\u0131rd\u0131\u011f\u0131 daxili siyas\u0259t istiqam\u0259tl\u0259rind\u0259n bir m\u0259hz g\u0259ncl\u0259r siyas\u0259ti olub. G\u0259ncl\u0259r\u0259 etibar ed\u0259n Ulu \u00f6nd\u0259r onlarla \u00fcnsiyy\u0259tin t\u0259r\u0259fdar\u0131 idi v\u0259 m\u00fct\u0259madi g\u00f6r\u00fc\u015fl\u0259r ke\u00e7irm\u0259kl\u0259, onlar\u0131n d\u00fc\u015f\u00fcnc\u0259sini, fikirl\u0259rini v\u0259 t\u0259klifl\u0259rini \u00f6yr\u0259nir, m\u00fcvafiq add\u0131mlar at\u0131rd\u0131. Bu g\u00fcn d\u0259 h\u0259min siyas\u0259t davam etdirilir. Az\u0259rbaycan g\u0259ncliyi d\u00f6vl\u0259timizin g\u0259l\u0259c\u0259yidir. Prezident \u0130lham \u018fliyev hesab edir ki, Az\u0259rbaycan g\u0259ncliyin\u0259 istiqam\u0259tl\u0259nmi\u015f siyas\u0259t, g\u0259ncliyin inki\u015faf\u0131na qoyulmu\u015f kapital Az\u0259rbaycan\u0131n g\u0259l\u0259c\u0259yin\u0259 qoyulmu\u015f kapitald\u0131r, g\u0259l\u0259c\u0259yin etibarl\u0131 t\u0259minat\u0131d\u0131r. G\u00f6r\u00fcnd\u00fcy\u00fc kimi, y\u00fcr\u00fcd\u00fcl\u0259n g\u0259ncl\u0259r siyas\u0259tinin n\u0259tic\u0259sidir ki, bu g\u00fcn Az\u0259rbaycan g\u0259ncl\u0259ri c\u0259miyy\u0259tin inki\u015faf\u0131nda f\u0259al sosial t\u0259b\u0259q\u0259 kimi demokratikl\u0259\u015fm\u0259 prosesind\u0259 f\u0259al i\u015ftirak edir, m\u0259d\u0259niyy\u0259t, inc\u0259s\u0259n\u0259t, iqtisadiyyat v\u0259 dig\u0259r sah\u0259l\u0259rd\u0259 nailiyy\u0259tl\u0259r qazan\u0131r, d\u00f6vl\u0259t\u00e7iliyin m\u00f6hk\u0259ml\u0259ndirilm\u0259si prosesind\u0259 yax\u0131ndan i\u015ftirak edirl\u0259r. G\u0259ncl\u0259rin imkan v\u0259 bacar\u0131qlar\u0131n\u0131 h\u0259r zaman y\u00fcks\u0259k qiym\u0259tl\u0259ndirildiyini, onlar\u0131n probleml\u0259rinin h\u0259lli istiqam\u0259tind\u0259 h\u0259yata ke\u00e7iril\u0259n t\u0259dbirl\u0259r\u0259 x\u00fcsusi \u00f6n\u0259m verildiyini vur\u011fulay\u0131b.<\/p>\n<p>T\u0259dbird\u0259 \u00e7\u0131x\u0131\u015f ed\u0259n b\u0259l\u0259diyy\u0259 \u00fczvl\u0259ri Az\u0259rbaycan Prezidenti \u0130lham \u018fliyevin g\u0259ncl\u0259r\u0259 g\u00f6st\u0259rdiyi diqq\u0259t v\u0259 qay\u011f\u0131dan, son ill\u0259rd\u0259 g\u0259ncl\u0259rimizin m\u00fcxt\u0259lif sah\u0259l\u0259rd\u0259 qazand\u0131\u011f\u0131 u\u011furlardan dan\u0131\u015f\u0131blar. G\u0259ncl\u0259rin \u00f6lk\u0259nin ictimai-siyasi h\u0259yat\u0131nda h\u0259mi\u015f\u0259 f\u0259al i\u015ftirak etdikl\u0259ri diqq\u0259t\u0259 \u00e7atd\u0131r\u0131l\u0131b.<br \/>\nG\u0259ncl\u0259rd\u0259n Fatim\u0259 K\u0259rimli, \u018fmin\u0259 Mustafayeva, Aysel Kol\u00e7i, T\u00fcrkan M\u0259simli \u00f6z t\u0259klifl\u0259rini b\u00f6l\u00fc\u015f\u00fcbl\u0259r, g\u0259ncl\u0259r\u0259 g\u00f6st\u0259ril\u0259n diqq\u0259t v\u0259 qay\u011f\u0131ya g\u00f6r\u0259 \u00f6lk\u0259 prezidentin\u0259 \u00f6z t\u0259\u015f\u0259kk\u00fcrl\u0259rini bildiribl\u0259r.<a href=\"http:\/\/belediyye.az\/resulzade\/wp-content\/uploads\/2017\/05\/15.jpg\"><img loading=\"lazy\" decoding=\"async\" class=\"alignright size-full wp-image-1747\" alt=\"15\" src=\"http:\/\/belediyye.az\/resulzade\/wp-content\/uploads\/2017\/05\/15.jpg\" width=\"4128\" height=\"3096\" srcset=\"http:\/\/belediyye.az\/resulzade\/wp-content\/uploads\/2017\/05\/15.jpg 4128w, http:\/\/belediyye.az\/resulzade\/wp-content\/uploads\/2017\/05\/15-300x225.jpg 300w, http:\/\/belediyye.az\/resulzade\/wp-content\/uploads\/2017\/05\/15-1024x768.jpg 1024w, http:\/\/belediyye.az\/resulzade\/wp-content\/uploads\/2017\/05\/15-73x55.jpg 73w, http:\/\/belediyye.az\/resulzade\/wp-content\/uploads\/2017\/05\/15-75x55.jpg 75w, http:\/\/belediyye.az\/resulzade\/wp-content\/uploads\/2017\/05\/15-60x45.jpg 60w\" sizes=\"auto, (max-width: 4128px) 100vw, 4128px\" \/><\/a> <a href=\"http:\/\/belediyye.az\/resulzade\/wp-content\/uploads\/2017\/05\/12.jpg\"><img loading=\"lazy\" decoding=\"async\" class=\"alignright size-full wp-image-1746\" alt=\"12\" src=\"http:\/\/belediyye.az\/resulzade\/wp-content\/uploads\/2017\/05\/12.jpg\" width=\"4128\" height=\"3096\" srcset=\"http:\/\/belediyye.az\/resulzade\/wp-content\/uploads\/2017\/05\/12.jpg 4128w, http:\/\/belediyye.az\/resulzade\/wp-content\/uploads\/2017\/05\/12-300x225.jpg 300w, http:\/\/belediyye.az\/resulzade\/wp-content\/uploads\/2017\/05\/12-1024x768.jpg 1024w, http:\/\/belediyye.az\/resulzade\/wp-content\/uploads\/2017\/05\/12-73x55.jpg 73w, http:\/\/belediyye.az\/resulzade\/wp-content\/uploads\/2017\/05\/12-75x55.jpg 75w, http:\/\/belediyye.az\/resulzade\/wp-content\/uploads\/2017\/05\/12-60x45.jpg 60w\" sizes=\"auto, (max-width: 4128px) 100vw, 4128px\" \/><\/a> <a href=\"http:\/\/belediyye.az\/resulzade\/wp-content\/uploads\/2017\/05\/10.jpg\"><img loading=\"lazy\" decoding=\"async\" class=\"alignright size-full wp-image-1745\" alt=\"10\" src=\"http:\/\/belediyye.az\/resulzade\/wp-content\/uploads\/2017\/05\/10.jpg\" width=\"4128\" height=\"3096\" srcset=\"http:\/\/belediyye.az\/resulzade\/wp-content\/uploads\/2017\/05\/10.jpg 4128w, http:\/\/belediyye.az\/resulzade\/wp-content\/uploads\/2017\/05\/10-300x225.jpg 300w, http:\/\/belediyye.az\/resulzade\/wp-content\/uploads\/2017\/05\/10-1024x768.jpg 1024w, http:\/\/belediyye.az\/resulzade\/wp-content\/uploads\/2017\/05\/10-73x55.jpg 73w, http:\/\/belediyye.az\/resulzade\/wp-content\/uploads\/2017\/05\/10-75x55.jpg 75w, http:\/\/belediyye.az\/resulzade\/wp-content\/uploads\/2017\/05\/10-60x45.jpg 60w\" sizes=\"auto, (max-width: 4128px) 100vw, 4128px\" \/><\/a> <a href=\"http:\/\/belediyye.az\/resulzade\/wp-content\/uploads\/2017\/05\/9.jpg\"><img loading=\"lazy\" decoding=\"async\" class=\"alignright size-full wp-image-1744\" alt=\"9\" src=\"http:\/\/belediyye.az\/resulzade\/wp-content\/uploads\/2017\/05\/9.jpg\" width=\"4128\" height=\"3096\" srcset=\"http:\/\/belediyye.az\/resulzade\/wp-content\/uploads\/2017\/05\/9.jpg 4128w, http:\/\/belediyye.az\/resulzade\/wp-content\/uploads\/2017\/05\/9-300x225.jpg 300w, http:\/\/belediyye.az\/resulzade\/wp-content\/uploads\/2017\/05\/9-1024x768.jpg 1024w, http:\/\/belediyye.az\/resulzade\/wp-content\/uploads\/2017\/05\/9-73x55.jpg 73w, http:\/\/belediyye.az\/resulzade\/wp-content\/uploads\/2017\/05\/9-75x55.jpg 75w, http:\/\/belediyye.az\/resulzade\/wp-content\/uploads\/2017\/05\/9-60x45.jpg 60w\" sizes=\"auto, (max-width: 4128px) 100vw, 4128px\" \/><\/a> <a href=\"http:\/\/belediyye.az\/resulzade\/wp-content\/uploads\/2017\/05\/8.jpg\"><img loading=\"lazy\" decoding=\"async\" class=\"alignright size-full wp-image-1743\" alt=\"8\" src=\"http:\/\/belediyye.az\/resulzade\/wp-content\/uploads\/2017\/05\/8.jpg\" width=\"720\" height=\"960\" srcset=\"http:\/\/belediyye.az\/resulzade\/wp-content\/uploads\/2017\/05\/8.jpg 720w, http:\/\/belediyye.az\/resulzade\/wp-content\/uploads\/2017\/05\/8-225x300.jpg 225w, http:\/\/belediyye.az\/resulzade\/wp-content\/uploads\/2017\/05\/8-41x55.jpg 41w\" sizes=\"auto, (max-width: 720px) 100vw, 720px\" \/><\/a><\/p>\n<p><a href=\"http:\/\/belediyye.az\/resulzade\/wp-content\/uploads\/2017\/05\/11.jpg\"><img loading=\"lazy\" decoding=\"async\" class=\"alignright size-full wp-image-1742\" alt=\"1\" src=\"http:\/\/belediyye.az\/resulzade\/wp-content\/uploads\/2017\/05\/11.jpg\" width=\"4128\" height=\"3096\" srcset=\"http:\/\/belediyye.az\/resulzade\/wp-content\/uploads\/2017\/05\/11.jpg 4128w, http:\/\/belediyye.az\/resulzade\/wp-content\/uploads\/2017\/05\/11-300x225.jpg 300w, http:\/\/belediyye.az\/resulzade\/wp-content\/uploads\/2017\/05\/11-1024x768.jpg 1024w, http:\/\/belediyye.az\/resulzade\/wp-content\/uploads\/2017\/05\/11-73x55.jpg 73w, http:\/\/belediyye.az\/resulzade\/wp-content\/uploads\/2017\/05\/11-75x55.jpg 75w, http:\/\/belediyye.az\/resulzade\/wp-content\/uploads\/2017\/05\/11-60x45.jpg 60w\" sizes=\"auto, (max-width: 4128px) 100vw, 4128px\" \/><\/a><\/p>\n","protected":false},"excerpt":{"rendered":"<p>15 may 2017-ci il tarixind\u0259 ictimai-humanitar sektorun t\u0259\u015fkilat\u00e7\u0131l\u0131\u011f\u0131\u00a0il\u0259 M.\u018f.R\u0259sulzad\u0259 b\u0259l\u0259diyy\u0259sind\u0259 g\u0259ncl\u0259rl\u0259 g\u00f6r\u00fc\u015f ke\u00e7irilib. G\u00f6r\u00fc\u015fd\u0259 M.\u018f.R\u0259sulzad\u0259 b\u0259l\u0259diyy\u0259sinin s\u0259dri H\u00fcmb\u0259t H\u00fcseynov, b\u0259l\u0259diyy\u0259 \u00fczvl\u0259ri v\u0259 q\u0259s\u0259b\u0259 sakini olan g\u0259ncl\u0259r i\u015ftirak edib. M.\u018f.R\u0259sulzad\u0259 b\u0259l\u0259diyy\u0259sinin s\u0259dri H\u00fcmb\u0259t H\u00fcseynov \u00e7\u0131x\u0131\u015f ed\u0259r\u0259k bildirib ki, vaxtil\u0259 ulu \u00f6nd\u0259r Heyd\u0259r \u018fliyevin Az\u0259rbaycanda t\u0259m\u0259lini qoyub, konsepsiyas\u0131n\u0131 formala\u015fd\u0131rd\u0131\u011f\u0131 daxili siyas\u0259t istiqam\u0259tl\u0259rind\u0259n bir m\u0259hz g\u0259ncl\u0259r siyas\u0259ti olub. [&hellip;]<\/p>\n","protected":false},"author":1,"featured_media":0,"comment_status":"closed","ping_status":"closed","sticky":false,"template":"","format":"standard","meta":{"footnotes":""},"categories":[5,1,8,4],"tags":[],"class_list":["post-1741","post","type-post","status-publish","format-standard","hentry","category-xeberler","category-fealiyyetlerimiz","category-hesabat","category-gorulen-ishler"],"_links":{"self":[{"href":"http:\/\/belediyye.az\/resulzade\/wp-json\/wp\/v2\/posts\/1741","targetHints":{"allow":["GET"]}}],"collection":[{"href":"http:\/\/belediyye.az\/resulzade\/wp-json\/wp\/v2\/posts"}],"about":[{"href":"http:\/\/belediyye.az\/resulzade\/wp-json\/wp\/v2\/types\/post"}],"author":[{"embeddable":true,"href":"http:\/\/belediyye.az\/resulzade\/wp-json\/wp\/v2\/users\/1"}],"replies":[{"embeddable":true,"href":"http:\/\/belediyye.az\/resulzade\/wp-json\/wp\/v2\/comments?post=1741"}],"version-history":[{"count":5,"href":"http:\/\/belediyye.az\/resulzade\/wp-json\/wp\/v2\/posts\/1741\/revisions"}],"predecessor-version":[{"id":1752,"href":"http:\/\/belediyye.az\/resulzade\/wp-json\/wp\/v2\/posts\/1741\/revisions\/1752"}],"wp:attachment":[{"href":"http:\/\/belediyye.az\/resulzade\/wp-json\/wp\/v2\/media?parent=1741"}],"wp:term":[{"taxonomy":"category","embeddable":true,"href":"http:\/\/belediyye.az\/resulzade\/wp-json\/wp\/v2\/categories?post=1741"},{"taxonomy":"post_tag","embeddable":true,"href":"http:\/\/belediyye.az\/resulzade\/wp-json\/wp\/v2\/tags?post=1741"}],"curies":[{"name":"wp","href":"https:\/\/api.w.org\/{rel}","templated":true}]}}