{"id":1707,"date":"2017-05-09T14:31:45","date_gmt":"2017-05-09T10:31:45","guid":{"rendered":"http:\/\/belediyye.az\/resulzade\/?p=1707"},"modified":"2017-05-16T14:39:48","modified_gmt":"2017-05-16T10:39:48","slug":"b%c9%99l%c9%99diyy%c9%99-s%c9%99dri-beyn%c9%99lxalq-konfransda-istirak-edib","status":"publish","type":"post","link":"http:\/\/belediyye.az\/resulzade\/b%c9%99l%c9%99diyy%c9%99-s%c9%99dri-beyn%c9%99lxalq-konfransda-istirak-edib\/","title":{"rendered":"B\u0259l\u0259diyy\u0259 s\u0259dri Beyn\u0259lxalq konfransda i\u015ftirak edib"},"content":{"rendered":"<p>Avropa \u015euras\u0131 Yerli v\u0259 Regional Hakimyy\u0259tl\u0259r Konqresinin Bel\u00e7ikan\u0131n Eypen \u015f\u0259h\u0259rind\u0259 t\u0259\u015fkil olunmu\u015f \u201cU\u011furlu \u0259razi islahat\u0131\u201d adl\u0131 konfrans ba\u015fa \u00e7at\u0131b. Bu bar\u0259d\u0259 t\u0259dbird\u0259 i\u015ftirak ed\u0259n Az\u0259rbaycan Q\u0259s\u0259b\u0259 B\u0259l\u0259diyy\u0259l\u0259rinin Milli Assosiasiyas\u0131n\u0131n s\u0259dri, M.\u018f.R\u0259sulzad\u0259 b\u0259l\u0259diyy\u0259sinin s\u0259dri H\u00fcmb\u0259t H\u00fcseynov bildirib.<br \/>\nT\u0259dbird\u0259 yerli v\u0259 regional s\u0259viyy\u0259d\u0259 korrupsiyan\u0131n qar\u015f\u0131s\u0131n\u0131n al\u0131nmas\u0131 \u00fc\u00e7\u00fcn kompleks t\u0259dbirl\u0259r h\u0259yata ke\u00e7irilm\u0259si kontekstind\u0259 m\u00fczakir\u0259l\u0259r apar\u0131l\u0131b. Konqresin \u0130dar\u0259 Komit\u0259sinin \u00fczvl\u0259ri t\u0259r\u0259find\u0259n h\u0259m\u00e7inin \u201c\u0130ctimai sat\u0131nalmalar\u0131n yerli v\u0259 regional s\u0259viyy\u0259d\u0259 \u015f\u0259ffafla\u015fd\u0131r\u0131lmas\u0131\u201d m\u00f6vzusu r\u0259smi \u015f\u0259xsl\u0259r\u0259 effektiv n\u0259zar\u0259t mexanizml\u0259rin\u0259 dair t\u00f6vsiyy\u0259l\u0259ri \u0259hat\u0259 edir.<br \/>\nKonqresin 2017-ci ilin oktyabr ay\u0131nda ba\u015f tutacaq 33-c\u00fc plenar sessiyas\u0131nda bax\u0131lacaq v\u0259 \u201c\u015e\u0259ffafl\u0131q v\u0259 a\u00e7\u0131q h\u00f6k\u00fcm\u0259t\u201d, \u201cYerli v\u0259 regional s\u0259viyy\u0259l\u0259rd\u0259 maraqlar\u0131n konfliktl\u0259ri\u201d v\u0259 \u201cAvropan\u0131n k\u0259nd \u0259razil\u0259rind\u0259 u\u011furlu g\u0259l\u0259c\u0259k\u201d kimi m\u00f6vzulara dair m\u0259ruz\u0259l\u0259rin layih\u0259l\u0259ri t\u0259sdiq olunub.<br \/>\nBel\u00e7ikan\u0131n Eypen \u015f\u0259h\u0259rind\u0259 t\u0259\u015fkil edilmi\u015f konfransda 100-\u0259 yax\u0131n siyas\u0259t\u00e7i, praktik v\u0259 akademik ekspertl\u0259r i\u015ftirak edibl\u0259r.<a href=\"http:\/\/belediyye.az\/resulzade\/wp-content\/uploads\/2017\/05\/18358721_2024136164488095_6275126893265515868_o.jpg\"><img loading=\"lazy\" decoding=\"async\" class=\"alignright size-full wp-image-1709\" alt=\"18358721_2024136164488095_6275126893265515868_o\" src=\"http:\/\/belediyye.az\/resulzade\/wp-content\/uploads\/2017\/05\/18358721_2024136164488095_6275126893265515868_o.jpg\" width=\"1024\" height=\"768\" srcset=\"http:\/\/belediyye.az\/resulzade\/wp-content\/uploads\/2017\/05\/18358721_2024136164488095_6275126893265515868_o.jpg 1024w, http:\/\/belediyye.az\/resulzade\/wp-content\/uploads\/2017\/05\/18358721_2024136164488095_6275126893265515868_o-300x225.jpg 300w, http:\/\/belediyye.az\/resulzade\/wp-content\/uploads\/2017\/05\/18358721_2024136164488095_6275126893265515868_o-73x55.jpg 73w, http:\/\/belediyye.az\/resulzade\/wp-content\/uploads\/2017\/05\/18358721_2024136164488095_6275126893265515868_o-75x55.jpg 75w, http:\/\/belediyye.az\/resulzade\/wp-content\/uploads\/2017\/05\/18358721_2024136164488095_6275126893265515868_o-60x45.jpg 60w\" sizes=\"auto, (max-width: 1024px) 100vw, 1024px\" \/><\/a> <a href=\"http:\/\/belediyye.az\/resulzade\/wp-content\/uploads\/2017\/05\/18404195_2024136511154727_8947401792767155045_o.jpg\"><img loading=\"lazy\" decoding=\"async\" class=\"alignright size-full wp-image-1710\" alt=\"18404195_2024136511154727_8947401792767155045_o\" src=\"http:\/\/belediyye.az\/resulzade\/wp-content\/uploads\/2017\/05\/18404195_2024136511154727_8947401792767155045_o.jpg\" width=\"2048\" height=\"1536\" srcset=\"http:\/\/belediyye.az\/resulzade\/wp-content\/uploads\/2017\/05\/18404195_2024136511154727_8947401792767155045_o.jpg 2048w, http:\/\/belediyye.az\/resulzade\/wp-content\/uploads\/2017\/05\/18404195_2024136511154727_8947401792767155045_o-300x225.jpg 300w, http:\/\/belediyye.az\/resulzade\/wp-content\/uploads\/2017\/05\/18404195_2024136511154727_8947401792767155045_o-1024x768.jpg 1024w, http:\/\/belediyye.az\/resulzade\/wp-content\/uploads\/2017\/05\/18404195_2024136511154727_8947401792767155045_o-73x55.jpg 73w, http:\/\/belediyye.az\/resulzade\/wp-content\/uploads\/2017\/05\/18404195_2024136511154727_8947401792767155045_o-75x55.jpg 75w, http:\/\/belediyye.az\/resulzade\/wp-content\/uploads\/2017\/05\/18404195_2024136511154727_8947401792767155045_o-60x45.jpg 60w\" sizes=\"auto, (max-width: 2048px) 100vw, 2048px\" \/><\/a><a href=\"http:\/\/belediyye.az\/resulzade\/wp-content\/uploads\/2017\/05\/18301170_2024136274488084_5967788108819747615_n.jpg\"><img loading=\"lazy\" decoding=\"async\" class=\"alignright size-full wp-image-1708\" alt=\"18301170_2024136274488084_5967788108819747615_n\" src=\"http:\/\/belediyye.az\/resulzade\/wp-content\/uploads\/2017\/05\/18301170_2024136274488084_5967788108819747615_n.jpg\" width=\"480\" height=\"402\" srcset=\"http:\/\/belediyye.az\/resulzade\/wp-content\/uploads\/2017\/05\/18301170_2024136274488084_5967788108819747615_n.jpg 480w, http:\/\/belediyye.az\/resulzade\/wp-content\/uploads\/2017\/05\/18301170_2024136274488084_5967788108819747615_n-300x251.jpg 300w, http:\/\/belediyye.az\/resulzade\/wp-content\/uploads\/2017\/05\/18301170_2024136274488084_5967788108819747615_n-65x55.jpg 65w\" sizes=\"auto, (max-width: 480px) 100vw, 480px\" \/><\/a><\/p>\n","protected":false},"excerpt":{"rendered":"<p>Avropa \u015euras\u0131 Yerli v\u0259 Regional Hakimyy\u0259tl\u0259r Konqresinin Bel\u00e7ikan\u0131n Eypen \u015f\u0259h\u0259rind\u0259 t\u0259\u015fkil olunmu\u015f \u201cU\u011furlu \u0259razi islahat\u0131\u201d adl\u0131 konfrans ba\u015fa \u00e7at\u0131b. Bu bar\u0259d\u0259 t\u0259dbird\u0259 i\u015ftirak ed\u0259n Az\u0259rbaycan Q\u0259s\u0259b\u0259 B\u0259l\u0259diyy\u0259l\u0259rinin Milli Assosiasiyas\u0131n\u0131n s\u0259dri, M.\u018f.R\u0259sulzad\u0259 b\u0259l\u0259diyy\u0259sinin s\u0259dri H\u00fcmb\u0259t H\u00fcseynov bildirib. T\u0259dbird\u0259 yerli v\u0259 regional s\u0259viyy\u0259d\u0259 korrupsiyan\u0131n qar\u015f\u0131s\u0131n\u0131n al\u0131nmas\u0131 \u00fc\u00e7\u00fcn kompleks t\u0259dbirl\u0259r h\u0259yata ke\u00e7irilm\u0259si kontekstind\u0259 m\u00fczakir\u0259l\u0259r apar\u0131l\u0131b. Konqresin \u0130dar\u0259 Komit\u0259sinin [&hellip;]<\/p>\n","protected":false},"author":1,"featured_media":0,"comment_status":"closed","ping_status":"closed","sticky":false,"template":"","format":"standard","meta":{"footnotes":""},"categories":[5,1,8,4],"tags":[],"class_list":["post-1707","post","type-post","status-publish","format-standard","hentry","category-xeberler","category-fealiyyetlerimiz","category-hesabat","category-gorulen-ishler"],"_links":{"self":[{"href":"http:\/\/belediyye.az\/resulzade\/wp-json\/wp\/v2\/posts\/1707","targetHints":{"allow":["GET"]}}],"collection":[{"href":"http:\/\/belediyye.az\/resulzade\/wp-json\/wp\/v2\/posts"}],"about":[{"href":"http:\/\/belediyye.az\/resulzade\/wp-json\/wp\/v2\/types\/post"}],"author":[{"embeddable":true,"href":"http:\/\/belediyye.az\/resulzade\/wp-json\/wp\/v2\/users\/1"}],"replies":[{"embeddable":true,"href":"http:\/\/belediyye.az\/resulzade\/wp-json\/wp\/v2\/comments?post=1707"}],"version-history":[{"count":5,"href":"http:\/\/belediyye.az\/resulzade\/wp-json\/wp\/v2\/posts\/1707\/revisions"}],"predecessor-version":[{"id":1716,"href":"http:\/\/belediyye.az\/resulzade\/wp-json\/wp\/v2\/posts\/1707\/revisions\/1716"}],"wp:attachment":[{"href":"http:\/\/belediyye.az\/resulzade\/wp-json\/wp\/v2\/media?parent=1707"}],"wp:term":[{"taxonomy":"category","embeddable":true,"href":"http:\/\/belediyye.az\/resulzade\/wp-json\/wp\/v2\/categories?post=1707"},{"taxonomy":"post_tag","embeddable":true,"href":"http:\/\/belediyye.az\/resulzade\/wp-json\/wp\/v2\/tags?post=1707"}],"curies":[{"name":"wp","href":"https:\/\/api.w.org\/{rel}","templated":true}]}}