{"id":1631,"date":"2017-04-05T09:38:21","date_gmt":"2017-04-05T05:38:21","guid":{"rendered":"http:\/\/belediyye.az\/resulzade\/?p=1631"},"modified":"2017-04-11T09:43:23","modified_gmt":"2017-04-11T05:43:23","slug":"b%c9%99l%c9%99diyy%c9%99d%c9%99-gorus-kecirilib","status":"publish","type":"post","link":"http:\/\/belediyye.az\/resulzade\/b%c9%99l%c9%99diyy%c9%99d%c9%99-gorus-kecirilib\/","title":{"rendered":"B\u0259l\u0259diyy\u0259d\u0259 g\u00f6r\u00fc\u015f ke\u00e7irilib"},"content":{"rendered":"<p>5 aprel 2017-ci il tarixind\u0259 Bin\u0259q\u0259di Rayon \u0130cra Hakimiyy\u0259ti ba\u015f\u00e7\u0131s\u0131 Aparat\u0131n\u0131n \u0130ctimai-siyasi v\u0259 humanitar m\u0259s\u0259l\u0259l\u0259r \u015f\u00f6b\u0259sinin m\u00fcdiri Elman Dada\u015fov, S\u0259n\u0259dl\u0259rl\u0259 v\u0259 v\u0259t\u0259nda\u015flar\u0131n m\u00fcraci\u0259tl\u0259ri il\u0259 i\u015f \u015f\u00f6b\u0259sinin m\u00fcdiri Elnur \u0130manov, H\u00fcquq \u015f\u00f6b\u0259sinin m\u00fcdiri Yunis H\u00fcseynov v\u0259 Sosial-iqtisadi inki\u015faf\u0131n t\u0259hlili v\u0259 proqnozla\u015fd\u0131r\u0131lmas\u0131 \u015f\u00f6b\u0259sinin m\u00fcdiri Y\u0259hya \u018fliyev Rayon \u0130cra Hakimiyy\u0259ti ba\u015f\u00e7\u0131s\u0131 yan\u0131nda \u015eura iclaslar\u0131n\u0131n Q\u0259rarlar\u0131nda qeyd edilmi\u015f m\u0259s\u0259l\u0259l\u0259r v\u0259 verilmi\u015f tap\u015f\u0131r\u0131qlarla \u0259laq\u0259dar Bin\u0259q\u0259di rayonu R\u0259sulzad\u0259 b\u0259l\u0259diyy\u0259sind\u0259 olmu\u015flar.<br \/>\nB\u0259l\u0259diyy\u0259nin \u0259m\u0259kda\u015flar\u0131 il\u0259 ke\u00e7iril\u0259n g\u00f6r\u00fc\u015f zaman\u0131 Prezident \u0130lham \u018fliyevin r\u0259hb\u0259rliyi il\u0259 \u00f6lk\u0259d\u0259 apar\u0131lan sosial-iqtisadi siyas\u0259td\u0259n b\u0259hs edilmi\u015f, Strateji Yol X\u0259rit\u0259l\u0259ri v\u0259 dig\u0259r strateji \u0259h\u0259miyy\u0259tli s\u0259n\u0259dl\u0259rin icras\u0131 v\u0259 qeyri neft sektrounun inki\u015faf etdirilm\u0259si il\u0259 \u0259laq\u0259dar g\u00f6r\u00fclm\u0259kd\u0259 olan i\u015fl\u0259r bar\u0259d\u0259 \u0259trafl\u0131 m\u0259lumat verilmi\u015fdir.<br \/>\nEyni zamanda g\u00f6r\u00fc\u015fd\u0259 Rayon \u0130cra Hakimiyy\u0259ti ba\u015f\u00e7\u0131s\u0131n\u0131n 2017-ci il aprelin 4-d\u0259 b\u0259l\u0259diyy\u0259 s\u0259drl\u0259ri il\u0259 g\u00f6r\u00fc\u015fd\u0259 s\u0259sl\u0259ndirdiyi fikirl\u0259r v\u0259 verdiyi t\u00f6vsiy\u0259l\u0259rl\u0259 \u0259laq\u0259dar b\u0259l\u0259diyy\u0259 \u0259m\u0259kda\u015flar\u0131na m\u0259lumat verilmi\u015f, b\u0259l\u0259diyy\u0259nin m\u00f6vcud maliyy\u0259 durumu, b\u0259l\u0259diyy\u0259 vergil\u0259rinin v\u0259 r\u00fcsumlar\u0131n\u0131n y\u0131\u011f\u0131lmas\u0131 v\u0259ziyy\u0259ti, bu sah\u0259d\u0259 m\u00f6vcud olan \u00e7\u0259tinlikl\u0259r v\u0259 probleml\u0259r m\u00fczakir\u0259 edilmi\u015f, sakinl\u0259rin m\u0259mnunlu\u011funun t\u0259min edilm\u0259si, onlar\u0131n m\u00fcraci\u0259tl\u0259rin\u0259 bax\u0131lmas\u0131, qald\u0131rd\u0131qlar\u0131 probleml\u0259rin h\u0259ll edilm\u0259si, yerli vergi v\u0259 \u00f6d\u0259ni\u015fl\u0259rin vaxt\u0131nda v\u0259 tam h\u0259cmd\u0259 y\u0131\u011f\u0131lmas\u0131n\u0131n t\u0259min edilm\u0259si, vergi borcu olan v\u0259t\u0259nda\u015flar\u0131n m\u00fc\u0259yy\u0259n edilm\u0259si v\u0259 onlarla m\u00fcvafiq i\u015fin apar\u0131lmas\u0131, b\u0259l\u0259diyy\u0259 b\u00fcdc\u0259sin\u0259 vergi daxilolmalar\u0131, b\u0259l\u0259diyy\u0259 b\u00fcdc\u0259sinin t\u0259yinat\u0131 \u00fczr\u0259 s\u0259m\u0259r\u0259li istifad\u0259si v\u0259 ba\u015fqa m\u0259s\u0259l\u0259l\u0259r bar\u0259d\u0259 metodik t\u00f6vsiy\u0259l\u0259r verilmi\u015fdir.<br \/>\nBununla yana\u015f\u0131 ke\u00e7iril\u0259n g\u00f6r\u00fc\u015fd\u0259 b\u0259l\u0259diyy\u0259d\u0259 \u015f\u00f6b\u0259l\u0259raras\u0131 koordinasiyan\u0131n g\u00fccl\u0259ndirilm\u0259si, b\u0259l\u0259diyy\u0259nin \u0130ctimai-humanitar sektorunun i\u015f spektrinin geni\u015fl\u0259ndirilm\u0259si, yerli vergil\u0259rin v\u0259 r\u00fcsumlar\u0131n y\u0131\u011f\u0131lmas\u0131 sah\u0259sind\u0259 m\u0259lumatland\u0131rma v\u0259 t\u0259bli\u011fat-t\u0259\u015fviqat i\u015fl\u0259rinin g\u00fccl\u0259ndirilm\u0259si il\u0259 ba\u011fl\u0131 fikir m\u00fcbadil\u0259si apar\u0131lm\u0131\u015fd\u0131r.<a href=\"http:\/\/belediyye.az\/resulzade\/wp-content\/uploads\/2017\/04\/17545418_779541805549105_5329218190638488310_o.jpg\"><img loading=\"lazy\" decoding=\"async\" class=\"alignright size-full wp-image-1632\" alt=\"17545418_779541805549105_5329218190638488310_o\" src=\"http:\/\/belediyye.az\/resulzade\/wp-content\/uploads\/2017\/04\/17545418_779541805549105_5329218190638488310_o.jpg\" width=\"2048\" height=\"1265\" srcset=\"http:\/\/belediyye.az\/resulzade\/wp-content\/uploads\/2017\/04\/17545418_779541805549105_5329218190638488310_o.jpg 2048w, http:\/\/belediyye.az\/resulzade\/wp-content\/uploads\/2017\/04\/17545418_779541805549105_5329218190638488310_o-300x185.jpg 300w, http:\/\/belediyye.az\/resulzade\/wp-content\/uploads\/2017\/04\/17545418_779541805549105_5329218190638488310_o-1024x632.jpg 1024w, http:\/\/belediyye.az\/resulzade\/wp-content\/uploads\/2017\/04\/17545418_779541805549105_5329218190638488310_o-89x55.jpg 89w\" sizes=\"auto, (max-width: 2048px) 100vw, 2048px\" \/><\/a><\/p>\n","protected":false},"excerpt":{"rendered":"<p>5 aprel 2017-ci il tarixind\u0259 Bin\u0259q\u0259di Rayon \u0130cra Hakimiyy\u0259ti ba\u015f\u00e7\u0131s\u0131 Aparat\u0131n\u0131n \u0130ctimai-siyasi v\u0259 humanitar m\u0259s\u0259l\u0259l\u0259r \u015f\u00f6b\u0259sinin m\u00fcdiri Elman Dada\u015fov, S\u0259n\u0259dl\u0259rl\u0259 v\u0259 v\u0259t\u0259nda\u015flar\u0131n m\u00fcraci\u0259tl\u0259ri il\u0259 i\u015f \u015f\u00f6b\u0259sinin m\u00fcdiri Elnur \u0130manov, H\u00fcquq \u015f\u00f6b\u0259sinin m\u00fcdiri Yunis H\u00fcseynov v\u0259 Sosial-iqtisadi inki\u015faf\u0131n t\u0259hlili v\u0259 proqnozla\u015fd\u0131r\u0131lmas\u0131 \u015f\u00f6b\u0259sinin m\u00fcdiri Y\u0259hya \u018fliyev Rayon \u0130cra Hakimiyy\u0259ti ba\u015f\u00e7\u0131s\u0131 yan\u0131nda \u015eura iclaslar\u0131n\u0131n Q\u0259rarlar\u0131nda qeyd edilmi\u015f m\u0259s\u0259l\u0259l\u0259r [&hellip;]<\/p>\n","protected":false},"author":1,"featured_media":0,"comment_status":"closed","ping_status":"closed","sticky":false,"template":"","format":"standard","meta":{"footnotes":""},"categories":[5,1,4],"tags":[],"class_list":["post-1631","post","type-post","status-publish","format-standard","hentry","category-xeberler","category-fealiyyetlerimiz","category-gorulen-ishler"],"_links":{"self":[{"href":"http:\/\/belediyye.az\/resulzade\/wp-json\/wp\/v2\/posts\/1631","targetHints":{"allow":["GET"]}}],"collection":[{"href":"http:\/\/belediyye.az\/resulzade\/wp-json\/wp\/v2\/posts"}],"about":[{"href":"http:\/\/belediyye.az\/resulzade\/wp-json\/wp\/v2\/types\/post"}],"author":[{"embeddable":true,"href":"http:\/\/belediyye.az\/resulzade\/wp-json\/wp\/v2\/users\/1"}],"replies":[{"embeddable":true,"href":"http:\/\/belediyye.az\/resulzade\/wp-json\/wp\/v2\/comments?post=1631"}],"version-history":[{"count":1,"href":"http:\/\/belediyye.az\/resulzade\/wp-json\/wp\/v2\/posts\/1631\/revisions"}],"predecessor-version":[{"id":1633,"href":"http:\/\/belediyye.az\/resulzade\/wp-json\/wp\/v2\/posts\/1631\/revisions\/1633"}],"wp:attachment":[{"href":"http:\/\/belediyye.az\/resulzade\/wp-json\/wp\/v2\/media?parent=1631"}],"wp:term":[{"taxonomy":"category","embeddable":true,"href":"http:\/\/belediyye.az\/resulzade\/wp-json\/wp\/v2\/categories?post=1631"},{"taxonomy":"post_tag","embeddable":true,"href":"http:\/\/belediyye.az\/resulzade\/wp-json\/wp\/v2\/tags?post=1631"}],"curies":[{"name":"wp","href":"https:\/\/api.w.org\/{rel}","templated":true}]}}