{"id":1623,"date":"2017-04-04T17:01:22","date_gmt":"2017-04-04T13:01:22","guid":{"rendered":"http:\/\/belediyye.az\/resulzade\/?p=1623"},"modified":"2017-04-05T17:05:27","modified_gmt":"2017-04-05T13:05:27","slug":"strasburqda-avropa-surasi-yerli-v%c9%99-regional-hakimiyy%c9%99tl%c9%99r-konqresinin-qacqinlarin-ugurlu-inteqrasiyasi-m%c9%99qs%c9%99di-il%c9%99-t%c9%99m%c9%99rkuzl%c9%99sdirm%c9%99-siyas","status":"publish","type":"post","link":"http:\/\/belediyye.az\/resulzade\/strasburqda-avropa-surasi-yerli-v%c9%99-regional-hakimiyy%c9%99tl%c9%99r-konqresinin-qacqinlarin-ugurlu-inteqrasiyasi-m%c9%99qs%c9%99di-il%c9%99-t%c9%99m%c9%99rkuzl%c9%99sdirm%c9%99-siyas\/","title":{"rendered":"Strasburqda Avropa \u015euras\u0131 Yerli v\u0259 Regional Hakimiyy\u0259tl\u0259r Konqresinin \u201cQa\u00e7q\u0131nlar\u0131n u\u011furlu inteqrasiyas\u0131 m\u0259qs\u0259di il\u0259 t\u0259m\u0259rk\u00fczl\u0259\u015fdirm\u0259 siyas\u0259ti\u201d m\u00f6vzusuna h\u0259sr edilmi\u015f 32-ci plenar sessiyas\u0131 ba\u015fa \u00e7at\u0131b"},"content":{"rendered":"<p>&nbsp;<\/p>\n<p>&nbsp;<\/p>\n<p><a href=\"http:\/\/belediyye.az\/resulzade\/wp-content\/uploads\/2017\/04\/17759753_2007505769484468_5022892420581806634_n.jpg\"><img loading=\"lazy\" decoding=\"async\" class=\"alignright size-full wp-image-1626\" alt=\"17759753_2007505769484468_5022892420581806634_n\" src=\"http:\/\/belediyye.az\/resulzade\/wp-content\/uploads\/2017\/04\/17759753_2007505769484468_5022892420581806634_n.jpg\" width=\"480\" height=\"467\" srcset=\"http:\/\/belediyye.az\/resulzade\/wp-content\/uploads\/2017\/04\/17759753_2007505769484468_5022892420581806634_n.jpg 480w, http:\/\/belediyye.az\/resulzade\/wp-content\/uploads\/2017\/04\/17759753_2007505769484468_5022892420581806634_n-300x291.jpg 300w, http:\/\/belediyye.az\/resulzade\/wp-content\/uploads\/2017\/04\/17759753_2007505769484468_5022892420581806634_n-56x55.jpg 56w\" sizes=\"auto, (max-width: 480px) 100vw, 480px\" \/><\/a><\/p>\n<p>Strasburqda Avropa \u015euras\u0131 Yerli v\u0259 Regional Hakimiyy\u0259tl\u0259r Konqresinin \u201cQa\u00e7q\u0131nlar\u0131n u\u011furlu inteqrasiyas\u0131 m\u0259qs\u0259di il\u0259 t\u0259m\u0259rk\u00fczl\u0259\u015fdirm\u0259 siyas\u0259ti\u201d m\u00f6vzusuna h\u0259sr edilmi\u015f 32-ci plenar sessiyas\u0131 ba\u015fa \u00e7at\u0131b. Mart\u0131n 27-d\u0259n 31-d\u0259k ba\u015f tutan sessiyada Az\u0259rbaycan\u0131n yerli v\u0259 regional hakimiyy\u0259t orqanlar\u0131n\u0131 t\u0259msil ed\u0259n milli n\u00fcmay\u0259nd\u0259 hey\u0259tinin \u00fczv\u00fc, Az\u0259rbaycan Q\u0259s\u0259b\u0259 B\u0259l\u0259diyy\u0259l\u0259rinin Milli Assosiasiyas\u0131n\u0131n s\u0259dri, M.\u018f.R\u0259sulzad\u0259 b\u0259l\u0259diyy\u0259sinin s\u0259dri H\u00fcmb\u0259t H\u00fcseynov i\u015ftirak edib v\u0259 sessiyan\u0131n gedi\u015fat\u0131 bar\u0259d\u0259 geni\u015f m\u0259lumat verib.<br \/>\nYaz sessiyas\u0131n\u0131n g\u00fcnd\u0259liyinin \u0259n k\u0259skin m\u0259s\u0259l\u0259l\u0259rind\u0259n biri bir s\u0131ra Avropa \u00f6lk\u0259l\u0259rin\u0259 artan miqrasiya ax\u0131n\u0131 v\u0259 bu prosesd\u0259n ir\u0259li g\u0259l\u0259n porbleml\u0259rin olmas\u0131 idi. Bundan \u0259lav\u0259 T\u00fcrkiy\u0259d\u0259 mer v\u0259 m\u0259\u015fv\u0259r\u0259t\u00e7il\u0259rin v\u0259ziyy\u0259ti, o c\u00fcml\u0259d\u0259n se\u00e7ilmi\u015f merl\u0259rin h\u0259bsi v\u0259 onlar\u0131n hakimiyy\u0259tin m\u0259rk\u0259zi orqanlar\u0131 t\u0259r\u0259find\u0259n t\u0259yin olunmu\u015f merl\u0259rl\u0259 \u0259v\u0259zl\u0259nm\u0259si m\u0259s\u0259l\u0259sin\u0259 m\u00fcf\u0259ss\u0259l bax\u0131ld\u0131. Konqres T\u00fcrkiy\u0259d\u0259 meri \u0259v\u0259z ed\u0259c\u0259k \u015f\u0259xsl\u0259rin se\u00e7ilm\u0259sinin yenid\u0259n yerli \u00f6z\u00fcn\u00fcidar\u0259etm\u0259 orqanlar\u0131n\u0131n \u015furalar\u0131n\u0131n s\u0259lahiyy\u0259tl\u0259rin\u0259 aid edilm\u0259sini t\u0259klif etdi.<br \/>\nAz\u0259rbaycan\u0131n yerli v\u0259 regional hakimiyy\u0259t orqanlar\u0131n\u0131 t\u0259msil ed\u0259n milli n\u00fcmay\u0259nd\u0259 hey\u0259tinin r\u0259hb\u0259ri Anar \u0130brahimov \u00e7\u0131x\u0131\u015f ed\u0259r\u0259k, m\u0259s\u0259l\u0259 il\u0259 ba\u011fl\u0131 bildirdi ki, Konqresin ed\u0259c\u0259yi t\u0259klifl\u0259r T\u00fcrkiy\u0259nin ekstremizm\u0259 v\u0259 terrorizm\u0259 qar\u015f\u0131 apard\u0131\u011f\u0131 m\u00fcbariz\u0259sini z\u0259ifl\u0259d\u0259 bil\u0259r v\u0259 bununla da Konqres q\u0259r\u0259zsiz t\u0259\u015fkilat olmaq \u015fans\u0131n\u0131 \u0259ld\u0259n ver\u0259r. Qeyd edil\u0259nl\u0259ri n\u0259z\u0259r\u0259 alaraq, merl\u0259rin v\u0259zif\u0259sind\u0259n uzaqla\u015fd\u0131r\u0131lmas\u0131na dair T\u00fcrkiy\u0259 qanunvericiliyinin normalar\u0131n\u0131n qanuna zidd olmas\u0131na \u0259sas vard\u0131rsa, o zaman insan h\u00fcquqlar\u0131 \u00fczr\u0259 Avropa M\u0259hk\u0259m\u0259sin\u0259 m\u00fcraci\u0259t edilm\u0259sinin m\u0259qs\u0259d\u0259uy\u011fun oldu\u011fu diqq\u0259t\u0259 \u00e7atd\u0131r\u0131ld\u0131.<br \/>\nH\u0259m\u00e7inin Konqresin 32-ci plenar sessiyas\u0131 \u00e7\u0259r\u00e7iv\u0259sind\u0259 Portuqaliyada d\u00f6vl\u0259t islahat\u0131 v\u0259 t\u0259m\u0259rk\u00fczl\u0259\u015fm\u0259, Q\u0259buldan inteqrasiyaya: miqrasiya probleml\u0259rinin h\u0259llind\u0259 yerli v\u0259 regional hakimiyy\u0259tl\u0259rin rolu, 47 \u00fczv \u00f6lk\u0259l\u0259r t\u0259r\u0259find\u0259n yerli \u00f6z\u00fcn\u00fcidar\u0259etm\u0259nin Avropa Xartiyas\u0131n\u0131n t\u0259tbiqinin m\u00fcqayis\u0259li t\u0259hlili: nailiyy\u0259tl\u0259r v\u0259 probleml\u0259r, Yerli demokratiyan\u0131n Avropa h\u0259ft\u0259sinin 10-cu ild\u00f6n\u00fcm\u00fc, Regional s\u0259viyy\u0259d\u0259 demokratik i\u015ftirak\u00e7\u0131l\u0131\u011f\u0131n keyfiyy\u0259ti, Miqrasiya ax\u0131n\u0131 il\u0259 \u00fczl\u0259\u015f\u0259n s\u0259rh\u0259dyan\u0131 regionlar, Avropa \u00f6lk\u0259l\u0259rind\u0259 kims\u0259siz qa\u00e7q\u0131n u\u015faqlar\u0131n q\u0259bulu, Yerli v\u0259 regional s\u0259viyy\u0259l\u0259rd\u0259 g\u0259ncl\u0259r siyas\u0259tinin rolu v\u0259 g\u0259ncl\u0259rl\u0259 i\u015f, G\u0259ncl\u0259rin pe\u015f\u0259 f\u0259aliyy\u0259tin\u0259 v\u0259 m\u00fcst\u0259qil h\u0259yata ke\u00e7idin\u0259 d\u0259st\u0259k m\u0259s\u0259l\u0259l\u0259ri, Yerli v\u0259 regional s\u0259viyy\u0259l\u0259rd\u0259 insan h\u00fcquqlar\u0131 sah\u0259sind\u0259 d\u0259yi\u015fiklikl\u0259r, Yerli v\u0259 regional s\u0259viyy\u0259l\u0259rd\u0259 se\u00e7ki prosesinin gedi\u015find\u0259 inzibati resurslardan sui \u2013 istifad\u0259 hallar\u0131n\u0131n qar\u015f\u0131s\u0131n\u0131 ala bil\u0259c\u0259k beyn\u0259lxalq standart v\u0259 praktikalara uy\u011funla\u015fma kriteriyalar\u0131n\u0131n meyarlar\u0131 v\u0259 dig\u0259r m\u00f6vzular \u0259traf\u0131nda da geni\u015f m\u00fczakir\u0259l\u0259r apar\u0131ld\u0131.<br \/>\nSessiyan\u0131n ba\u015f tutdu\u011fu g\u00fcnl\u0259r \u0259rzind\u0259 Az\u0259rbaycan n\u00fcmay\u0259nd\u0259 hey\u0259tinin \u00fczvl\u0259ri Konqresin f\u0259xri \u00fczv\u00fc F\u0259rid Muxamet\u015fin ( Rusiya Federasiyas\u0131n\u0131n n\u00fcmay\u0259nd\u0259si) medalla t\u0259ltif edilm\u0259si v\u0259 Kipr Respublikas\u0131n\u0131n n\u00fcmay\u0259nd\u0259liyi t\u0259r\u0259find\u0259n haz\u0131rlanm\u0131\u015f \u201cLimasol karnaval\u0131 2016\u201c s\u0259rgisinin a\u00e7\u0131l\u0131\u015f m\u0259rasimind\u0259 i\u015ftirak edibl\u0259r.<\/p>\n<p>&nbsp;<\/p>\n<p><a href=\"http:\/\/belediyye.az\/resulzade\/wp-content\/uploads\/2017\/04\/17800437_2007506366151075_316220715534354082_n.jpg\"><img loading=\"lazy\" decoding=\"async\" class=\"alignright size-full wp-image-1627\" alt=\"17800437_2007506366151075_316220715534354082_n\" src=\"http:\/\/belediyye.az\/resulzade\/wp-content\/uploads\/2017\/04\/17800437_2007506366151075_316220715534354082_n.jpg\" width=\"703\" height=\"640\" srcset=\"http:\/\/belediyye.az\/resulzade\/wp-content\/uploads\/2017\/04\/17800437_2007506366151075_316220715534354082_n.jpg 703w, http:\/\/belediyye.az\/resulzade\/wp-content\/uploads\/2017\/04\/17800437_2007506366151075_316220715534354082_n-300x273.jpg 300w, http:\/\/belediyye.az\/resulzade\/wp-content\/uploads\/2017\/04\/17800437_2007506366151075_316220715534354082_n-60x55.jpg 60w\" sizes=\"auto, (max-width: 703px) 100vw, 703px\" \/><\/a> <a href=\"http:\/\/belediyye.az\/resulzade\/wp-content\/uploads\/2017\/04\/17758590_2007506029484442_3029374638904235213_o.jpg\"><img loading=\"lazy\" decoding=\"async\" class=\"alignright size-full wp-image-1625\" alt=\"17758590_2007506029484442_3029374638904235213_o\" src=\"http:\/\/belediyye.az\/resulzade\/wp-content\/uploads\/2017\/04\/17758590_2007506029484442_3029374638904235213_o.jpg\" width=\"1024\" height=\"481\" srcset=\"http:\/\/belediyye.az\/resulzade\/wp-content\/uploads\/2017\/04\/17758590_2007506029484442_3029374638904235213_o.jpg 1024w, http:\/\/belediyye.az\/resulzade\/wp-content\/uploads\/2017\/04\/17758590_2007506029484442_3029374638904235213_o-300x140.jpg 300w, http:\/\/belediyye.az\/resulzade\/wp-content\/uploads\/2017\/04\/17758590_2007506029484442_3029374638904235213_o-117x55.jpg 117w\" sizes=\"auto, (max-width: 1024px) 100vw, 1024px\" \/><\/a> <a href=\"http:\/\/belediyye.az\/resulzade\/wp-content\/uploads\/2017\/04\/17632038_2007506312817747_6469445226661941962_o.jpg\"><img loading=\"lazy\" decoding=\"async\" class=\"alignright size-full wp-image-1624\" alt=\"17632038_2007506312817747_6469445226661941962_o\" src=\"http:\/\/belediyye.az\/resulzade\/wp-content\/uploads\/2017\/04\/17632038_2007506312817747_6469445226661941962_o.jpg\" width=\"1131\" height=\"720\" srcset=\"http:\/\/belediyye.az\/resulzade\/wp-content\/uploads\/2017\/04\/17632038_2007506312817747_6469445226661941962_o.jpg 1131w, http:\/\/belediyye.az\/resulzade\/wp-content\/uploads\/2017\/04\/17632038_2007506312817747_6469445226661941962_o-300x190.jpg 300w, http:\/\/belediyye.az\/resulzade\/wp-content\/uploads\/2017\/04\/17632038_2007506312817747_6469445226661941962_o-1024x651.jpg 1024w, http:\/\/belediyye.az\/resulzade\/wp-content\/uploads\/2017\/04\/17632038_2007506312817747_6469445226661941962_o-86x55.jpg 86w\" sizes=\"auto, (max-width: 1131px) 100vw, 1131px\" \/><\/a><\/p>\n","protected":false},"excerpt":{"rendered":"<p>&nbsp; &nbsp; Strasburqda Avropa \u015euras\u0131 Yerli v\u0259 Regional Hakimiyy\u0259tl\u0259r Konqresinin \u201cQa\u00e7q\u0131nlar\u0131n u\u011furlu inteqrasiyas\u0131 m\u0259qs\u0259di il\u0259 t\u0259m\u0259rk\u00fczl\u0259\u015fdirm\u0259 siyas\u0259ti\u201d m\u00f6vzusuna h\u0259sr edilmi\u015f 32-ci plenar sessiyas\u0131 ba\u015fa \u00e7at\u0131b. Mart\u0131n 27-d\u0259n 31-d\u0259k ba\u015f tutan sessiyada Az\u0259rbaycan\u0131n yerli v\u0259 regional hakimiyy\u0259t orqanlar\u0131n\u0131 t\u0259msil ed\u0259n milli n\u00fcmay\u0259nd\u0259 hey\u0259tinin \u00fczv\u00fc, Az\u0259rbaycan Q\u0259s\u0259b\u0259 B\u0259l\u0259diyy\u0259l\u0259rinin Milli Assosiasiyas\u0131n\u0131n s\u0259dri, M.\u018f.R\u0259sulzad\u0259 b\u0259l\u0259diyy\u0259sinin s\u0259dri H\u00fcmb\u0259t H\u00fcseynov i\u015ftirak [&hellip;]<\/p>\n","protected":false},"author":1,"featured_media":0,"comment_status":"closed","ping_status":"closed","sticky":false,"template":"","format":"standard","meta":{"footnotes":""},"categories":[5,1,4],"tags":[],"class_list":["post-1623","post","type-post","status-publish","format-standard","hentry","category-xeberler","category-fealiyyetlerimiz","category-gorulen-ishler"],"_links":{"self":[{"href":"http:\/\/belediyye.az\/resulzade\/wp-json\/wp\/v2\/posts\/1623","targetHints":{"allow":["GET"]}}],"collection":[{"href":"http:\/\/belediyye.az\/resulzade\/wp-json\/wp\/v2\/posts"}],"about":[{"href":"http:\/\/belediyye.az\/resulzade\/wp-json\/wp\/v2\/types\/post"}],"author":[{"embeddable":true,"href":"http:\/\/belediyye.az\/resulzade\/wp-json\/wp\/v2\/users\/1"}],"replies":[{"embeddable":true,"href":"http:\/\/belediyye.az\/resulzade\/wp-json\/wp\/v2\/comments?post=1623"}],"version-history":[{"count":3,"href":"http:\/\/belediyye.az\/resulzade\/wp-json\/wp\/v2\/posts\/1623\/revisions"}],"predecessor-version":[{"id":1630,"href":"http:\/\/belediyye.az\/resulzade\/wp-json\/wp\/v2\/posts\/1623\/revisions\/1630"}],"wp:attachment":[{"href":"http:\/\/belediyye.az\/resulzade\/wp-json\/wp\/v2\/media?parent=1623"}],"wp:term":[{"taxonomy":"category","embeddable":true,"href":"http:\/\/belediyye.az\/resulzade\/wp-json\/wp\/v2\/categories?post=1623"},{"taxonomy":"post_tag","embeddable":true,"href":"http:\/\/belediyye.az\/resulzade\/wp-json\/wp\/v2\/tags?post=1623"}],"curies":[{"name":"wp","href":"https:\/\/api.w.org\/{rel}","templated":true}]}}