{"id":1615,"date":"2017-03-28T16:57:01","date_gmt":"2017-03-28T12:57:01","guid":{"rendered":"http:\/\/belediyye.az\/resulzade\/?p=1615"},"modified":"2017-04-05T17:01:04","modified_gmt":"2017-04-05T13:01:04","slug":"az%c9%99rbaycan-numay%c9%99nd%c9%99-hey%c9%99ti-avropa-surasinin-yerli-v%c9%99-regional-hakimiyy%c9%99tl%c9%99r-konqresinin-32-ci-sessiyasinda-istirak-edib","status":"publish","type":"post","link":"http:\/\/belediyye.az\/resulzade\/az%c9%99rbaycan-numay%c9%99nd%c9%99-hey%c9%99ti-avropa-surasinin-yerli-v%c9%99-regional-hakimiyy%c9%99tl%c9%99r-konqresinin-32-ci-sessiyasinda-istirak-edib\/","title":{"rendered":"Az\u0259rbaycan n\u00fcmay\u0259nd\u0259 hey\u0259ti Avropa \u015euras\u0131n\u0131n Yerli v\u0259 Regional Hakimiyy\u0259tl\u0259r Konqresinin 32-ci sessiyas\u0131nda i\u015ftirak edib"},"content":{"rendered":"<p>&nbsp;<\/p>\n<p><a href=\"http:\/\/belediyye.az\/resulzade\/wp-content\/uploads\/2017\/04\/17504971_2004299619805083_7165038812235189506_o.jpg\"><img loading=\"lazy\" decoding=\"async\" class=\"alignright size-full wp-image-1617\" alt=\"17504971_2004299619805083_7165038812235189506_o\" src=\"http:\/\/belediyye.az\/resulzade\/wp-content\/uploads\/2017\/04\/17504971_2004299619805083_7165038812235189506_o.jpg\" width=\"1024\" height=\"768\" srcset=\"http:\/\/belediyye.az\/resulzade\/wp-content\/uploads\/2017\/04\/17504971_2004299619805083_7165038812235189506_o.jpg 1024w, http:\/\/belediyye.az\/resulzade\/wp-content\/uploads\/2017\/04\/17504971_2004299619805083_7165038812235189506_o-300x225.jpg 300w, http:\/\/belediyye.az\/resulzade\/wp-content\/uploads\/2017\/04\/17504971_2004299619805083_7165038812235189506_o-73x55.jpg 73w, http:\/\/belediyye.az\/resulzade\/wp-content\/uploads\/2017\/04\/17504971_2004299619805083_7165038812235189506_o-75x55.jpg 75w, http:\/\/belediyye.az\/resulzade\/wp-content\/uploads\/2017\/04\/17504971_2004299619805083_7165038812235189506_o-60x45.jpg 60w\" sizes=\"auto, (max-width: 1024px) 100vw, 1024px\" \/><\/a><\/p>\n<p>&nbsp;<\/p>\n<p>Mart\u0131n 27-d\u0259n 31-d\u0259k Strasburqda Avropa \u015euras\u0131 Yerli v\u0259 Regional Hakimiyy\u0259tl\u0259r Konqresinin \u201cQa\u00e7q\u0131nlar\u0131n u\u011furlu inteqrasiyas\u0131 m\u0259qs\u0259di il\u0259 t\u0259m\u0259rk\u00fczl\u0259\u015fdirm\u0259 siyas\u0259ti\u201d m\u00f6vzusuna h\u0259sr edilmi\u015f 32-ci plenar sessiyas\u0131 ke\u00e7irilir. Bu bar\u0259d\u0259 Konqresin plenar iclas\u0131nda i\u015ftirak ed\u0259n Az\u0259rbaycan\u0131n yerli v\u0259 regional hakimiyy\u0259t orqanlar\u0131n\u0131 t\u0259msi ed\u0259n milli n\u00fcmay\u0259nd\u0259\u00a0hey\u0259tinin \u00fczv\u00fc, Az\u0259rbaycan Q\u0259s\u0259b\u0259 B\u0259l\u0259diyy\u0259l\u0259rinin Milli Assosiasiyas\u0131n\u0131n s\u0259dri, M.\u018f.R\u0259sulzad\u0259 b\u0259l\u0259diyy\u0259sinin s\u0259dri H\u00fcmb\u0259t H\u00fcseynov m\u0259lumat verib.<\/p>\n<p>H\u00fcmb\u0259t H\u00fcseynov bildirdi ki, sessiya \u00f6z i\u015fin\u0259 ba\u015flamazdan \u00f6nc\u0259 ilk olaraq 27 mart tarixind\u0259 Avropa \u015euras\u0131nda t\u0259msil olunan partiyalar\u0131n g\u00f6r\u00fc\u015f\u00fc ke\u00e7irilib. Az\u0259rbaycan n\u00fcmay\u0259nd\u0259 hey\u0259tinin \u00fczvl\u0259ri aid olduqlar\u0131 m\u00fcvafiq partiyalar\u0131n iclaslar\u0131nda i\u015ftirak etmi\u015fl\u0259r. 32-ci sessiyan\u0131n birinci g\u00fcn\u00fcnd\u0259, 28 mart tarixind\u0259 Konqresin plenar iclas\u0131 ba\u015f tutmu\u015fdur. \u0130clas\u0131 Konqresin prezidenti Qudrun Mosler-Ternstrem a\u00e7araq g\u00fcnd\u0259lik m\u0259s\u0259l\u0259l\u0259ri s\u0259sl\u0259ndirdi. Sessiyan\u0131n g\u00fcnd\u0259liyind\u0259 duran m\u0259s\u0259l\u0259l\u0259r &#8211; Konqresin 2018-2019-cu ill\u0259r\u0259 dair b\u00fcdc\u0259nin t\u0259sdiqi v\u0259 resurlar\u0131n m\u00fc\u0259yy\u0259nl\u0259\u015fdirilm\u0259si \u0259traf\u0131nda Fransa Respublikas\u0131n\u0131n v\u0259 Rusiya Federasiyas\u0131n\u0131n n\u00fcmay\u0259nd\u0259l\u0259ri \u00e7\u0131x\u0131\u015f etmi\u015fl\u0259r. Daha sonra Avropa \u015euras\u0131n\u0131n ba\u015f katibi Turbyorn Yaqland b\u0259yanatla \u00e7\u0131x\u0131\u015f etmi\u015f v\u0259 ona \u00fcnvanlanan suallara cavab vermi\u015fdir.<br \/>\nB\u0259l\u0259diyy\u0259 s\u0259dri sonda qeyd etdi ki, plenar iclasdan sonra Qara\u00e7ay-\u00c7erkesiya Respublikas\u0131 g\u00fcnl\u0259rin\u0259 h\u0259sr olunmu\u015f t\u0259dbirl\u0259r\u0259 start verillib.<\/p>\n<p>&nbsp;<\/p>\n<p>&nbsp;<\/p>\n<p>&nbsp;<\/p>\n<p><a href=\"http:\/\/belediyye.az\/resulzade\/wp-content\/uploads\/2017\/04\/17434834_2004297599805285_1982352811781152939_o.jpg\"><img loading=\"lazy\" decoding=\"async\" class=\"alignright size-full wp-image-1616\" alt=\"17434834_2004297599805285_1982352811781152939_o\" src=\"http:\/\/belediyye.az\/resulzade\/wp-content\/uploads\/2017\/04\/17434834_2004297599805285_1982352811781152939_o.jpg\" width=\"1024\" height=\"768\" srcset=\"http:\/\/belediyye.az\/resulzade\/wp-content\/uploads\/2017\/04\/17434834_2004297599805285_1982352811781152939_o.jpg 1024w, http:\/\/belediyye.az\/resulzade\/wp-content\/uploads\/2017\/04\/17434834_2004297599805285_1982352811781152939_o-300x225.jpg 300w, http:\/\/belediyye.az\/resulzade\/wp-content\/uploads\/2017\/04\/17434834_2004297599805285_1982352811781152939_o-73x55.jpg 73w, http:\/\/belediyye.az\/resulzade\/wp-content\/uploads\/2017\/04\/17434834_2004297599805285_1982352811781152939_o-75x55.jpg 75w, http:\/\/belediyye.az\/resulzade\/wp-content\/uploads\/2017\/04\/17434834_2004297599805285_1982352811781152939_o-60x45.jpg 60w\" sizes=\"auto, (max-width: 1024px) 100vw, 1024px\" \/><\/a> <a href=\"http:\/\/belediyye.az\/resulzade\/wp-content\/uploads\/2017\/04\/17629656_2004297229805322_4801020725723630726_n.jpg\"><img loading=\"lazy\" decoding=\"async\" class=\"alignright size-full wp-image-1618\" alt=\"17629656_2004297229805322_4801020725723630726_n\" src=\"http:\/\/belediyye.az\/resulzade\/wp-content\/uploads\/2017\/04\/17629656_2004297229805322_4801020725723630726_n.jpg\" width=\"480\" height=\"269\" srcset=\"http:\/\/belediyye.az\/resulzade\/wp-content\/uploads\/2017\/04\/17629656_2004297229805322_4801020725723630726_n.jpg 480w, http:\/\/belediyye.az\/resulzade\/wp-content\/uploads\/2017\/04\/17629656_2004297229805322_4801020725723630726_n-300x168.jpg 300w, http:\/\/belediyye.az\/resulzade\/wp-content\/uploads\/2017\/04\/17629656_2004297229805322_4801020725723630726_n-98x55.jpg 98w\" sizes=\"auto, (max-width: 480px) 100vw, 480px\" \/><\/a><\/p>\n","protected":false},"excerpt":{"rendered":"<p>&nbsp; &nbsp; Mart\u0131n 27-d\u0259n 31-d\u0259k Strasburqda Avropa \u015euras\u0131 Yerli v\u0259 Regional Hakimiyy\u0259tl\u0259r Konqresinin \u201cQa\u00e7q\u0131nlar\u0131n u\u011furlu inteqrasiyas\u0131 m\u0259qs\u0259di il\u0259 t\u0259m\u0259rk\u00fczl\u0259\u015fdirm\u0259 siyas\u0259ti\u201d m\u00f6vzusuna h\u0259sr edilmi\u015f 32-ci plenar sessiyas\u0131 ke\u00e7irilir. Bu bar\u0259d\u0259 Konqresin plenar iclas\u0131nda i\u015ftirak ed\u0259n Az\u0259rbaycan\u0131n yerli v\u0259 regional hakimiyy\u0259t orqanlar\u0131n\u0131 t\u0259msi ed\u0259n milli n\u00fcmay\u0259nd\u0259\u00a0hey\u0259tinin \u00fczv\u00fc, Az\u0259rbaycan Q\u0259s\u0259b\u0259 B\u0259l\u0259diyy\u0259l\u0259rinin Milli Assosiasiyas\u0131n\u0131n s\u0259dri, M.\u018f.R\u0259sulzad\u0259 b\u0259l\u0259diyy\u0259sinin s\u0259dri H\u00fcmb\u0259t [&hellip;]<\/p>\n","protected":false},"author":1,"featured_media":0,"comment_status":"closed","ping_status":"closed","sticky":false,"template":"","format":"standard","meta":{"footnotes":""},"categories":[5,1,8,4],"tags":[],"class_list":["post-1615","post","type-post","status-publish","format-standard","hentry","category-xeberler","category-fealiyyetlerimiz","category-hesabat","category-gorulen-ishler"],"_links":{"self":[{"href":"http:\/\/belediyye.az\/resulzade\/wp-json\/wp\/v2\/posts\/1615","targetHints":{"allow":["GET"]}}],"collection":[{"href":"http:\/\/belediyye.az\/resulzade\/wp-json\/wp\/v2\/posts"}],"about":[{"href":"http:\/\/belediyye.az\/resulzade\/wp-json\/wp\/v2\/types\/post"}],"author":[{"embeddable":true,"href":"http:\/\/belediyye.az\/resulzade\/wp-json\/wp\/v2\/users\/1"}],"replies":[{"embeddable":true,"href":"http:\/\/belediyye.az\/resulzade\/wp-json\/wp\/v2\/comments?post=1615"}],"version-history":[{"count":4,"href":"http:\/\/belediyye.az\/resulzade\/wp-json\/wp\/v2\/posts\/1615\/revisions"}],"predecessor-version":[{"id":1622,"href":"http:\/\/belediyye.az\/resulzade\/wp-json\/wp\/v2\/posts\/1615\/revisions\/1622"}],"wp:attachment":[{"href":"http:\/\/belediyye.az\/resulzade\/wp-json\/wp\/v2\/media?parent=1615"}],"wp:term":[{"taxonomy":"category","embeddable":true,"href":"http:\/\/belediyye.az\/resulzade\/wp-json\/wp\/v2\/categories?post=1615"},{"taxonomy":"post_tag","embeddable":true,"href":"http:\/\/belediyye.az\/resulzade\/wp-json\/wp\/v2\/tags?post=1615"}],"curies":[{"name":"wp","href":"https:\/\/api.w.org\/{rel}","templated":true}]}}