{"id":1602,"date":"2017-03-15T12:36:48","date_gmt":"2017-03-15T08:36:48","guid":{"rendered":"http:\/\/belediyye.az\/resulzade\/?p=1602"},"modified":"2017-03-16T12:43:18","modified_gmt":"2017-03-16T08:43:18","slug":"bayram-%c9%99r%c9%99f%c9%99sind%c9%99-s%c9%99hidin-ruhu-yad-edilib","status":"publish","type":"post","link":"http:\/\/belediyye.az\/resulzade\/bayram-%c9%99r%c9%99f%c9%99sind%c9%99-s%c9%99hidin-ruhu-yad-edilib\/","title":{"rendered":"Bayram \u0259r\u0259f\u0259sind\u0259 \u015f\u0259hidin ruhu yad edilib"},"content":{"rendered":"<div id=\"js_4g\" data-ft=\"{&quot;tn&quot;:&quot;K&quot;}\">\n<div><a href=\"http:\/\/belediyye.az\/resulzade\/wp-content\/uploads\/2017\/03\/24.jpg\"><img loading=\"lazy\" decoding=\"async\" class=\"alignright size-full wp-image-1604\" alt=\"2\" src=\"http:\/\/belediyye.az\/resulzade\/wp-content\/uploads\/2017\/03\/24.jpg\" width=\"600\" height=\"286\" srcset=\"http:\/\/belediyye.az\/resulzade\/wp-content\/uploads\/2017\/03\/24.jpg 600w, http:\/\/belediyye.az\/resulzade\/wp-content\/uploads\/2017\/03\/24-300x143.jpg 300w, http:\/\/belediyye.az\/resulzade\/wp-content\/uploads\/2017\/03\/24-115x55.jpg 115w\" sizes=\"auto, (max-width: 600px) 100vw, 600px\" \/><\/a><\/div>\n<div><\/div>\n<div><\/div>\n<div id=\"id_58ca334b245690456629708\">\u0130lax\u0131r \u00e7\u0259r\u015f\u0259nb\u0259l\u0259rind\u0259n olan Torpaq \u00e7\u0259r\u015f\u0259nb\u0259sind\u0259 xalq\u0131m\u0131z Az\u0259rbaycan d\u00f6vl\u0259tinin suverenliyi v\u0259 m\u00fcst\u0259qilliyi u\u011frunda canlar\u0131ndan ke\u00e7mi\u015f \u015f\u0259hidl\u0259rimizin \u0259ziz xatir\u0259sini ruhuna dualar oxuyaraq, ehtiramla yad edir, bu m\u00fcnasib\u0259tl\u0259 M.\u018f.R\u0259sulzad\u0259 b\u0259l\u0259diyy\u0259si olaraq ictimai-humanitar sektorun t\u0259\u015fkilat\u00e7\u0131l\u0131\u011f\u0131 il\u0259 \u015f\u0259hid Abdullayev Tahir \u018fv\u0259z o\u011flunun M.\u018f.R\u0259sulzad\u0259 b\u0259l\u0259diyy\u0259si t\u0259r\u0259find\u0259n haz\u0131rlanan xatir\u0259 l\u00f6vh\u0259sinin \u00f6n\u00fcnd\u0259 yad etdik.<br \/>\nT\u0259dbird\u0259 M.\u018f.R\u0259sulzad\u0259 b\u0259l\u0259diyy\u0259sinin s\u0259dri H\u00fcmb\u0259t\u00a0H\u00fcseynov, b\u0259l\u0259diyy\u0259 \u00fczvl\u0259ri v\u0259 b\u0259l\u0259diyy\u0259 qulluq\u00e7ular\u0131 i\u015ftirak edib.<br \/>\nM.\u018f.R\u0259sulzad\u0259 b\u0259l\u0259diyy\u0259sinin s\u0259dri H\u00fcmb\u0259t H\u00fcseynov \u00e7\u0131x\u0131\u015f ed\u0259r\u0259k bildirdi ki, Az\u0259rbaycanda c\u0259nab prezidentin r\u0259hb\u0259rliyi il\u0259 h\u0259yata ke\u00e7iril\u0259n sosial siyas\u0259t \u00f6lk\u0259nin h\u0259r bir v\u0259t\u0259nda\u015f\u0131n\u0131 \u0259hat\u0259 edir, m\u00fcharib\u0259 \u0259lill\u0259ri v\u0259 \u015f\u0259hid ail\u0259l\u0259rin\u0259 g\u00f6st\u0259ril\u0259n diqq\u0259t v\u0259 qay\u011f\u0131da bu q\u0259bild\u0259ndir. Bu g\u00fcnk\u00fc g\u00fcnd\u0259 v\u0259t\u0259nda\u015flar\u0131m\u0131z\u0131n, g\u0259ncl\u0259rimizin v\u0259t\u0259np\u0259rv\u0259r ruhda yeti\u015fm\u0259si \u00f6n\u0259mli amill\u0259rd\u0259n biri v\u0259 \u0259n ba\u015fl\u0131cas\u0131d\u0131r.<br \/>\nM.\u018f.R\u0259sulzad\u0259 b\u0259l\u0259diyy\u0259si olaraq \u015f\u0259hid ail\u0259l\u0259rini h\u0259r zaman diqq\u0259td\u0259 saxlama\u011f\u0131 \u00f6z\u00fcm\u00fcz\u0259 borc bilirik.<br \/>\n\u015e\u0259hidin ail\u0259si g\u00f6st\u0259ril\u0259n diqq\u0259t v\u0259 qay\u011f\u0131ya g\u00f6r\u0259 \u00f6z t\u0259\u015f\u0259kk\u00fcrl\u0259rini bildirdi.<br \/>\nAbdullayev Tahir \u018fv\u0259z o\u011flu 18 dekabr 1975-ci ild\u0259 Bak\u0131 \u015f\u0259h\u0259rind\u0259 anadan olub.<br \/>\n1982-1990-c\u0131 ill\u0259rd\u0259 115 sayl\u0131 orta m\u0259kt\u0259bd\u0259 t\u0259hsil al\u0131b.<br \/>\n1990-c\u0131 ild\u0259 radio-texniki pe\u015f\u0259 m\u0259kt\u0259bind\u0259 t\u0259hsilini davam etdirib.<br \/>\nPe\u015f\u0259 m\u0259kt\u0259bind\u0259n sonra Bak\u0131 kompyuter liseyin\u0259 daxil olub. Birinci kursda k\u00f6n\u00fcll\u00fc olaraq h\u0259rbi xidm\u0259t\u0259 gedib, rabit\u0259\u00e7i olub. 1994-c\u00fc ilin aprelin 24-d\u0259 A\u011fdam rayonu \u015eotlanl\u0131 k\u0259ndi istiqam\u0259tind\u0259 ged\u0259n d\u00f6y\u00fc\u015fl\u0259rd\u0259 itkin d\u00fc\u015f\u00fcb v\u0259 Az\u0259rbaycan Respublikas\u0131 Bin\u0259q\u0259di rayonu Xalq M\u0259hk\u0259m\u0259sinin 2-368 sayl\u0131 15.05.1997-ci il tarixli q\u0259tnam\u0259si il\u0259 Tahir Abdullayev\u0259 \u015e\u0259hid statusu verilib.<\/div>\n<div><\/div>\n<div><a href=\"http:\/\/belediyye.az\/resulzade\/wp-content\/uploads\/2017\/03\/181.jpg\"><img loading=\"lazy\" decoding=\"async\" class=\"alignright size-full wp-image-1611\" alt=\"18\" src=\"http:\/\/belediyye.az\/resulzade\/wp-content\/uploads\/2017\/03\/181.jpg\" width=\"400\" height=\"600\" srcset=\"http:\/\/belediyye.az\/resulzade\/wp-content\/uploads\/2017\/03\/181.jpg 400w, http:\/\/belediyye.az\/resulzade\/wp-content\/uploads\/2017\/03\/181-200x300.jpg 200w, http:\/\/belediyye.az\/resulzade\/wp-content\/uploads\/2017\/03\/181-36x55.jpg 36w\" sizes=\"auto, (max-width: 400px) 100vw, 400px\" \/><\/a> <a href=\"http:\/\/belediyye.az\/resulzade\/wp-content\/uploads\/2017\/03\/62.jpg\"><img loading=\"lazy\" decoding=\"async\" class=\"alignright size-full wp-image-1607\" alt=\"6\" src=\"http:\/\/belediyye.az\/resulzade\/wp-content\/uploads\/2017\/03\/62.jpg\" width=\"600\" height=\"400\" srcset=\"http:\/\/belediyye.az\/resulzade\/wp-content\/uploads\/2017\/03\/62.jpg 600w, http:\/\/belediyye.az\/resulzade\/wp-content\/uploads\/2017\/03\/62-300x200.jpg 300w, http:\/\/belediyye.az\/resulzade\/wp-content\/uploads\/2017\/03\/62-82x55.jpg 82w, http:\/\/belediyye.az\/resulzade\/wp-content\/uploads\/2017\/03\/62-120x80.jpg 120w\" sizes=\"auto, (max-width: 600px) 100vw, 600px\" \/><\/a> <a href=\"http:\/\/belediyye.az\/resulzade\/wp-content\/uploads\/2017\/03\/44.jpg\"><img loading=\"lazy\" decoding=\"async\" class=\"alignright size-full wp-image-1606\" alt=\"4\" src=\"http:\/\/belediyye.az\/resulzade\/wp-content\/uploads\/2017\/03\/44.jpg\" width=\"600\" height=\"400\" srcset=\"http:\/\/belediyye.az\/resulzade\/wp-content\/uploads\/2017\/03\/44.jpg 600w, http:\/\/belediyye.az\/resulzade\/wp-content\/uploads\/2017\/03\/44-300x200.jpg 300w, http:\/\/belediyye.az\/resulzade\/wp-content\/uploads\/2017\/03\/44-82x55.jpg 82w, http:\/\/belediyye.az\/resulzade\/wp-content\/uploads\/2017\/03\/44-120x80.jpg 120w\" sizes=\"auto, (max-width: 600px) 100vw, 600px\" \/><\/a> <a href=\"http:\/\/belediyye.az\/resulzade\/wp-content\/uploads\/2017\/03\/34.jpg\"><img loading=\"lazy\" decoding=\"async\" class=\"alignright size-full wp-image-1605\" alt=\"3\" src=\"http:\/\/belediyye.az\/resulzade\/wp-content\/uploads\/2017\/03\/34.jpg\" width=\"600\" height=\"400\" srcset=\"http:\/\/belediyye.az\/resulzade\/wp-content\/uploads\/2017\/03\/34.jpg 600w, http:\/\/belediyye.az\/resulzade\/wp-content\/uploads\/2017\/03\/34-300x200.jpg 300w, http:\/\/belediyye.az\/resulzade\/wp-content\/uploads\/2017\/03\/34-82x55.jpg 82w, http:\/\/belediyye.az\/resulzade\/wp-content\/uploads\/2017\/03\/34-120x80.jpg 120w\" sizes=\"auto, (max-width: 600px) 100vw, 600px\" \/><\/a> <a href=\"http:\/\/belediyye.az\/resulzade\/wp-content\/uploads\/2017\/03\/15.jpg\"><img loading=\"lazy\" decoding=\"async\" class=\"alignright size-full wp-image-1603\" alt=\"1\" src=\"http:\/\/belediyye.az\/resulzade\/wp-content\/uploads\/2017\/03\/15.jpg\" width=\"600\" height=\"400\" srcset=\"http:\/\/belediyye.az\/resulzade\/wp-content\/uploads\/2017\/03\/15.jpg 600w, http:\/\/belediyye.az\/resulzade\/wp-content\/uploads\/2017\/03\/15-300x200.jpg 300w, http:\/\/belediyye.az\/resulzade\/wp-content\/uploads\/2017\/03\/15-82x55.jpg 82w, http:\/\/belediyye.az\/resulzade\/wp-content\/uploads\/2017\/03\/15-120x80.jpg 120w\" sizes=\"auto, (max-width: 600px) 100vw, 600px\" \/><\/a><\/div>\n<div><\/div>\n<div><\/div>\n<div><\/div>\n<div><\/div>\n<div><\/div>\n<div><\/div>\n<\/div>\n<div><\/div>\n","protected":false},"excerpt":{"rendered":"<p>\u0130lax\u0131r \u00e7\u0259r\u015f\u0259nb\u0259l\u0259rind\u0259n olan Torpaq \u00e7\u0259r\u015f\u0259nb\u0259sind\u0259 xalq\u0131m\u0131z Az\u0259rbaycan d\u00f6vl\u0259tinin suverenliyi v\u0259 m\u00fcst\u0259qilliyi u\u011frunda canlar\u0131ndan ke\u00e7mi\u015f \u015f\u0259hidl\u0259rimizin \u0259ziz xatir\u0259sini ruhuna dualar oxuyaraq, ehtiramla yad edir, bu m\u00fcnasib\u0259tl\u0259 M.\u018f.R\u0259sulzad\u0259 b\u0259l\u0259diyy\u0259si olaraq ictimai-humanitar sektorun t\u0259\u015fkilat\u00e7\u0131l\u0131\u011f\u0131 il\u0259 \u015f\u0259hid Abdullayev Tahir \u018fv\u0259z o\u011flunun M.\u018f.R\u0259sulzad\u0259 b\u0259l\u0259diyy\u0259si t\u0259r\u0259find\u0259n haz\u0131rlanan xatir\u0259 l\u00f6vh\u0259sinin \u00f6n\u00fcnd\u0259 yad etdik. T\u0259dbird\u0259 M.\u018f.R\u0259sulzad\u0259 b\u0259l\u0259diyy\u0259sinin s\u0259dri H\u00fcmb\u0259t\u00a0H\u00fcseynov, b\u0259l\u0259diyy\u0259 \u00fczvl\u0259ri v\u0259 b\u0259l\u0259diyy\u0259 [&hellip;]<\/p>\n","protected":false},"author":1,"featured_media":0,"comment_status":"closed","ping_status":"closed","sticky":false,"template":"","format":"standard","meta":{"footnotes":""},"categories":[5,1,8,4],"tags":[],"class_list":["post-1602","post","type-post","status-publish","format-standard","hentry","category-xeberler","category-fealiyyetlerimiz","category-hesabat","category-gorulen-ishler"],"_links":{"self":[{"href":"http:\/\/belediyye.az\/resulzade\/wp-json\/wp\/v2\/posts\/1602","targetHints":{"allow":["GET"]}}],"collection":[{"href":"http:\/\/belediyye.az\/resulzade\/wp-json\/wp\/v2\/posts"}],"about":[{"href":"http:\/\/belediyye.az\/resulzade\/wp-json\/wp\/v2\/types\/post"}],"author":[{"embeddable":true,"href":"http:\/\/belediyye.az\/resulzade\/wp-json\/wp\/v2\/users\/1"}],"replies":[{"embeddable":true,"href":"http:\/\/belediyye.az\/resulzade\/wp-json\/wp\/v2\/comments?post=1602"}],"version-history":[{"count":4,"href":"http:\/\/belediyye.az\/resulzade\/wp-json\/wp\/v2\/posts\/1602\/revisions"}],"predecessor-version":[{"id":1613,"href":"http:\/\/belediyye.az\/resulzade\/wp-json\/wp\/v2\/posts\/1602\/revisions\/1613"}],"wp:attachment":[{"href":"http:\/\/belediyye.az\/resulzade\/wp-json\/wp\/v2\/media?parent=1602"}],"wp:term":[{"taxonomy":"category","embeddable":true,"href":"http:\/\/belediyye.az\/resulzade\/wp-json\/wp\/v2\/categories?post=1602"},{"taxonomy":"post_tag","embeddable":true,"href":"http:\/\/belediyye.az\/resulzade\/wp-json\/wp\/v2\/tags?post=1602"}],"curies":[{"name":"wp","href":"https:\/\/api.w.org\/{rel}","templated":true}]}}