{"id":1599,"date":"2017-03-08T12:29:01","date_gmt":"2017-03-08T08:29:01","guid":{"rendered":"http:\/\/belediyye.az\/resulzade\/?p=1599"},"modified":"2017-04-22T14:34:08","modified_gmt":"2017-04-22T10:34:08","slug":"b%c9%99l%c9%99diyy%c9%99-uzvl%c9%99ri-8-martda-apa-holding-mmc-d%c9%99-olub","status":"publish","type":"post","link":"http:\/\/belediyye.az\/resulzade\/b%c9%99l%c9%99diyy%c9%99-uzvl%c9%99ri-8-martda-apa-holding-mmc-d%c9%99-olub\/","title":{"rendered":"B\u0259l\u0259diyy\u0259 \u00fczvl\u0259ri 8 Martda &#8220;APA-Holding&#8221; MMC-d\u0259 olub."},"content":{"rendered":"<p>\u201c8 Mart- Beyn\u0259lxalq Qad\u0131nlar G\u00fcn\u00fc\u201d m\u00fcnasib\u0259ti il\u0259 Bin\u0259q\u0259di rayon M.\u018f.R\u0259sulzad\u0259 b\u0259l\u0259diyy\u0259si ictimai-humanitar sektorun t\u0259\u015fkilat\u00e7\u0131l\u0131\u011f\u0131 il\u0259 &#8220;APA-Holding&#8221; MMC<a href=\"http:\/\/belediyye.az\/resulzade\/wp-content\/uploads\/2017\/03\/17193690_1254059588005598_738098298_o.jpg\"><img loading=\"lazy\" decoding=\"async\" class=\"alignright size-full wp-image-1600\" alt=\"17193690_1254059588005598_738098298_o\" src=\"http:\/\/belediyye.az\/resulzade\/wp-content\/uploads\/2017\/03\/17193690_1254059588005598_738098298_o.jpg\" width=\"1032\" height=\"581\" srcset=\"http:\/\/belediyye.az\/resulzade\/wp-content\/uploads\/2017\/03\/17193690_1254059588005598_738098298_o.jpg 1032w, http:\/\/belediyye.az\/resulzade\/wp-content\/uploads\/2017\/03\/17193690_1254059588005598_738098298_o-300x168.jpg 300w, http:\/\/belediyye.az\/resulzade\/wp-content\/uploads\/2017\/03\/17193690_1254059588005598_738098298_o-1024x576.jpg 1024w, http:\/\/belediyye.az\/resulzade\/wp-content\/uploads\/2017\/03\/17193690_1254059588005598_738098298_o-97x55.jpg 97w\" sizes=\"auto, (max-width: 1032px) 100vw, 1032px\" \/><\/a>-nin prezidenti Ab\u0131\u015fova V\u00fcsal\u0259 Mahir q\u0131z\u0131n\u0131 t\u0259brik etdik.<\/p>\n","protected":false},"excerpt":{"rendered":"<p>\u201c8 Mart- Beyn\u0259lxalq Qad\u0131nlar G\u00fcn\u00fc\u201d m\u00fcnasib\u0259ti il\u0259 Bin\u0259q\u0259di rayon M.\u018f.R\u0259sulzad\u0259 b\u0259l\u0259diyy\u0259si ictimai-humanitar sektorun t\u0259\u015fkilat\u00e7\u0131l\u0131\u011f\u0131 il\u0259 &#8220;APA-Holding&#8221; MMC-nin prezidenti Ab\u0131\u015fova V\u00fcsal\u0259 Mahir q\u0131z\u0131n\u0131 t\u0259brik etdik.<\/p>\n","protected":false},"author":1,"featured_media":0,"comment_status":"closed","ping_status":"closed","sticky":false,"template":"","format":"standard","meta":{"footnotes":""},"categories":[5,1,8,4],"tags":[],"class_list":["post-1599","post","type-post","status-publish","format-standard","hentry","category-xeberler","category-fealiyyetlerimiz","category-hesabat","category-gorulen-ishler"],"_links":{"self":[{"href":"http:\/\/belediyye.az\/resulzade\/wp-json\/wp\/v2\/posts\/1599","targetHints":{"allow":["GET"]}}],"collection":[{"href":"http:\/\/belediyye.az\/resulzade\/wp-json\/wp\/v2\/posts"}],"about":[{"href":"http:\/\/belediyye.az\/resulzade\/wp-json\/wp\/v2\/types\/post"}],"author":[{"embeddable":true,"href":"http:\/\/belediyye.az\/resulzade\/wp-json\/wp\/v2\/users\/1"}],"replies":[{"embeddable":true,"href":"http:\/\/belediyye.az\/resulzade\/wp-json\/wp\/v2\/comments?post=1599"}],"version-history":[{"count":2,"href":"http:\/\/belediyye.az\/resulzade\/wp-json\/wp\/v2\/posts\/1599\/revisions"}],"predecessor-version":[{"id":1672,"href":"http:\/\/belediyye.az\/resulzade\/wp-json\/wp\/v2\/posts\/1599\/revisions\/1672"}],"wp:attachment":[{"href":"http:\/\/belediyye.az\/resulzade\/wp-json\/wp\/v2\/media?parent=1599"}],"wp:term":[{"taxonomy":"category","embeddable":true,"href":"http:\/\/belediyye.az\/resulzade\/wp-json\/wp\/v2\/categories?post=1599"},{"taxonomy":"post_tag","embeddable":true,"href":"http:\/\/belediyye.az\/resulzade\/wp-json\/wp\/v2\/tags?post=1599"}],"curies":[{"name":"wp","href":"https:\/\/api.w.org\/{rel}","templated":true}]}}