{"id":1590,"date":"2017-03-07T12:21:04","date_gmt":"2017-03-07T08:21:04","guid":{"rendered":"http:\/\/belediyye.az\/resulzade\/?p=1590"},"modified":"2017-03-16T12:28:04","modified_gmt":"2017-03-16T08:28:04","slug":"m-%c9%99-r%c9%99sulzad%c9%99-b%c9%99l%c9%99diyy%c9%99si-xanimlari-t%c9%99brik-etdi","status":"publish","type":"post","link":"http:\/\/belediyye.az\/resulzade\/m-%c9%99-r%c9%99sulzad%c9%99-b%c9%99l%c9%99diyy%c9%99si-xanimlari-t%c9%99brik-etdi\/","title":{"rendered":"M.\u018f.R\u0259sulzad\u0259 b\u0259l\u0259diyy\u0259si xan\u0131mlar\u0131 t\u0259brik etdi"},"content":{"rendered":"<p>&nbsp;<\/p>\n<p><a href=\"http:\/\/belediyye.az\/resulzade\/wp-content\/uploads\/2017\/03\/23.jpg\"><img loading=\"lazy\" decoding=\"async\" class=\"alignright size-full wp-image-1592\" alt=\"2\" src=\"http:\/\/belediyye.az\/resulzade\/wp-content\/uploads\/2017\/03\/23.jpg\" width=\"600\" height=\"576\" srcset=\"http:\/\/belediyye.az\/resulzade\/wp-content\/uploads\/2017\/03\/23.jpg 600w, http:\/\/belediyye.az\/resulzade\/wp-content\/uploads\/2017\/03\/23-300x288.jpg 300w, http:\/\/belediyye.az\/resulzade\/wp-content\/uploads\/2017\/03\/23-57x55.jpg 57w\" sizes=\"auto, (max-width: 600px) 100vw, 600px\" \/><\/a><\/p>\n<p>&nbsp;<\/p>\n<p>M.\u018f.R\u0259sulzad\u0259 b\u0259l\u0259diyy\u0259si ictimai-humanitar sektorun t\u0259\u015fkilat\u00e7\u0131l\u0131\u011f\u0131 il\u0259\u00a0M.\u018f.R\u0259sulzad\u0259 b\u0259l\u0259diyy\u0259sinin xan\u0131m kollektivi t\u0259brik\u00a0edilib.T\u0259dbird\u0259 \u00e7\u0131x\u0131\u015f ed\u0259n M.\u018f.R\u0259sulzad\u0259 b\u0259l\u0259diyy\u0259sinin s\u0259dri H\u00fcmb\u0259t H\u00fcseynov qad\u0131n \u0259m\u0259kda\u015flar\u0131n\u0131 Beyn\u0259lxalq Qad\u0131nlar G\u00fcn\u00fc m\u00fcnasib\u0259til\u0259 t\u0259brik edib. \u00d6lk\u0259mizd\u0259 qad\u0131nlara g\u00f6st\u0259ril\u0259n diqq\u0259t v\u0259 qay\u011f\u0131dan dan\u0131\u015fan H\u00fcmb\u0259t H\u00fcseynov qeyd edib ki, xalq\u0131m\u0131z\u0131n \u00fcmummilli lideri Heyd\u0259r \u018fliyev t\u0259r\u0259find\u0259n \u0259sas\u0131 qoyulan v\u0259 bu g\u00fcn Prezident \u0130lham \u018fliyevin u\u011furla davam v\u0259 inki\u015faf etdirdiyi m\u00fct\u0259r\u0259qqi siyasi kursun ayr\u0131lmaz t\u0259rkib hiss\u0259si kimi qad\u0131nlar\u0131n sosial-iqtisadi, siyasi h\u0259yat\u0131n b\u00fct\u00fcn sferalar\u0131nda normal f\u0259aliyy\u0259tl\u0259rinin t\u0259min edilm\u0259si, onlar\u0131n c\u0259miyy\u0259td\u0259 rolunun art\u0131r\u0131lmas\u0131 v\u0259 gender b\u0259rab\u0259rliyinin t\u0259min edilm\u0259si sah\u0259sind\u0259 m\u00fch\u00fcm i\u015fl\u0259r g\u00f6r\u00fcl\u00fcb. Az\u0259rbaycanda qad\u0131n v\u0259 ail\u0259 probleml\u0259rinin h\u0259lli, ana v\u0259 u\u015faq sa\u011flaml\u0131\u011f\u0131n\u0131n qorunmas\u0131, t\u0259hsili v\u0259 t\u0259rbiy\u0259si sah\u0259sind\u0259 h\u0259yata ke\u00e7iril\u0259n m\u0259qs\u0259dy\u00f6nl\u00fc t\u0259dbirl\u0259r n\u0259tic\u0259sind\u0259 \u0259ld\u0259 olunmu\u015f u\u011furlarda Az\u0259rbaycan Respublikas\u0131n\u0131n Birinci vitse-prezidenti, Heyd\u0259r \u018fliyev Fondunun prezidenti Mehriban \u018fliyevan\u0131n misilsiz xidm\u0259tl\u0259ri var.<\/p>\n<p>Xan\u0131mlar h\u0259r zaman onlara g\u00f6st\u0259ril\u0259n diqq\u0259t\u0259 v\u0259 qay\u011f\u0131ya g\u00f6r\u0259 t\u0259\u015f\u0259kk\u00fcr edib.<\/p>\n<p>&nbsp;<\/p>\n<p>&nbsp;<\/p>\n<p><a href=\"http:\/\/belediyye.az\/resulzade\/wp-content\/uploads\/2017\/03\/33.jpg\"><img loading=\"lazy\" decoding=\"async\" class=\"alignright size-full wp-image-1593\" alt=\"3\" src=\"http:\/\/belediyye.az\/resulzade\/wp-content\/uploads\/2017\/03\/33.jpg\" width=\"600\" height=\"400\" srcset=\"http:\/\/belediyye.az\/resulzade\/wp-content\/uploads\/2017\/03\/33.jpg 600w, http:\/\/belediyye.az\/resulzade\/wp-content\/uploads\/2017\/03\/33-300x200.jpg 300w, http:\/\/belediyye.az\/resulzade\/wp-content\/uploads\/2017\/03\/33-82x55.jpg 82w, http:\/\/belediyye.az\/resulzade\/wp-content\/uploads\/2017\/03\/33-120x80.jpg 120w\" sizes=\"auto, (max-width: 600px) 100vw, 600px\" \/><\/a> <a href=\"http:\/\/belediyye.az\/resulzade\/wp-content\/uploads\/2017\/03\/43.jpg\"><img loading=\"lazy\" decoding=\"async\" class=\"alignright size-full wp-image-1594\" alt=\"4\" src=\"http:\/\/belediyye.az\/resulzade\/wp-content\/uploads\/2017\/03\/43.jpg\" width=\"600\" height=\"400\" srcset=\"http:\/\/belediyye.az\/resulzade\/wp-content\/uploads\/2017\/03\/43.jpg 600w, http:\/\/belediyye.az\/resulzade\/wp-content\/uploads\/2017\/03\/43-300x200.jpg 300w, http:\/\/belediyye.az\/resulzade\/wp-content\/uploads\/2017\/03\/43-82x55.jpg 82w, http:\/\/belediyye.az\/resulzade\/wp-content\/uploads\/2017\/03\/43-120x80.jpg 120w\" sizes=\"auto, (max-width: 600px) 100vw, 600px\" \/><\/a> <a href=\"http:\/\/belediyye.az\/resulzade\/wp-content\/uploads\/2017\/03\/ILK_4703.jpg\"><img loading=\"lazy\" decoding=\"async\" class=\"alignright size-full wp-image-1595\" alt=\"ILK_4703\" src=\"http:\/\/belediyye.az\/resulzade\/wp-content\/uploads\/2017\/03\/ILK_4703.jpg\" width=\"600\" height=\"400\" srcset=\"http:\/\/belediyye.az\/resulzade\/wp-content\/uploads\/2017\/03\/ILK_4703.jpg 600w, http:\/\/belediyye.az\/resulzade\/wp-content\/uploads\/2017\/03\/ILK_4703-300x200.jpg 300w, http:\/\/belediyye.az\/resulzade\/wp-content\/uploads\/2017\/03\/ILK_4703-82x55.jpg 82w, http:\/\/belediyye.az\/resulzade\/wp-content\/uploads\/2017\/03\/ILK_4703-120x80.jpg 120w\" sizes=\"auto, (max-width: 600px) 100vw, 600px\" \/><\/a> <a href=\"http:\/\/belediyye.az\/resulzade\/wp-content\/uploads\/2017\/03\/14.jpg\"><img loading=\"lazy\" decoding=\"async\" class=\"alignright size-full wp-image-1591\" alt=\"1\" src=\"http:\/\/belediyye.az\/resulzade\/wp-content\/uploads\/2017\/03\/14.jpg\" width=\"600\" height=\"400\" srcset=\"http:\/\/belediyye.az\/resulzade\/wp-content\/uploads\/2017\/03\/14.jpg 600w, http:\/\/belediyye.az\/resulzade\/wp-content\/uploads\/2017\/03\/14-300x200.jpg 300w, http:\/\/belediyye.az\/resulzade\/wp-content\/uploads\/2017\/03\/14-82x55.jpg 82w, http:\/\/belediyye.az\/resulzade\/wp-content\/uploads\/2017\/03\/14-120x80.jpg 120w\" sizes=\"auto, (max-width: 600px) 100vw, 600px\" \/><\/a><\/p>\n","protected":false},"excerpt":{"rendered":"<p>&nbsp; &nbsp; M.\u018f.R\u0259sulzad\u0259 b\u0259l\u0259diyy\u0259si ictimai-humanitar sektorun t\u0259\u015fkilat\u00e7\u0131l\u0131\u011f\u0131 il\u0259\u00a0M.\u018f.R\u0259sulzad\u0259 b\u0259l\u0259diyy\u0259sinin xan\u0131m kollektivi t\u0259brik\u00a0edilib.T\u0259dbird\u0259 \u00e7\u0131x\u0131\u015f ed\u0259n M.\u018f.R\u0259sulzad\u0259 b\u0259l\u0259diyy\u0259sinin s\u0259dri H\u00fcmb\u0259t H\u00fcseynov qad\u0131n \u0259m\u0259kda\u015flar\u0131n\u0131 Beyn\u0259lxalq Qad\u0131nlar G\u00fcn\u00fc m\u00fcnasib\u0259til\u0259 t\u0259brik edib. \u00d6lk\u0259mizd\u0259 qad\u0131nlara g\u00f6st\u0259ril\u0259n diqq\u0259t v\u0259 qay\u011f\u0131dan dan\u0131\u015fan H\u00fcmb\u0259t H\u00fcseynov qeyd edib ki, xalq\u0131m\u0131z\u0131n \u00fcmummilli lideri Heyd\u0259r \u018fliyev t\u0259r\u0259find\u0259n \u0259sas\u0131 qoyulan v\u0259 bu g\u00fcn Prezident \u0130lham \u018fliyevin u\u011furla davam [&hellip;]<\/p>\n","protected":false},"author":1,"featured_media":0,"comment_status":"closed","ping_status":"closed","sticky":false,"template":"","format":"standard","meta":{"footnotes":""},"categories":[5,1,8,4],"tags":[],"class_list":["post-1590","post","type-post","status-publish","format-standard","hentry","category-xeberler","category-fealiyyetlerimiz","category-hesabat","category-gorulen-ishler"],"_links":{"self":[{"href":"http:\/\/belediyye.az\/resulzade\/wp-json\/wp\/v2\/posts\/1590","targetHints":{"allow":["GET"]}}],"collection":[{"href":"http:\/\/belediyye.az\/resulzade\/wp-json\/wp\/v2\/posts"}],"about":[{"href":"http:\/\/belediyye.az\/resulzade\/wp-json\/wp\/v2\/types\/post"}],"author":[{"embeddable":true,"href":"http:\/\/belediyye.az\/resulzade\/wp-json\/wp\/v2\/users\/1"}],"replies":[{"embeddable":true,"href":"http:\/\/belediyye.az\/resulzade\/wp-json\/wp\/v2\/comments?post=1590"}],"version-history":[{"count":3,"href":"http:\/\/belediyye.az\/resulzade\/wp-json\/wp\/v2\/posts\/1590\/revisions"}],"predecessor-version":[{"id":1598,"href":"http:\/\/belediyye.az\/resulzade\/wp-json\/wp\/v2\/posts\/1590\/revisions\/1598"}],"wp:attachment":[{"href":"http:\/\/belediyye.az\/resulzade\/wp-json\/wp\/v2\/media?parent=1590"}],"wp:term":[{"taxonomy":"category","embeddable":true,"href":"http:\/\/belediyye.az\/resulzade\/wp-json\/wp\/v2\/categories?post=1590"},{"taxonomy":"post_tag","embeddable":true,"href":"http:\/\/belediyye.az\/resulzade\/wp-json\/wp\/v2\/tags?post=1590"}],"curies":[{"name":"wp","href":"https:\/\/api.w.org\/{rel}","templated":true}]}}