{"id":1537,"date":"2017-02-21T15:42:43","date_gmt":"2017-02-21T11:42:43","guid":{"rendered":"http:\/\/belediyye.az\/resulzade\/?p=1537"},"modified":"2017-03-01T15:46:51","modified_gmt":"2017-03-01T11:46:51","slug":"beyn%c9%99lxalq-ana-dili-gunu-il%c9%99-%c9%99laq%c9%99dar-t%c9%99dbir-kecirilib","status":"publish","type":"post","link":"http:\/\/belediyye.az\/resulzade\/beyn%c9%99lxalq-ana-dili-gunu-il%c9%99-%c9%99laq%c9%99dar-t%c9%99dbir-kecirilib\/","title":{"rendered":"Beyn\u0259lxalq Ana dili g\u00fcn\u00fc il\u0259 \u0259laq\u0259dar t\u0259dbir ke\u00e7irilib"},"content":{"rendered":"<p>&nbsp;<\/p>\n<p><a href=\"http:\/\/belediyye.az\/resulzade\/wp-content\/uploads\/2017\/03\/1.jpg\"><img loading=\"lazy\" decoding=\"async\" class=\"alignright size-full wp-image-1538\" alt=\"1\" src=\"http:\/\/belediyye.az\/resulzade\/wp-content\/uploads\/2017\/03\/1.jpg\" width=\"1776\" height=\"1332\" srcset=\"http:\/\/belediyye.az\/resulzade\/wp-content\/uploads\/2017\/03\/1.jpg 1776w, http:\/\/belediyye.az\/resulzade\/wp-content\/uploads\/2017\/03\/1-300x225.jpg 300w, http:\/\/belediyye.az\/resulzade\/wp-content\/uploads\/2017\/03\/1-1024x768.jpg 1024w, http:\/\/belediyye.az\/resulzade\/wp-content\/uploads\/2017\/03\/1-73x55.jpg 73w, http:\/\/belediyye.az\/resulzade\/wp-content\/uploads\/2017\/03\/1-75x55.jpg 75w, http:\/\/belediyye.az\/resulzade\/wp-content\/uploads\/2017\/03\/1-60x45.jpg 60w\" sizes=\"auto, (max-width: 1776px) 100vw, 1776px\" \/><\/a><\/p>\n<p>&nbsp;<\/p>\n<p>M.\u018f.R\u0259sulzad\u0259 b\u0259l\u0259diyy\u0259si \u201cictimai-humanitar sektor\u201dun t\u0259\u015fkilat\u00e7\u0131l\u0131\u011f\u0131 il\u0259 Vahid \u018fzizov ad\u0131na 30 sayl\u0131 m\u0259kt\u0259bd\u0259 Beyn\u0259lxalq Ana dili g\u00fcn\u00fc il\u0259 \u0259laq\u0259dar t\u0259dbir ke\u00e7irilib. T\u0259dbird\u0259 M.\u018f.R\u0259sulzad\u0259 b\u0259l\u0259diyy\u0259sinin s\u0259dr m\u00fcavini Leyli Tahirova, \u0130ctimai-humanitar sektorun r\u0259hb\u0259ri G\u00fcnel Vahabzad\u0259, 30 sayl\u0131 m\u0259kt\u0259bin m\u00fc\u0259llim v\u0259 \u015fagird kollektivi i\u015ftirak edib.<br \/>\n21 Fevral b\u00fct\u00fcn d\u00fcnyada Beyn\u0259lxalq Ana dili g\u00fcn\u00fc qeyd olunur. Beyn\u0259lxalq Ana Dili G\u00fcn\u00fc &#8211; UNESCO-nun 1999-cu il noyabr tarixind\u0259\u00a0ke\u00e7iril\u0259n Ba\u015f konfrans\u0131n\u0131n 30-cu sessiyas\u0131nda t\u0259sis edilib v\u0259 21 fevral 2000-ci ild\u0259n dil v\u0259 m\u0259d\u0259niyy\u0259t r\u0259ngar\u0259ngliyini qoruyub saxlamaq \u00fc\u00e7\u00fcn qeyd edilir<br \/>\nM.\u018f.R\u0259sulzad\u0259 b\u0259l\u0259diyy\u0259sinin s\u0259dr m\u00fcavini Leyli Tahirova v\u0259 Vahid \u018fzizov ad\u0131na 30 sayl\u0131 m\u0259kt\u0259bin t\u0259lim-t\u0259rbiyy\u0259 i\u015fl\u0259ri \u00fczr\u0259 direktor m\u00fcavini Ayg\u00fcn M\u0259mm\u0259dxanova \u00e7\u0131x\u0131\u015flar\u0131nda da bildirdi ki, d\u00fcnyada m\u0259hv olmaq t\u0259hl\u00fck\u0259si il\u0259 \u00fczl\u0259\u015f\u0259n dill\u0259rin qorunmas\u0131 m\u0259qs\u0259dil\u0259 h\u0259r il ke\u00e7iril\u0259n Beyn\u0259lxalq Ana dili g\u00fcn\u00fc h\u0259r k\u0259s\u0259 \u00f6z do\u011fma dilinin varl\u0131\u011f\u0131n\u0131 hiss etm\u0259k, onunla q\u00fcrur duymaq, onu qorumaq, inki\u015faf etdirm\u0259k h\u00fcququ oldu\u011funu bir daha xat\u0131rlad\u0131r. \u018fn sad\u0259 \u015f\u0259kild\u0259 des\u0259k, dil \u00fcnsiyy\u0259t vasit\u0259sidir, bununla bah\u0259m, dil mill\u0259tin simas\u0131n\u0131 s\u0259ciyy\u0259l\u0259ndir\u0259n amill\u0259rd\u0259n biri, b\u0259lk\u0259 d\u0259, birincisidir. O, h\u0259r hans\u0131 bir xalq\u0131n varl\u0131\u011f\u0131n\u0131n t\u0259zah\u00fcr\u00fc, onun milli s\u0259rv\u0259ti, qan yadda\u015f\u0131d\u0131r. Bu q\u0259na\u0259t tarixin b\u00fct\u00fcn d\u00f6vrl\u0259rind\u0259 b\u0259\u015f\u0259r \u00f6vladlar\u0131n\u0131n qeyd-\u015f\u0259rtsiz q\u0259bul etdiyi, s\u00fcbuta ehtiyac duyulmayan aksiomad\u0131r. Xalq\u0131n taleyi, onun m\u0259nliyi, m\u0259n\u0259viyyat\u0131 v\u0259 m\u0259d\u0259niyy\u0259ti olan dil c\u0259miyy\u0259tin t\u0259\u015f\u0259kk\u00fcl\u00fc v\u0259 inki\u015faf\u0131 il\u0259 birg\u0259 yaran\u0131r, t\u0259r\u0259qqi edir.<br \/>\nT\u0259dbird\u0259 ibtidai sinif \u015fagirdl\u0259rinin ifas\u0131nda Ana dili il\u0259 \u0259laq\u0259dar \u015feirl\u0259r, mahn\u0131lar v\u0259 m\u00fcxt\u0259lif s\u0259hn\u0259cikl\u0259r n\u00fcmayi\u015f olundu.<br \/>\nAna dilimizi qorumaq, inki\u015faf etdirm\u0259k ham\u0131m\u0131z\u0131n m\u00fcq\u0259dd\u0259s borcudur.<\/p>\n<p><a href=\"http:\/\/belediyye.az\/resulzade\/wp-content\/uploads\/2017\/03\/2.jpg\"><img loading=\"lazy\" decoding=\"async\" class=\"alignright size-full wp-image-1539\" alt=\"2\" src=\"http:\/\/belediyye.az\/resulzade\/wp-content\/uploads\/2017\/03\/2.jpg\" width=\"1280\" height=\"736\" srcset=\"http:\/\/belediyye.az\/resulzade\/wp-content\/uploads\/2017\/03\/2.jpg 1280w, http:\/\/belediyye.az\/resulzade\/wp-content\/uploads\/2017\/03\/2-300x172.jpg 300w, http:\/\/belediyye.az\/resulzade\/wp-content\/uploads\/2017\/03\/2-1024x588.jpg 1024w, http:\/\/belediyye.az\/resulzade\/wp-content\/uploads\/2017\/03\/2-95x55.jpg 95w\" sizes=\"auto, (max-width: 1280px) 100vw, 1280px\" \/><\/a> <a href=\"http:\/\/belediyye.az\/resulzade\/wp-content\/uploads\/2017\/03\/5.jpg\"><img loading=\"lazy\" decoding=\"async\" class=\"alignright size-full wp-image-1542\" alt=\"5\" src=\"http:\/\/belediyye.az\/resulzade\/wp-content\/uploads\/2017\/03\/5.jpg\" width=\"1280\" height=\"675\" srcset=\"http:\/\/belediyye.az\/resulzade\/wp-content\/uploads\/2017\/03\/5.jpg 1280w, http:\/\/belediyye.az\/resulzade\/wp-content\/uploads\/2017\/03\/5-300x158.jpg 300w, http:\/\/belediyye.az\/resulzade\/wp-content\/uploads\/2017\/03\/5-1024x540.jpg 1024w, http:\/\/belediyye.az\/resulzade\/wp-content\/uploads\/2017\/03\/5-104x55.jpg 104w\" sizes=\"auto, (max-width: 1280px) 100vw, 1280px\" \/><\/a> <a href=\"http:\/\/belediyye.az\/resulzade\/wp-content\/uploads\/2017\/03\/3.jpg\"><img loading=\"lazy\" decoding=\"async\" class=\"alignright size-full wp-image-1540\" alt=\"3\" src=\"http:\/\/belediyye.az\/resulzade\/wp-content\/uploads\/2017\/03\/3.jpg\" width=\"1776\" height=\"1332\" srcset=\"http:\/\/belediyye.az\/resulzade\/wp-content\/uploads\/2017\/03\/3.jpg 1776w, http:\/\/belediyye.az\/resulzade\/wp-content\/uploads\/2017\/03\/3-300x225.jpg 300w, http:\/\/belediyye.az\/resulzade\/wp-content\/uploads\/2017\/03\/3-1024x768.jpg 1024w, http:\/\/belediyye.az\/resulzade\/wp-content\/uploads\/2017\/03\/3-73x55.jpg 73w, http:\/\/belediyye.az\/resulzade\/wp-content\/uploads\/2017\/03\/3-75x55.jpg 75w, http:\/\/belediyye.az\/resulzade\/wp-content\/uploads\/2017\/03\/3-60x45.jpg 60w\" sizes=\"auto, (max-width: 1776px) 100vw, 1776px\" \/><\/a> <a href=\"http:\/\/belediyye.az\/resulzade\/wp-content\/uploads\/2017\/03\/4.jpg\"><img loading=\"lazy\" decoding=\"async\" class=\"alignright size-full wp-image-1541\" alt=\"4\" src=\"http:\/\/belediyye.az\/resulzade\/wp-content\/uploads\/2017\/03\/4.jpg\" width=\"1776\" height=\"1332\" srcset=\"http:\/\/belediyye.az\/resulzade\/wp-content\/uploads\/2017\/03\/4.jpg 1776w, http:\/\/belediyye.az\/resulzade\/wp-content\/uploads\/2017\/03\/4-300x225.jpg 300w, http:\/\/belediyye.az\/resulzade\/wp-content\/uploads\/2017\/03\/4-1024x768.jpg 1024w, http:\/\/belediyye.az\/resulzade\/wp-content\/uploads\/2017\/03\/4-73x55.jpg 73w, http:\/\/belediyye.az\/resulzade\/wp-content\/uploads\/2017\/03\/4-75x55.jpg 75w, http:\/\/belediyye.az\/resulzade\/wp-content\/uploads\/2017\/03\/4-60x45.jpg 60w\" sizes=\"auto, (max-width: 1776px) 100vw, 1776px\" \/><\/a> <a href=\"http:\/\/belediyye.az\/resulzade\/wp-content\/uploads\/2017\/03\/7.jpg\"><img loading=\"lazy\" decoding=\"async\" class=\"alignright size-full wp-image-1543\" alt=\"7\" src=\"http:\/\/belediyye.az\/resulzade\/wp-content\/uploads\/2017\/03\/7.jpg\" width=\"1776\" height=\"1332\" srcset=\"http:\/\/belediyye.az\/resulzade\/wp-content\/uploads\/2017\/03\/7.jpg 1776w, http:\/\/belediyye.az\/resulzade\/wp-content\/uploads\/2017\/03\/7-300x225.jpg 300w, http:\/\/belediyye.az\/resulzade\/wp-content\/uploads\/2017\/03\/7-1024x768.jpg 1024w, http:\/\/belediyye.az\/resulzade\/wp-content\/uploads\/2017\/03\/7-73x55.jpg 73w, http:\/\/belediyye.az\/resulzade\/wp-content\/uploads\/2017\/03\/7-75x55.jpg 75w, http:\/\/belediyye.az\/resulzade\/wp-content\/uploads\/2017\/03\/7-60x45.jpg 60w\" sizes=\"auto, (max-width: 1776px) 100vw, 1776px\" \/><\/a> <a href=\"http:\/\/belediyye.az\/resulzade\/wp-content\/uploads\/2017\/03\/8.jpg\"><img loading=\"lazy\" decoding=\"async\" class=\"alignright size-full wp-image-1544\" alt=\"8\" src=\"http:\/\/belediyye.az\/resulzade\/wp-content\/uploads\/2017\/03\/8.jpg\" width=\"480\" height=\"640\" srcset=\"http:\/\/belediyye.az\/resulzade\/wp-content\/uploads\/2017\/03\/8.jpg 480w, http:\/\/belediyye.az\/resulzade\/wp-content\/uploads\/2017\/03\/8-225x300.jpg 225w, http:\/\/belediyye.az\/resulzade\/wp-content\/uploads\/2017\/03\/8-41x55.jpg 41w\" sizes=\"auto, (max-width: 480px) 100vw, 480px\" \/><\/a><\/p>\n","protected":false},"excerpt":{"rendered":"<p>&nbsp; &nbsp; M.\u018f.R\u0259sulzad\u0259 b\u0259l\u0259diyy\u0259si \u201cictimai-humanitar sektor\u201dun t\u0259\u015fkilat\u00e7\u0131l\u0131\u011f\u0131 il\u0259 Vahid \u018fzizov ad\u0131na 30 sayl\u0131 m\u0259kt\u0259bd\u0259 Beyn\u0259lxalq Ana dili g\u00fcn\u00fc il\u0259 \u0259laq\u0259dar t\u0259dbir ke\u00e7irilib. T\u0259dbird\u0259 M.\u018f.R\u0259sulzad\u0259 b\u0259l\u0259diyy\u0259sinin s\u0259dr m\u00fcavini Leyli Tahirova, \u0130ctimai-humanitar sektorun r\u0259hb\u0259ri G\u00fcnel Vahabzad\u0259, 30 sayl\u0131 m\u0259kt\u0259bin m\u00fc\u0259llim v\u0259 \u015fagird kollektivi i\u015ftirak edib. 21 Fevral b\u00fct\u00fcn d\u00fcnyada Beyn\u0259lxalq Ana dili g\u00fcn\u00fc qeyd olunur. Beyn\u0259lxalq Ana [&hellip;]<\/p>\n","protected":false},"author":1,"featured_media":0,"comment_status":"closed","ping_status":"closed","sticky":false,"template":"","format":"standard","meta":{"footnotes":""},"categories":[5,1,4],"tags":[],"class_list":["post-1537","post","type-post","status-publish","format-standard","hentry","category-xeberler","category-fealiyyetlerimiz","category-gorulen-ishler"],"_links":{"self":[{"href":"http:\/\/belediyye.az\/resulzade\/wp-json\/wp\/v2\/posts\/1537","targetHints":{"allow":["GET"]}}],"collection":[{"href":"http:\/\/belediyye.az\/resulzade\/wp-json\/wp\/v2\/posts"}],"about":[{"href":"http:\/\/belediyye.az\/resulzade\/wp-json\/wp\/v2\/types\/post"}],"author":[{"embeddable":true,"href":"http:\/\/belediyye.az\/resulzade\/wp-json\/wp\/v2\/users\/1"}],"replies":[{"embeddable":true,"href":"http:\/\/belediyye.az\/resulzade\/wp-json\/wp\/v2\/comments?post=1537"}],"version-history":[{"count":4,"href":"http:\/\/belediyye.az\/resulzade\/wp-json\/wp\/v2\/posts\/1537\/revisions"}],"predecessor-version":[{"id":1548,"href":"http:\/\/belediyye.az\/resulzade\/wp-json\/wp\/v2\/posts\/1537\/revisions\/1548"}],"wp:attachment":[{"href":"http:\/\/belediyye.az\/resulzade\/wp-json\/wp\/v2\/media?parent=1537"}],"wp:term":[{"taxonomy":"category","embeddable":true,"href":"http:\/\/belediyye.az\/resulzade\/wp-json\/wp\/v2\/categories?post=1537"},{"taxonomy":"post_tag","embeddable":true,"href":"http:\/\/belediyye.az\/resulzade\/wp-json\/wp\/v2\/tags?post=1537"}],"curies":[{"name":"wp","href":"https:\/\/api.w.org\/{rel}","templated":true}]}}