{"id":1439,"date":"2016-11-24T16:44:11","date_gmt":"2016-11-24T12:44:11","guid":{"rendered":"http:\/\/belediyye.az\/resulzade\/?p=1439"},"modified":"2017-01-17T16:55:17","modified_gmt":"2017-01-17T12:55:17","slug":"litvali-qonaqlar-bin%c9%99q%c9%99di-b%c9%99l%c9%99diyy%c9%99l%c9%99ri-il%c9%99-gorusubl%c9%99r","status":"publish","type":"post","link":"http:\/\/belediyye.az\/resulzade\/litvali-qonaqlar-bin%c9%99q%c9%99di-b%c9%99l%c9%99diyy%c9%99l%c9%99ri-il%c9%99-gorusubl%c9%99r\/","title":{"rendered":"&#8220;Litval\u0131 qonaqlar Bin\u0259q\u0259di b\u0259l\u0259diyy\u0259l\u0259ri \u0130l\u0259 g\u00f6r\u00fc\u015f\u00fcbl\u0259r&#8221;"},"content":{"rendered":"<p>Noyabr\u0131n 23-d\u0259 Litva B\u0259l\u0259diyy\u0259l\u0259r \u0130ttifaq\u0131n\u0131n prezidenti, Druskininkay \u015f\u0259h\u0259rinin meri Ricardas Malinauskas, Litva B\u0259l\u0259diyy\u0259l\u0259r \u0130ttifaq\u0131n\u0131n vitse-prezidenti, Paqeqai \u0259yal\u0259tinin meri Virginijus Komskis, Litva B\u0259l\u0259diyy\u0259l\u0259r \u0130ttifaq\u0131n\u0131n m\u00fc\u015faviri, Avropa \u0130ttifaq\u0131ndak\u0131 t\u0259msil\u00e7isi Lina Sabaitiene, Akmyane \u0259yal\u0259tinin icra\u00e7\u0131 direktoru Aromeda Lauciene, Trakay \u015f\u0259h\u0259r b\u0259l\u0259diyy\u0259sinin deputat\u0131 Jelena Jocionienenin daxil oldu\u011fu n\u00fcmay\u0259nd\u0259 hey\u0259ti Az\u0259rbaycana s\u0259f\u0259r \u00e7\u0259r\u00e7iv\u0259sind\u0259 Bin\u0259q\u0259di rayonunda olmu\u015flar. N\u00fcmay\u0259nd\u0259 hey\u0259ti ilk \u00f6nc\u0259 Bil\u0259c\u0259ri b\u0259l\u0259diyy\u0259sind\u0259 tan\u0131\u015fl\u0131q xarakterli g\u00f6r\u00fc\u015f ke\u00e7irilmi\u015fdir. Az\u0259rbaycan \u015e\u0259h\u0259r, Q\u0259s\u0259b\u0259 v\u0259 K\u0259nd B\u0259l\u0259diyy\u0259l\u0259rinin Milli Assosasiyalar\u0131n\u0131n s\u0259drl\u0259ri, s\u0259dr m\u00fcavinl\u0259ri v\u0259 \u0259m\u0259kda\u015flar\u0131, eyni zamanda Bin\u0259q\u0259di rayon b\u0259l\u0259diyy\u0259l\u0259rinin s\u0259drl\u0259ri i\u015ftirak etmi\u015fl\u0259r.<br \/>\nT\u0259dbird\u0259 Az\u0259rbaycan Q\u0259s\u0259b\u0259 B\u0259l\u0259diyy\u0259l\u0259ri Milli Assosiasiyas\u0131n\u0131n s\u0259dri H\u00fcmb\u0259t H\u00fcseynov \u00e7\u0131x\u0131\u015f ed\u0259r\u0259k iki \u00f6lk\u0259nin \u015f\u0259h\u0259rl\u0259ri, b\u0259l\u0259diyy\u0259l\u0259ri aras\u0131nda \u0259m\u0259kda\u015fl\u0131q \u0259laq\u0259l\u0259rinin haz\u0131rk\u0131 v\u0259ziyy\u0259ti v\u0259 perspektivl\u0259ri bar\u0259d\u0259 m\u0259lumat vermi\u015f, daha sonra \u00e7\u0131x\u0131\u015f ed\u0259n Bin\u0259q\u0259di rayonu b\u0259l\u0259diyy\u0259l\u0259rinin s\u0259drl\u0259ri qonaqlara rayonda ged\u0259n abadl\u0131q-quruculuq i\u015fl\u0259ri, sakinl\u0259rin istirah\u0259tinin s\u0259m\u0259r\u0259li t\u0259\u015fkili \u00fc\u00e7\u00fcn yarad\u0131lan \u015f\u0259rait v\u0259 \u201cA\u00e7\u0131q qap\u0131\u201d g\u00fcnl\u0259ri bar\u0259d\u0259 m\u0259lumat vermi\u015fl\u0259r. Bin\u0259q\u0259di rayon b\u0259l\u0259diyy\u0259l\u0259rinin h\u0259r biri il\u0259 ayr\u0131-ayr\u0131l\u0131qda Litva b\u0259l\u0259diyy\u0259 n\u00fcmay\u0259nd\u0259l\u0259ri aras\u0131nda qar\u015f\u0131l\u0131ql\u0131 fikir m\u00fcbadil\u0259si apar\u0131lm\u0131\u015f, t\u0259cr\u00fcb\u0259l\u0259rin b\u00f6l\u00fc\u015f\u00fclm\u0259si, h\u0259m\u00e7inin, qarda\u015f b\u0259l\u0259diyy\u0259 format\u0131nda \u0259m\u0259kda\u015fl\u0131\u011f\u0131n perspektivl\u0259ri m\u00fczakir\u0259 olunmu\u015fdur.<br \/>\n\u00d6z n\u00f6vb\u0259sind\u0259 Litva B\u0259l\u0259diyy\u0259l\u0259r \u0130ttifaq\u0131n\u0131n prezidenti, Ricardas Malinauskas v\u0259 b\u0259l\u0259diyy\u0259l\u0259rin n\u00fcmay\u0259nd\u0259l\u0259ri yerli hakimiyy\u0259t olaraq, h\u0259yata ke\u00e7irdikl\u0259ri t\u0259dbirl\u0259r bar\u0259d\u0259 m\u0259lumat vermi\u015f, Bin\u0259q\u0259di rayonu il\u0259 tan\u0131\u015fl\u0131qdan m\u0259mnunluqlar\u0131n\u0131 ifad\u0259 ed\u0259r\u0259k, Bin\u0259q\u0259di b\u0259l\u0259diyy\u0259l\u0259ri il\u0259 \u0259laq\u0259l\u0259rin m\u00f6hk\u0259ml\u0259ndirilm\u0259si v\u0259 geni\u015fl\u0259ndirilm\u0259si perespektivl\u0259ri bar\u0259d\u0259 t\u0259klifl\u0259rini s\u0259sl\u0259ndirmi\u015fl\u0259r.<br \/>\nT\u0259dbird\u0259n sonra n\u00fcmay\u0259nd\u0259 hey\u0259ti b\u0259l\u0259diyy\u0259 s\u0259drl\u0259ri il\u0259 birlikd\u0259 Bin\u0259q\u0259di rayonunda yerl\u0259\u015f\u0259n Heyd\u0259r m\u0259scidini ziyar\u0259t etmi\u015f, sonra Heyd\u0259r park\u0131nda ucald\u0131lm\u0131\u015f \u00dcmummilli Lider Heyd\u0259r \u018fliyevin abid\u0259si v\u0259 park\u0131 il\u0259 tan\u0131\u015f olmu\u015flar.<br \/>\nSonda Bin\u0259q\u0259di rayonu b\u0259l\u0259diyy\u0259l\u0259ri ad\u0131ndan litval\u0131 qonaqlara xatir\u0259 h\u0259diyy\u0259l\u0259ri t\u0259qdim olunmu\u015fdur.<br \/>\nG\u00f6r\u00fc\u015fd\u0259 Bin\u0259q\u0259di Rayon \u0130cra Hakimiyy\u0259ti ba\u015f\u00e7\u0131s\u0131 aparat\u0131n\u0131n \u018frazi idar\u0259etm\u0259 v\u0259 yerli \u00f6z\u00fcn\u00fcidar\u0259etm\u0259 orqanlar\u0131 il\u0259 i\u015f \u015f\u00f6b\u0259sinin m\u00fcdiri Ramiz G\u00f6y\u00fc\u015fov i\u015ftirak etmi\u015fdir.<\/p>\n<p><a href=\"http:\/\/belediyye.az\/resulzade\/wp-content\/uploads\/2017\/01\/15123277_1943203672581345_1336645712755307565_o.jpg\"><img loading=\"lazy\" decoding=\"async\" class=\"alignright size-full wp-image-1441\" alt=\"15123277_1943203672581345_1336645712755307565_o\" src=\"http:\/\/belediyye.az\/resulzade\/wp-content\/uploads\/2017\/01\/15123277_1943203672581345_1336645712755307565_o.jpg\" width=\"2048\" height=\"1307\" srcset=\"http:\/\/belediyye.az\/resulzade\/wp-content\/uploads\/2017\/01\/15123277_1943203672581345_1336645712755307565_o.jpg 2048w, http:\/\/belediyye.az\/resulzade\/wp-content\/uploads\/2017\/01\/15123277_1943203672581345_1336645712755307565_o-300x191.jpg 300w, http:\/\/belediyye.az\/resulzade\/wp-content\/uploads\/2017\/01\/15123277_1943203672581345_1336645712755307565_o-1024x653.jpg 1024w, http:\/\/belediyye.az\/resulzade\/wp-content\/uploads\/2017\/01\/15123277_1943203672581345_1336645712755307565_o-86x55.jpg 86w\" sizes=\"auto, (max-width: 2048px) 100vw, 2048px\" \/><\/a><\/p>\n<p><a href=\"http:\/\/belediyye.az\/resulzade\/wp-content\/uploads\/2017\/01\/15123358_1943203235914722_7736198227393640591_o.jpg\"><img loading=\"lazy\" decoding=\"async\" class=\"alignright size-full wp-image-1442\" alt=\"15123358_1943203235914722_7736198227393640591_o\" src=\"http:\/\/belediyye.az\/resulzade\/wp-content\/uploads\/2017\/01\/15123358_1943203235914722_7736198227393640591_o.jpg\" width=\"2048\" height=\"1365\" srcset=\"http:\/\/belediyye.az\/resulzade\/wp-content\/uploads\/2017\/01\/15123358_1943203235914722_7736198227393640591_o.jpg 2048w, http:\/\/belediyye.az\/resulzade\/wp-content\/uploads\/2017\/01\/15123358_1943203235914722_7736198227393640591_o-300x199.jpg 300w, http:\/\/belediyye.az\/resulzade\/wp-content\/uploads\/2017\/01\/15123358_1943203235914722_7736198227393640591_o-1024x682.jpg 1024w, http:\/\/belediyye.az\/resulzade\/wp-content\/uploads\/2017\/01\/15123358_1943203235914722_7736198227393640591_o-82x55.jpg 82w, http:\/\/belediyye.az\/resulzade\/wp-content\/uploads\/2017\/01\/15123358_1943203235914722_7736198227393640591_o-120x80.jpg 120w\" sizes=\"auto, (max-width: 2048px) 100vw, 2048px\" \/><\/a> <a href=\"http:\/\/belediyye.az\/resulzade\/wp-content\/uploads\/2017\/01\/15129096_1943203405914705_3370709300489204415_o.jpg\"><img loading=\"lazy\" decoding=\"async\" class=\"alignright size-full wp-image-1443\" alt=\"15129096_1943203405914705_3370709300489204415_o\" src=\"http:\/\/belediyye.az\/resulzade\/wp-content\/uploads\/2017\/01\/15129096_1943203405914705_3370709300489204415_o.jpg\" width=\"2048\" height=\"1269\" srcset=\"http:\/\/belediyye.az\/resulzade\/wp-content\/uploads\/2017\/01\/15129096_1943203405914705_3370709300489204415_o.jpg 2048w, http:\/\/belediyye.az\/resulzade\/wp-content\/uploads\/2017\/01\/15129096_1943203405914705_3370709300489204415_o-300x185.jpg 300w, http:\/\/belediyye.az\/resulzade\/wp-content\/uploads\/2017\/01\/15129096_1943203405914705_3370709300489204415_o-1024x634.jpg 1024w, http:\/\/belediyye.az\/resulzade\/wp-content\/uploads\/2017\/01\/15129096_1943203405914705_3370709300489204415_o-88x55.jpg 88w\" sizes=\"auto, (max-width: 2048px) 100vw, 2048px\" \/><\/a> <a href=\"http:\/\/belediyye.az\/resulzade\/wp-content\/uploads\/2017\/01\/15123050_1943203709248008_9020891217420435443_o.jpg\"><img loading=\"lazy\" decoding=\"async\" class=\"alignright size-full wp-image-1440\" alt=\"15123050_1943203709248008_9020891217420435443_o\" src=\"http:\/\/belediyye.az\/resulzade\/wp-content\/uploads\/2017\/01\/15123050_1943203709248008_9020891217420435443_o.jpg\" width=\"2048\" height=\"1351\" srcset=\"http:\/\/belediyye.az\/resulzade\/wp-content\/uploads\/2017\/01\/15123050_1943203709248008_9020891217420435443_o.jpg 2048w, http:\/\/belediyye.az\/resulzade\/wp-content\/uploads\/2017\/01\/15123050_1943203709248008_9020891217420435443_o-300x197.jpg 300w, http:\/\/belediyye.az\/resulzade\/wp-content\/uploads\/2017\/01\/15123050_1943203709248008_9020891217420435443_o-1024x675.jpg 1024w, http:\/\/belediyye.az\/resulzade\/wp-content\/uploads\/2017\/01\/15123050_1943203709248008_9020891217420435443_o-83x55.jpg 83w, http:\/\/belediyye.az\/resulzade\/wp-content\/uploads\/2017\/01\/15123050_1943203709248008_9020891217420435443_o-120x80.jpg 120w\" sizes=\"auto, (max-width: 2048px) 100vw, 2048px\" \/><\/a><\/p>\n","protected":false},"excerpt":{"rendered":"<p>Noyabr\u0131n 23-d\u0259 Litva B\u0259l\u0259diyy\u0259l\u0259r \u0130ttifaq\u0131n\u0131n prezidenti, Druskininkay \u015f\u0259h\u0259rinin meri Ricardas Malinauskas, Litva B\u0259l\u0259diyy\u0259l\u0259r \u0130ttifaq\u0131n\u0131n vitse-prezidenti, Paqeqai \u0259yal\u0259tinin meri Virginijus Komskis, Litva B\u0259l\u0259diyy\u0259l\u0259r \u0130ttifaq\u0131n\u0131n m\u00fc\u015faviri, Avropa \u0130ttifaq\u0131ndak\u0131 t\u0259msil\u00e7isi Lina Sabaitiene, Akmyane \u0259yal\u0259tinin icra\u00e7\u0131 direktoru Aromeda Lauciene, Trakay \u015f\u0259h\u0259r b\u0259l\u0259diyy\u0259sinin deputat\u0131 Jelena Jocionienenin daxil oldu\u011fu n\u00fcmay\u0259nd\u0259 hey\u0259ti Az\u0259rbaycana s\u0259f\u0259r \u00e7\u0259r\u00e7iv\u0259sind\u0259 Bin\u0259q\u0259di rayonunda olmu\u015flar. N\u00fcmay\u0259nd\u0259 hey\u0259ti ilk \u00f6nc\u0259 [&hellip;]<\/p>\n","protected":false},"author":1,"featured_media":0,"comment_status":"closed","ping_status":"closed","sticky":false,"template":"","format":"standard","meta":{"footnotes":""},"categories":[5,1,8,4],"tags":[],"class_list":["post-1439","post","type-post","status-publish","format-standard","hentry","category-xeberler","category-fealiyyetlerimiz","category-hesabat","category-gorulen-ishler"],"_links":{"self":[{"href":"http:\/\/belediyye.az\/resulzade\/wp-json\/wp\/v2\/posts\/1439","targetHints":{"allow":["GET"]}}],"collection":[{"href":"http:\/\/belediyye.az\/resulzade\/wp-json\/wp\/v2\/posts"}],"about":[{"href":"http:\/\/belediyye.az\/resulzade\/wp-json\/wp\/v2\/types\/post"}],"author":[{"embeddable":true,"href":"http:\/\/belediyye.az\/resulzade\/wp-json\/wp\/v2\/users\/1"}],"replies":[{"embeddable":true,"href":"http:\/\/belediyye.az\/resulzade\/wp-json\/wp\/v2\/comments?post=1439"}],"version-history":[{"count":5,"href":"http:\/\/belediyye.az\/resulzade\/wp-json\/wp\/v2\/posts\/1439\/revisions"}],"predecessor-version":[{"id":1449,"href":"http:\/\/belediyye.az\/resulzade\/wp-json\/wp\/v2\/posts\/1439\/revisions\/1449"}],"wp:attachment":[{"href":"http:\/\/belediyye.az\/resulzade\/wp-json\/wp\/v2\/media?parent=1439"}],"wp:term":[{"taxonomy":"category","embeddable":true,"href":"http:\/\/belediyye.az\/resulzade\/wp-json\/wp\/v2\/categories?post=1439"},{"taxonomy":"post_tag","embeddable":true,"href":"http:\/\/belediyye.az\/resulzade\/wp-json\/wp\/v2\/tags?post=1439"}],"curies":[{"name":"wp","href":"https:\/\/api.w.org\/{rel}","templated":true}]}}