{"id":1427,"date":"2016-11-21T15:07:36","date_gmt":"2016-11-21T11:07:36","guid":{"rendered":"http:\/\/belediyye.az\/resulzade\/?p=1427"},"modified":"2017-01-17T16:32:54","modified_gmt":"2017-01-17T12:32:54","slug":"istedadli-g%c9%99ncl%c9%99rl%c9%99-gorusl%c9%99r-kecirilir","status":"publish","type":"post","link":"http:\/\/belediyye.az\/resulzade\/istedadli-g%c9%99ncl%c9%99rl%c9%99-gorusl%c9%99r-kecirilir\/","title":{"rendered":"&#8220;\u0130stedadl\u0131 g\u0259ncl\u0259rl\u0259 g\u00f6r\u00fc\u015fl\u0259r ke\u00e7irilir &#8220;"},"content":{"rendered":"<p>M.\u018f.R\u0259sulzad\u0259 b\u0259l\u0259diyy\u0259si \u201cictimai-humanitar\u201d sektorun t\u0259\u015fkilat\u00e7\u0131l\u0131\u011f\u0131 il\u0259 \u201cG\u0259nc istedadlar\u0131m\u0131z\u0131 tan\u0131yaq\u201d adl\u0131 layih\u0259nin davam\u0131 olaraq, n\u00f6vb\u0259ti istedadl\u0131 q\u0259s\u0259b\u0259 g\u0259ncimiz olan H\u0259\u015fimov H\u0259\u015fim Emil o\u011flunun evind\u0259 g\u00f6r\u00fc\u015f ke\u00e7irildi. G\u00f6r\u00fc\u015fd\u0259 b\u0259l\u0259diyy\u0259 s\u0259dri H\u00fcmb\u0259t H\u00fcseynov, 143 sayl\u0131 m\u0259kt\u0259bin direktoru Elmar H\u0259\u015fimov v\u0259 b\u0259l\u0259diyy\u0259 \u00fczvl\u0259ri i\u015ftirak etdi.<br \/>\nH\u00fcmb\u0259t H\u00fcseynov d\u00f6vl\u0259tin h\u0259yata ke\u00e7irdiyi g\u0259ncl\u0259r siyas\u0259tind\u0259 g\u0259ncl\u0259rin \u00f6z bilik v\u0259 bacar\u0131qlar\u0131n\u0131n, t\u0259bii potensial\u0131n\u0131n effektli realla\u015fd\u0131r\u0131lmas\u0131n\u0131, c\u0259miyy\u0259td\u0259 layiqli yer tutmas\u0131n\u0131 t\u0259min ed\u0259n \u015f\u0259raitin yarad\u0131lmas\u0131 m\u0259qs\u0259dil\u0259 d\u00f6vl\u0259t t\u0259r\u0259find\u0259n m\u00fc\u0259yy\u0259n edilmi\u015f prioritetl\u0259r v\u0259 h\u0259yata ke\u00e7iril\u0259n t\u0259dbirl\u0259rd\u0259n dan\u0131\u015fd\u0131. G\u0259ncl\u0259rin h\u0259rt\u0259r\u0259fli inki\u015faf\u0131 \u00f6lk\u0259nin sosial-iqtisadi, elmi v\u0259 m\u0259d\u0259ni inki\u015faf\u0131 il\u0259 s\u0131x \u0259laq\u0259d\u0259dir, onun qlobal r\u0259qab\u0259t\u0259 davaml\u0131l\u0131\u011f\u0131n\u0131n, milli t\u0259hl\u00fck\u0259sizliyinin vacib \u015f\u0259rtl\u0259rind\u0259ndir. \u0130stedadl\u0131 g\u0259ncl\u0259rin a\u015fkar edilm\u0259si, onlar\u0131n \u00f6z qabiliyy\u0259tl\u0259rini inki\u015faf etdir\u0259 bilm\u0259l\u0259ri \u00fc\u00e7\u00fcn \u015f\u0259raitin yarad\u0131lmas\u0131 bu siyas\u0259tin t\u0259rkib hiss\u0259sidir.<br \/>\nG\u00f6r\u00fc\u015fd\u0259n m\u0259mnunlu\u011funu ifad\u0259 ed\u0259n ail\u0259 ba\u015f\u00e7\u0131s\u0131 g\u0259ncl\u0259r\u0259 g\u00f6st\u0259ril\u0259n diqq\u0259t\u0259 g\u00f6r\u0259 \u00f6z t\u0259\u015f\u0259kk\u00fcr\u00fcn\u00fc bildirdi. \u0130stedadl\u0131 g\u0259ncin ifas\u0131nda \u0259s\u0259rl\u0259r dinl\u0259nildi.<br \/>\nQeyd ed\u0259k ki, H\u0259\u015fimov H\u0259\u015fim Emil o\u011flu 2012-ci ild\u0259 \u00dcmummilli Lider Heyd\u0259r \u018fliyevin anadan olmas\u0131n\u0131n 89-cu il d\u00f6n\u00fcm\u00fc m\u00fcnasib\u0259ti il\u0259 \u201cAz\u0259rbaycan S\u0259ninl\u0259dir, S\u0259nsiz Deyil\u201d adl\u0131 yarad\u0131c\u0131l\u0131q m\u00fcsabiq\u0259sinin piano nominasiyas\u0131 \u00fczr\u0259 birinci yer, 2012-ci ild\u0259 G\u0259nc Piano\u00e7ular\u0131n 2-ci Respublika m\u00fcsabiq\u0259sind\u0259 3-c\u00fc d\u0259r\u0259c\u0259li diplomla, 2013-cu ild\u0259 \u00dcmumilli Lider Heyd\u0259r \u018fliyevin 90 illik yubleyi m\u00fcnasib\u0259til\u0259 rayon \u00fcmumt\u0259hsil m\u0259kt\u0259bl\u0259rinin \u201cAz\u0259rbaycan S\u0259ninl\u0259dir, S\u0259nsiz deyil\u201d 3-c\u00fc yarad\u0131c\u0131l\u0131q m\u00fcsabiq\u0259sinin laureat\u0131 olmu\u015f, diplomla t\u0259ltif edilmi\u015f, 2014-c\u00fc ilin may\u0131nda T\u00fcrkiy\u0259nin \u0130stanbul \u015f\u0259h\u0259rind\u0259 \u201cUluslararas\u0131 IX Pera Piano Festival\u0131\u201d Piano yar\u0131\u015fmas\u0131nda 1-ci yer\u0259 layiq g\u00f6r\u00fcl\u00fcb, 2014-c\u00fc ild\u0259 Moskva \u015f\u0259h\u0259rind\u0259 Vladimir Spivakov Fondu ad\u0131na \u201cMoskva dostlar\u0131n\u0131 qar\u015f\u0131lay\u0131r\u201d adl\u0131 XI Beyn\u0259lxalq Festivalda T\u0259rifnam\u0259 v\u0259 medalla t\u0259ltif olunub, 2015-ci ilin fevral\u0131nda Serbiyan\u0131n Belqrad \u015f\u0259h\u0259rind\u0259 Davorin Jenko ad\u0131na ke\u00e7iril\u0259n G\u0259nc Piano\u00e7ular\u0131n Beyn\u0259lxalq m\u00fcsabiq\u0259sind\u0259 1-ci yer\u0259 layiq g\u00f6r\u00fclm\u00fc\u015f, Diplom ve medalla t\u0259ltif olunub, 2015-ci ild\u0259 mart- aprel aylar\u0131nda Almaniyan\u0131n Muhlaxer \u015f\u0259h\u0259rind\u0259 ke\u00e7iril\u0259n G\u0259nc Piano\u00e7ular\u0131n Beyn\u0259lxalq m\u00fcsabiq\u0259sind\u0259 2-ci yer\u0259 layiq g\u00f6r\u00fcl\u00fcb, diplomla t\u0259ltif olunub, 2015-ci il iyunun 1-d\u0259 Az\u0259rbaycan Respublikas\u0131n\u0131n Ail\u0259, Qad\u0131n v\u0259 U\u015faq Probleml\u0259ri \u00fczr\u0259 D\u00f6vl\u0259t Komit\u0259si t\u0259r\u0259find\u0259n Az\u0259rbaycan\u0131n G\u0259l\u0259c\u0259yi m\u00fckafat\u0131na layiq g\u00f6r\u00fcl\u0259r\u0259k diplomla t\u0259ltif olunub, G\u0259nc istedadlar m\u0259rk\u0259zinin \u00fczv\u00fcd\u00fcr.<\/p>\n<p><a href=\"http:\/\/belediyye.az\/resulzade\/wp-content\/uploads\/2017\/01\/15156884_1941830242718688_6593802799439700520_o.jpg\"><img loading=\"lazy\" decoding=\"async\" class=\"alignright size-full wp-image-1430\" alt=\"15156884_1941830242718688_6593802799439700520_o\" src=\"http:\/\/belediyye.az\/resulzade\/wp-content\/uploads\/2017\/01\/15156884_1941830242718688_6593802799439700520_o.jpg\" width=\"2048\" height=\"1151\" srcset=\"http:\/\/belediyye.az\/resulzade\/wp-content\/uploads\/2017\/01\/15156884_1941830242718688_6593802799439700520_o.jpg 2048w, http:\/\/belediyye.az\/resulzade\/wp-content\/uploads\/2017\/01\/15156884_1941830242718688_6593802799439700520_o-300x168.jpg 300w, http:\/\/belediyye.az\/resulzade\/wp-content\/uploads\/2017\/01\/15156884_1941830242718688_6593802799439700520_o-1024x575.jpg 1024w, http:\/\/belediyye.az\/resulzade\/wp-content\/uploads\/2017\/01\/15156884_1941830242718688_6593802799439700520_o-97x55.jpg 97w\" sizes=\"auto, (max-width: 2048px) 100vw, 2048px\" \/><\/a><\/p>\n<div id=\"js_r54\" data-ft=\"{&quot;tn&quot;:&quot;K&quot;}\"><\/div>\n<div><a href=\"http:\/\/belediyye.az\/resulzade\/wp-content\/uploads\/2017\/01\/15156866_1941830612718651_5376219959554685037_o.jpg\"><img loading=\"lazy\" decoding=\"async\" class=\"alignright size-full wp-image-1429\" alt=\"15156866_1941830612718651_5376219959554685037_o\" src=\"http:\/\/belediyye.az\/resulzade\/wp-content\/uploads\/2017\/01\/15156866_1941830612718651_5376219959554685037_o.jpg\" width=\"2048\" height=\"1444\" srcset=\"http:\/\/belediyye.az\/resulzade\/wp-content\/uploads\/2017\/01\/15156866_1941830612718651_5376219959554685037_o.jpg 2048w, http:\/\/belediyye.az\/resulzade\/wp-content\/uploads\/2017\/01\/15156866_1941830612718651_5376219959554685037_o-300x211.jpg 300w, http:\/\/belediyye.az\/resulzade\/wp-content\/uploads\/2017\/01\/15156866_1941830612718651_5376219959554685037_o-1024x722.jpg 1024w, http:\/\/belediyye.az\/resulzade\/wp-content\/uploads\/2017\/01\/15156866_1941830612718651_5376219959554685037_o-78x55.jpg 78w\" sizes=\"auto, (max-width: 2048px) 100vw, 2048px\" \/><\/a> <a href=\"http:\/\/belediyye.az\/resulzade\/wp-content\/uploads\/2017\/01\/15068946_1941830839385295_807537649771798712_o.jpg\"><img loading=\"lazy\" decoding=\"async\" class=\"alignright size-full wp-image-1428\" alt=\"15068946_1941830839385295_807537649771798712_o\" src=\"http:\/\/belediyye.az\/resulzade\/wp-content\/uploads\/2017\/01\/15068946_1941830839385295_807537649771798712_o.jpg\" width=\"2048\" height=\"1336\" srcset=\"http:\/\/belediyye.az\/resulzade\/wp-content\/uploads\/2017\/01\/15068946_1941830839385295_807537649771798712_o.jpg 2048w, http:\/\/belediyye.az\/resulzade\/wp-content\/uploads\/2017\/01\/15068946_1941830839385295_807537649771798712_o-300x195.jpg 300w, http:\/\/belediyye.az\/resulzade\/wp-content\/uploads\/2017\/01\/15068946_1941830839385295_807537649771798712_o-1024x668.jpg 1024w, http:\/\/belediyye.az\/resulzade\/wp-content\/uploads\/2017\/01\/15068946_1941830839385295_807537649771798712_o-84x55.jpg 84w\" sizes=\"auto, (max-width: 2048px) 100vw, 2048px\" \/><\/a> <a href=\"http:\/\/belediyye.az\/resulzade\/wp-content\/uploads\/2017\/01\/15194381_1941830449385334_1382056087342741213_o.jpg\"><img loading=\"lazy\" decoding=\"async\" class=\"alignright size-full wp-image-1431\" alt=\"15194381_1941830449385334_1382056087342741213_o\" src=\"http:\/\/belediyye.az\/resulzade\/wp-content\/uploads\/2017\/01\/15194381_1941830449385334_1382056087342741213_o.jpg\" width=\"2048\" height=\"1372\" srcset=\"http:\/\/belediyye.az\/resulzade\/wp-content\/uploads\/2017\/01\/15194381_1941830449385334_1382056087342741213_o.jpg 2048w, http:\/\/belediyye.az\/resulzade\/wp-content\/uploads\/2017\/01\/15194381_1941830449385334_1382056087342741213_o-300x200.jpg 300w, http:\/\/belediyye.az\/resulzade\/wp-content\/uploads\/2017\/01\/15194381_1941830449385334_1382056087342741213_o-1024x686.jpg 1024w, http:\/\/belediyye.az\/resulzade\/wp-content\/uploads\/2017\/01\/15194381_1941830449385334_1382056087342741213_o-82x55.jpg 82w, http:\/\/belediyye.az\/resulzade\/wp-content\/uploads\/2017\/01\/15194381_1941830449385334_1382056087342741213_o-120x80.jpg 120w\" sizes=\"auto, (max-width: 2048px) 100vw, 2048px\" \/><\/a><\/div>\n","protected":false},"excerpt":{"rendered":"<p>M.\u018f.R\u0259sulzad\u0259 b\u0259l\u0259diyy\u0259si \u201cictimai-humanitar\u201d sektorun t\u0259\u015fkilat\u00e7\u0131l\u0131\u011f\u0131 il\u0259 \u201cG\u0259nc istedadlar\u0131m\u0131z\u0131 tan\u0131yaq\u201d adl\u0131 layih\u0259nin davam\u0131 olaraq, n\u00f6vb\u0259ti istedadl\u0131 q\u0259s\u0259b\u0259 g\u0259ncimiz olan H\u0259\u015fimov H\u0259\u015fim Emil o\u011flunun evind\u0259 g\u00f6r\u00fc\u015f ke\u00e7irildi. G\u00f6r\u00fc\u015fd\u0259 b\u0259l\u0259diyy\u0259 s\u0259dri H\u00fcmb\u0259t H\u00fcseynov, 143 sayl\u0131 m\u0259kt\u0259bin direktoru Elmar H\u0259\u015fimov v\u0259 b\u0259l\u0259diyy\u0259 \u00fczvl\u0259ri i\u015ftirak etdi. H\u00fcmb\u0259t H\u00fcseynov d\u00f6vl\u0259tin h\u0259yata ke\u00e7irdiyi g\u0259ncl\u0259r siyas\u0259tind\u0259 g\u0259ncl\u0259rin \u00f6z bilik v\u0259 bacar\u0131qlar\u0131n\u0131n, t\u0259bii potensial\u0131n\u0131n [&hellip;]<\/p>\n","protected":false},"author":1,"featured_media":0,"comment_status":"closed","ping_status":"closed","sticky":false,"template":"","format":"standard","meta":{"footnotes":""},"categories":[5,1,8,4],"tags":[],"class_list":["post-1427","post","type-post","status-publish","format-standard","hentry","category-xeberler","category-fealiyyetlerimiz","category-hesabat","category-gorulen-ishler"],"_links":{"self":[{"href":"http:\/\/belediyye.az\/resulzade\/wp-json\/wp\/v2\/posts\/1427","targetHints":{"allow":["GET"]}}],"collection":[{"href":"http:\/\/belediyye.az\/resulzade\/wp-json\/wp\/v2\/posts"}],"about":[{"href":"http:\/\/belediyye.az\/resulzade\/wp-json\/wp\/v2\/types\/post"}],"author":[{"embeddable":true,"href":"http:\/\/belediyye.az\/resulzade\/wp-json\/wp\/v2\/users\/1"}],"replies":[{"embeddable":true,"href":"http:\/\/belediyye.az\/resulzade\/wp-json\/wp\/v2\/comments?post=1427"}],"version-history":[{"count":7,"href":"http:\/\/belediyye.az\/resulzade\/wp-json\/wp\/v2\/posts\/1427\/revisions"}],"predecessor-version":[{"id":1438,"href":"http:\/\/belediyye.az\/resulzade\/wp-json\/wp\/v2\/posts\/1427\/revisions\/1438"}],"wp:attachment":[{"href":"http:\/\/belediyye.az\/resulzade\/wp-json\/wp\/v2\/media?parent=1427"}],"wp:term":[{"taxonomy":"category","embeddable":true,"href":"http:\/\/belediyye.az\/resulzade\/wp-json\/wp\/v2\/categories?post=1427"},{"taxonomy":"post_tag","embeddable":true,"href":"http:\/\/belediyye.az\/resulzade\/wp-json\/wp\/v2\/tags?post=1427"}],"curies":[{"name":"wp","href":"https:\/\/api.w.org\/{rel}","templated":true}]}}