{"id":1419,"date":"2016-11-15T14:40:29","date_gmt":"2016-11-15T10:40:29","guid":{"rendered":"http:\/\/belediyye.az\/resulzade\/?p=1419"},"modified":"2017-01-17T15:04:16","modified_gmt":"2017-01-17T11:04:16","slug":"b%c9%99l%c9%99diyy%c9%99l%c9%99rin-maliyy%c9%99-v%c9%99-iqtisadi-potensialinin-gucl%c9%99ndirilm%c9%99si-perspektivl%c9%99ri-movzusunda-konfrans-kecirildi","status":"publish","type":"post","link":"http:\/\/belediyye.az\/resulzade\/b%c9%99l%c9%99diyy%c9%99l%c9%99rin-maliyy%c9%99-v%c9%99-iqtisadi-potensialinin-gucl%c9%99ndirilm%c9%99si-perspektivl%c9%99ri-movzusunda-konfrans-kecirildi\/","title":{"rendered":"\u201cB\u0259l\u0259diyy\u0259l\u0259rin maliyy\u0259 v\u0259 iqtisadi potensial\u0131n\u0131n g\u00fccl\u0259ndirilm\u0259si perspektivl\u0259ri\u201d m\u00f6vzusunda konfrans ke\u00e7irildi"},"content":{"rendered":"<div id=\"js_1a\" data-ft=\"{&quot;tn&quot;:&quot;K&quot;}\">\n<div id=\"js_1a\" data-ft=\"{&quot;tn&quot;:&quot;K&quot;}\">\n<p>Noyabr\u0131n 14-15-d\u0259 \u015e\u0259mkird\u0259 Heyd\u0259r \u018fliyev M\u0259rk\u0259zind\u0259 Milli M\u0259clisin regional m\u0259s\u0259l\u0259l\u0259r komit\u0259si, \u015e\u0259h\u0259r, Q\u0259s\u0259b\u0259 v\u0259 K\u0259nd B\u0259l\u0259diyy\u0259l\u0259rinin Milli Assosiasiyalar\u0131 v\u0259 \u015e\u0259mkir Rayon \u0130cra Hakimiyy\u0259tinin t\u0259\u015fkilat\u00e7\u0131l\u0131\u011f\u0131 il\u0259 \u201cB\u0259l\u0259diyy\u0259l\u0259rin maliyy\u0259 v\u0259 iqtisadi potensial\u0131n\u0131n g\u00fccl\u0259ndirilm\u0259si perspektivl\u0259ri\u201d m\u00f6vzusunda konfrans ke\u00e7irilib.<br \/>\nKonfransda Milli M\u0259clisin Regional m\u0259s\u0259l\u0259l\u0259r komit\u0259sinin s\u0259dri Arif R\u0259himzad\u0259, Milli M\u0259clisin Regional m\u0259s\u0259l\u0259l\u0259r komit\u0259sinin \u00fczvl\u0259ri, \u015e\u0259mkir Rayon \u0130cra Hakimiyy\u0259tinin ba\u015f\u00e7\u0131s\u0131 Alimpa\u015fa M\u0259mm\u0259dov, \u015e\u0259mkir Rayon \u0130cra Hakimiyy\u0259tinin, Vergil\u0259r Nazirliyinin, Maliyy\u0259 Nazirliyinin, \u018fdliyy\u0259 Nazirliyinin \u0259m\u0259kda\u015flar\u0131, Az\u0259rbaycan \u015e\u0259h\u0259r v\u0259 Q\u0259s\u0259b\u0259 B\u0259l\u0259diyy\u0259l\u0259rinin Milli Assosiasiyalar\u0131n\u0131n s\u0259drl\u0259ri, Bak\u0131 \u015f\u0259h\u0259ri b\u0259l\u0259diyy\u0259l\u0259rinin, \u015e\u0259mkir b\u0259l\u0259diyy\u0259sinin v\u0259 \u0259traf rayonlar\u0131n b\u0259l\u0259diyy\u0259 s\u0259drl\u0259ri v\u0259 K\u00fctl\u0259vi \u0130nformasiya Vasit\u0259l\u0259rinin n\u00fcmay\u0259nd\u0259l\u0259ri i\u015ftirak edibl\u0259r.<br \/>\nMilli M\u0259clisin Regional m\u0259s\u0259l\u0259l\u0259r komit\u0259sinin s\u0259dri Arif R\u0259himzad\u0259 \u00e7\u0131x\u0131\u015f ed\u0259r\u0259k, b\u0259l\u0259diyy\u0259l\u0259rl\u0259 ba\u011fl\u0131 qanunvericilikd\u0259n, b\u0259l\u0259diyy\u0259l\u0259rin f\u0259aliyy\u0259tinin \u0259laq\u0259l\u0259ndirilm\u0259si, yerli \u00f6z\u00fcn\u00fcidar\u0259etm\u0259nin inki\u015faf\u0131, v\u0259t\u0259nda\u015f c\u0259miyy\u0259tinin qurulmas\u0131 zaman\u0131 demokratik prinsipl\u0259rin t\u0259tbiqind\u0259 b\u0259l\u0259diyy\u0259l\u0259rin rolunun art\u0131r\u0131lmas\u0131 m\u0259s\u0259l\u0259l\u0259rind\u0259n dan\u0131\u015f\u0131b, t\u00f6vsiy\u0259l\u0259rini bildirib. Qeyd olunub ki, yerli idar\u0259etm\u0259d\u0259, regional \u0259h\u0259miyy\u0259tli iqtisadiyyat sah\u0259l\u0259rinin inki\u015faf\u0131nda, sosial-iqtisadi m\u0259s\u0259l\u0259l\u0259rin h\u0259llind\u0259 b\u0259l\u0259diyy\u0259l\u0259rin rolu art\u0131r v\u0259 bu qurumlar\u0131n maliyy\u0259 potensial\u0131n\u0131n g\u00fccl\u0259ndirilm\u0259si vacib m\u0259s\u0259l\u0259l\u0259rd\u0259n biridir.<br \/>\nAz\u0259rbaycan Q\u0259s\u0259b\u0259 B\u0259l\u0259diyy\u0259l\u0259rinin Milli Assosiasiyas\u0131n\u0131n s\u0259dri v\u0259 Bin\u0259q\u0259di rayon M.\u018f.R\u0259sulzad\u0259 b\u0259l\u0259diyy\u0259sinin s\u0259dri H\u00fcmb\u0259t H\u00fcseynov \u201cB\u0259l\u0259diyy\u0259l\u0259rin maliyy\u0259 v\u0259 iqtisadi potensial\u0131n\u0131n g\u00fccl\u0259ndirilm\u0259si perspektivl\u0259ri\u201d m\u00f6vzusunda ke\u00e7iril\u0259n konfrasda \u015e\u0259mkir Rayon \u0130cra Hakimiyy\u0259tinin, Milli M\u0259clisin, Vergil\u0259r Nazirliyinin, Maliyy\u0259 Nazirliyinin v\u0259 \u018fdliyy\u0259 Nazirliyinin n\u00fcmay\u0259nd\u0259l\u0259rinin i\u015ftirak\u0131n\u0131n Az\u0259rbaycanda yerli \u00f6z\u00fcn\u00fcidar\u0259etm\u0259nin inki\u015faf\u0131na d\u00f6vl\u0259tin g\u00f6st\u0259rdiyi qay\u011f\u0131 v\u0259 d\u0259st\u0259yi bir daha t\u0259c\u0259ss\u00fcm etdirdiyini vur\u011fulad\u0131.<br \/>\nH\u00fcmb\u0259t H\u00fcseynov son ill\u0259rd\u0259 \u00f6lk\u0259d\u0259 yerli \u00f6z\u00fcn\u00fcidar\u0259etm\u0259nin t\u0259kmill\u0259\u015fdirilm\u0259si v\u0259 daha s\u0259m\u0259r\u0259li h\u0259yata ke\u00e7irilm\u0259si istiqam\u0259tind\u0259 bir s\u0131ra qanunlar\u0131n q\u0259bul olunmas\u0131nda v\u0259 b\u0259zi normativ h\u00fcquqi aktlara \u0259lav\u0259 v\u0259 d\u0259yi\u015fiklikl\u0259rin edilm\u0259sind\u0259 Milli Assosiasiyalar\u0131n da rolundan dan\u0131\u015fd\u0131.<br \/>\nSonra natiq Milli M\u0259clisin Regional m\u0259s\u0259l\u0259l\u0259r komit\u0259sinin bu sah\u0259d\u0259 Milli Assosiasiyalarla \u0259m\u0259kda\u015fl\u0131\u011fa daim diqq\u0259t ay\u0131rd\u0131\u011f\u0131n\u0131 v\u0259 komit\u0259d\u0259 b\u0259l\u0259diyy\u0259l\u0259rin f\u0259aliyy\u0259tinin t\u0259kmill\u0259\u015fdirilm\u0259sin\u0259 dair yarad\u0131lm\u0131\u015f i\u015f\u00e7i qrupun i\u015find\u0259 Milli Assosiasiyalar\u0131n n\u00fcmay\u0259nd\u0259l\u0259rinin, b\u0259l\u0259diyy\u0259 s\u0259drl\u0259rinin i\u015ftirak\u0131na v\u0259 birg\u0259 m\u00fczakir\u0259l\u0259rin apar\u0131lmas\u0131na \u015f\u0259rait yarad\u0131ld\u0131\u011f\u0131n\u0131 bildirdi.<br \/>\nM\u0259ruz\u0259\u00e7i \u00e7\u0131x\u0131\u015f\u0131nda b\u0259l\u0259diyy\u0259 b\u00fcdc\u0259l\u0259rinin \u0259sas g\u0259lir m\u0259nb\u0259yinin yerli vergi v\u0259 \u00f6d\u0259ni\u015fl\u0259rd\u0259n daxil olan v\u0259saitl\u0259rd\u0259n t\u0259\u015fkil olunmas\u0131n\u0131, b\u0259l\u0259diyy\u0259nin maliyy\u0259sinin onun f\u0259aliyy\u0259tinin \u0259sas m\u0259nb\u0259yi olmas\u0131n\u0131 v\u0259 iri h\u0259cmli sosial layih\u0259l\u0259rin realla\u015fmas\u0131nda b\u0259l\u0259diyy\u0259l\u0259rd\u0259 yet\u0259rli maliyy\u0259 imkanlar\u0131n\u0131n olmad\u0131\u011f\u0131n\u0131, \u0259ks\u0259r b\u0259l\u0259diyy\u0259l\u0259rin m\u00f6vcud b\u00fcdc\u0259l\u0259rinin n\u0259inki layih\u0259l\u0259rin h\u0259yata ke\u00e7irilm\u0259sin\u0259, h\u0259tta cari f\u0259aliyy\u0259tinin t\u0259\u015fkilin\u0259 bel\u0259 \u00e7atmad\u0131\u011f\u0131n\u0131 qeyd ed\u0259r\u0259k, bunun \u0259sas s\u0259b\u0259binin \u0259ks\u0259r b\u0259l\u0259diyy\u0259l\u0259rd\u0259 t\u0259\u015fkilat\u00e7\u0131l\u0131q bacar\u0131\u011f\u0131n\u0131n a\u015fa\u011f\u0131 olmas\u0131 il\u0259 izah etdi.<br \/>\nO qeyd etdi ki, bu g\u00fcn b\u0259l\u0259diyy\u0259l\u0259rin reall\u0131\u011f\u0131na n\u0259z\u0259r salsaq, b\u0259zi b\u0259l\u0259diyy\u0259l\u0259r i\u015f\u00e7il\u0259rin \u0259m\u0259k haqq\u0131n\u0131 aylarla ver\u0259 bilmirl\u0259r, d\u00f6vl\u0259t t\u0259r\u0259find\u0259n veril\u0259n dotasiyan\u0131 is\u0259 \u00f6z maliyy\u0259 borclar\u0131n\u0131n ba\u011flanmas\u0131na s\u0259rf edirl\u0259r, \u00e7\u0131x\u0131\u015f yolunu is\u0259 yaln\u0131z d\u00f6vl\u0259t t\u0259r\u0259find\u0259n onlara \u0259lav\u0259 s\u0259lahiyy\u0259tl\u0259rin verilm\u0259sind\u0259 v\u0259 dotasiyalar\u0131n h\u0259cminin art\u0131r\u0131lmas\u0131nda g\u00f6r\u00fcrl\u0259r. Eyni zamanda bildirdi ki, t\u0259hlill\u0259r g\u00f6st\u0259rir ki, b\u0259l\u0259diyy\u0259l\u0259rin kifay\u0259t q\u0259d\u0259r maliyy\u0259 potensial\u0131 oldu\u011fu halda yerli vergi v\u0259 \u00f6d\u0259ni\u015fl\u0259r tam toplan\u0131lm\u0131r, \u0259ks\u0259r b\u0259l\u0259diyy\u0259l\u0259rd\u0259 bu g\u00fcn\u0259d\u0259k vergi \u00f6d\u0259yicil\u0259ri v\u0259 vergitutma obyektl\u0259ri bar\u0259d\u0259 dol\u011fun m\u0259lumat bazas\u0131 yarad\u0131lmay\u0131b, onlar\u0131n tam u\u00e7otu da apar\u0131lmay\u0131b, m\u0259hz buna g\u00f6r\u0259 bu sah\u0259d\u0259 ciddi d\u00f6n\u00fc\u015f yarad\u0131lmas\u0131na ehtiyac duyulur.<br \/>\nH\u00fcmb\u0259t H\u00fcseynov Milli Assosiasiyalar\u0131n aidiyy\u0259ti d\u00f6vl\u0259t orqanlar\u0131 il\u0259 birg\u0259 vergitutma obyektl\u0259rinin vahid elektron m\u0259lumat bazas\u0131n\u0131n yarad\u0131lmas\u0131n\u0131n vaxt\u0131nda at\u0131lm\u0131\u015f d\u00fczg\u00fcn add\u0131m oldu\u011funu hesab ed\u0259r\u0259k, b\u0259l\u0259diyy\u0259l\u0259rin avtomatla\u015fd\u0131r\u0131lm\u0131\u015f m\u0259lumat sisteminin t\u0259tbiqi i\u015find\u0259 g\u00f6st\u0259ril\u0259n d\u0259st\u0259yin bu prosesin u\u011furla davam etdirilm\u0259sini t\u0259min ed\u0259c\u0259yini v\u0259 b\u0259l\u0259diyy\u0259l\u0259rin maliyy\u0259 imkanlar\u0131n\u0131n \u0259h\u0259miyy\u0259tli d\u0259r\u0259c\u0259d\u0259 artmas\u0131na g\u0259tirib \u00e7\u0131xaraca\u011f\u0131na \u00fcmid etdiyini bildirdi.<br \/>\nSonda Assosiasiya s\u0259dri b\u0259l\u0259diyy\u0259 g\u0259lirl\u0259ri v\u0259 yerli vergil\u0259r sah\u0259sind\u0259 h\u0259yata ke\u00e7iril\u0259n daha bir t\u00f6vsiyy\u0259nin b\u0259l\u0259diyy\u0259y\u0259 m\u0259xsus m\u00fc\u0259ssis\u0259l\u0259rin v\u0259 xidm\u0259t sah\u0259l\u0259rinin yarad\u0131lmas\u0131 v\u0259 inki\u015faf etdirilm\u0259sind\u0259n, iqtisadi potensial\u0131n dayan\u0131ql\u0131 maliyy\u0259 m\u0259nb\u0259l\u0259ri \u00fcz\u0259rind\u0259 qurulmas\u0131ndan ibar\u0259t oldu\u011funu bildirdi.<br \/>\nKonfransda t\u0259qdim olunan video\u00e7arxdan b\u0259hs ed\u0259r\u0259k, Bin\u0259q\u0259di v\u0259 \u015e\u0259mkir rayonlar\u0131n\u0131n b\u0259l\u0259diyy\u0259l\u0259ri aras\u0131nda art\u0131q iqtisadi anla\u015fman\u0131n oldu\u011funu v\u0259 bu t\u0259cr\u00fcb\u0259d\u0259n istifad\u0259 ed\u0259r\u0259k dig\u0259r b\u0259l\u0259diyy\u0259l\u0259rl\u0259 d\u0259 \u0259laq\u0259l\u0259rin qurulmas\u0131na nail olmaq \u00fc\u00e7\u00fcn b\u00fct\u00fcn \u015f\u0259raitin m\u00f6vcud oldu\u011funu diqq\u0259t\u0259 \u00e7atd\u0131rd\u0131.<\/p>\n<p>&nbsp;<\/p>\n<\/div>\n<div>\u00a0<a href=\"http:\/\/belediyye.az\/resulzade\/wp-content\/uploads\/2017\/01\/15027654_1940080336227012_3115834703340559937_n.jpg\"><img loading=\"lazy\" decoding=\"async\" class=\"alignright size-full wp-image-1421\" alt=\"15027654_1940080336227012_3115834703340559937_n\" src=\"http:\/\/belediyye.az\/resulzade\/wp-content\/uploads\/2017\/01\/15027654_1940080336227012_3115834703340559937_n.jpg\" width=\"665\" height=\"444\" srcset=\"http:\/\/belediyye.az\/resulzade\/wp-content\/uploads\/2017\/01\/15027654_1940080336227012_3115834703340559937_n.jpg 665w, http:\/\/belediyye.az\/resulzade\/wp-content\/uploads\/2017\/01\/15027654_1940080336227012_3115834703340559937_n-300x200.jpg 300w, http:\/\/belediyye.az\/resulzade\/wp-content\/uploads\/2017\/01\/15027654_1940080336227012_3115834703340559937_n-82x55.jpg 82w, http:\/\/belediyye.az\/resulzade\/wp-content\/uploads\/2017\/01\/15027654_1940080336227012_3115834703340559937_n-120x80.jpg 120w\" sizes=\"auto, (max-width: 665px) 100vw, 665px\" \/><\/a><\/div>\n<div><\/div>\n<div><a href=\"http:\/\/belediyye.az\/resulzade\/wp-content\/uploads\/2017\/01\/15027497_1940080276227018_7123371364429917936_n.jpg\"><img loading=\"lazy\" decoding=\"async\" class=\"alignright size-full wp-image-1420\" alt=\"15027497_1940080276227018_7123371364429917936_n\" src=\"http:\/\/belediyye.az\/resulzade\/wp-content\/uploads\/2017\/01\/15027497_1940080276227018_7123371364429917936_n.jpg\" width=\"665\" height=\"444\" srcset=\"http:\/\/belediyye.az\/resulzade\/wp-content\/uploads\/2017\/01\/15027497_1940080276227018_7123371364429917936_n.jpg 665w, http:\/\/belediyye.az\/resulzade\/wp-content\/uploads\/2017\/01\/15027497_1940080276227018_7123371364429917936_n-300x200.jpg 300w, http:\/\/belediyye.az\/resulzade\/wp-content\/uploads\/2017\/01\/15027497_1940080276227018_7123371364429917936_n-82x55.jpg 82w, http:\/\/belediyye.az\/resulzade\/wp-content\/uploads\/2017\/01\/15027497_1940080276227018_7123371364429917936_n-120x80.jpg 120w\" sizes=\"auto, (max-width: 665px) 100vw, 665px\" \/><\/a> <a href=\"http:\/\/belediyye.az\/resulzade\/wp-content\/uploads\/2017\/01\/15056271_1940080382893674_5777323156852730656_n.jpg\"><img loading=\"lazy\" decoding=\"async\" class=\"alignright size-full wp-image-1422\" alt=\"15056271_1940080382893674_5777323156852730656_n\" src=\"http:\/\/belediyye.az\/resulzade\/wp-content\/uploads\/2017\/01\/15056271_1940080382893674_5777323156852730656_n.jpg\" width=\"821\" height=\"662\" srcset=\"http:\/\/belediyye.az\/resulzade\/wp-content\/uploads\/2017\/01\/15056271_1940080382893674_5777323156852730656_n.jpg 821w, http:\/\/belediyye.az\/resulzade\/wp-content\/uploads\/2017\/01\/15056271_1940080382893674_5777323156852730656_n-300x241.jpg 300w, http:\/\/belediyye.az\/resulzade\/wp-content\/uploads\/2017\/01\/15056271_1940080382893674_5777323156852730656_n-68x55.jpg 68w\" sizes=\"auto, (max-width: 821px) 100vw, 821px\" \/><\/a><\/div>\n<\/div>\n","protected":false},"excerpt":{"rendered":"<p>Noyabr\u0131n 14-15-d\u0259 \u015e\u0259mkird\u0259 Heyd\u0259r \u018fliyev M\u0259rk\u0259zind\u0259 Milli M\u0259clisin regional m\u0259s\u0259l\u0259l\u0259r komit\u0259si, \u015e\u0259h\u0259r, Q\u0259s\u0259b\u0259 v\u0259 K\u0259nd B\u0259l\u0259diyy\u0259l\u0259rinin Milli Assosiasiyalar\u0131 v\u0259 \u015e\u0259mkir Rayon \u0130cra Hakimiyy\u0259tinin t\u0259\u015fkilat\u00e7\u0131l\u0131\u011f\u0131 il\u0259 \u201cB\u0259l\u0259diyy\u0259l\u0259rin maliyy\u0259 v\u0259 iqtisadi potensial\u0131n\u0131n g\u00fccl\u0259ndirilm\u0259si perspektivl\u0259ri\u201d m\u00f6vzusunda konfrans ke\u00e7irilib. Konfransda Milli M\u0259clisin Regional m\u0259s\u0259l\u0259l\u0259r komit\u0259sinin s\u0259dri Arif R\u0259himzad\u0259, Milli M\u0259clisin Regional m\u0259s\u0259l\u0259l\u0259r komit\u0259sinin \u00fczvl\u0259ri, \u015e\u0259mkir Rayon \u0130cra Hakimiyy\u0259tinin ba\u015f\u00e7\u0131s\u0131 [&hellip;]<\/p>\n","protected":false},"author":1,"featured_media":0,"comment_status":"closed","ping_status":"closed","sticky":false,"template":"","format":"standard","meta":{"footnotes":""},"categories":[5,1,8,4],"tags":[],"class_list":["post-1419","post","type-post","status-publish","format-standard","hentry","category-xeberler","category-fealiyyetlerimiz","category-hesabat","category-gorulen-ishler"],"_links":{"self":[{"href":"http:\/\/belediyye.az\/resulzade\/wp-json\/wp\/v2\/posts\/1419","targetHints":{"allow":["GET"]}}],"collection":[{"href":"http:\/\/belediyye.az\/resulzade\/wp-json\/wp\/v2\/posts"}],"about":[{"href":"http:\/\/belediyye.az\/resulzade\/wp-json\/wp\/v2\/types\/post"}],"author":[{"embeddable":true,"href":"http:\/\/belediyye.az\/resulzade\/wp-json\/wp\/v2\/users\/1"}],"replies":[{"embeddable":true,"href":"http:\/\/belediyye.az\/resulzade\/wp-json\/wp\/v2\/comments?post=1419"}],"version-history":[{"count":4,"href":"http:\/\/belediyye.az\/resulzade\/wp-json\/wp\/v2\/posts\/1419\/revisions"}],"predecessor-version":[{"id":1426,"href":"http:\/\/belediyye.az\/resulzade\/wp-json\/wp\/v2\/posts\/1419\/revisions\/1426"}],"wp:attachment":[{"href":"http:\/\/belediyye.az\/resulzade\/wp-json\/wp\/v2\/media?parent=1419"}],"wp:term":[{"taxonomy":"category","embeddable":true,"href":"http:\/\/belediyye.az\/resulzade\/wp-json\/wp\/v2\/categories?post=1419"},{"taxonomy":"post_tag","embeddable":true,"href":"http:\/\/belediyye.az\/resulzade\/wp-json\/wp\/v2\/tags?post=1419"}],"curies":[{"name":"wp","href":"https:\/\/api.w.org\/{rel}","templated":true}]}}