{"id":1333,"date":"2016-10-21T15:31:07","date_gmt":"2016-10-21T11:31:07","guid":{"rendered":"http:\/\/belediyye.az\/resulzade\/?p=1333"},"modified":"2016-12-09T15:48:53","modified_gmt":"2016-12-09T11:48:53","slug":"az%c9%99rbaycan-numay%c9%99nd%c9%99-hey%c9%99ti-avropa-surasinin-yerli-v%c9%99-regional-hakimiyy%c9%99tl%c9%99r-konqresinin-31-ci-sessiyasinda-istirak-etmisdir","status":"publish","type":"post","link":"http:\/\/belediyye.az\/resulzade\/az%c9%99rbaycan-numay%c9%99nd%c9%99-hey%c9%99ti-avropa-surasinin-yerli-v%c9%99-regional-hakimiyy%c9%99tl%c9%99r-konqresinin-31-ci-sessiyasinda-istirak-etmisdir\/","title":{"rendered":"Az\u0259rbaycan n\u00fcmay\u0259nd\u0259 hey\u0259ti Avropa \u015euras\u0131n\u0131n Yerli v\u0259 Regional Hakimiyy\u0259tl\u0259r Konqresinin 31-ci sessiyas\u0131nda i\u015ftirak etmi\u015fdir"},"content":{"rendered":"<p><a href=\"http:\/\/belediyye.az\/resulzade\/wp-content\/uploads\/2016\/12\/14856055_1931250723776640_6753876491172602410_o.jpg\"><img loading=\"lazy\" decoding=\"async\" class=\"alignright size-full wp-image-1335\" alt=\"14856055_1931250723776640_6753876491172602410_o\" src=\"http:\/\/belediyye.az\/resulzade\/wp-content\/uploads\/2016\/12\/14856055_1931250723776640_6753876491172602410_o.jpg\" width=\"1280\" height=\"960\" srcset=\"http:\/\/belediyye.az\/resulzade\/wp-content\/uploads\/2016\/12\/14856055_1931250723776640_6753876491172602410_o.jpg 1280w, http:\/\/belediyye.az\/resulzade\/wp-content\/uploads\/2016\/12\/14856055_1931250723776640_6753876491172602410_o-300x225.jpg 300w, http:\/\/belediyye.az\/resulzade\/wp-content\/uploads\/2016\/12\/14856055_1931250723776640_6753876491172602410_o-1024x768.jpg 1024w, http:\/\/belediyye.az\/resulzade\/wp-content\/uploads\/2016\/12\/14856055_1931250723776640_6753876491172602410_o-73x55.jpg 73w, http:\/\/belediyye.az\/resulzade\/wp-content\/uploads\/2016\/12\/14856055_1931250723776640_6753876491172602410_o-75x55.jpg 75w, http:\/\/belediyye.az\/resulzade\/wp-content\/uploads\/2016\/12\/14856055_1931250723776640_6753876491172602410_o-60x45.jpg 60w\" sizes=\"auto, (max-width: 1280px) 100vw, 1280px\" \/><\/a>Oktyabr\u0131n 19-21-d\u0259 Strasburqda Avropa \u015euras\u0131 Yerli v\u0259 Regional Hakimiyy\u0259tl\u0259r Konqresinin \u201cYerli v\u0259 regional s\u0259viyy\u0259l\u0259rd\u0259 etik standartlar v\u0259 \u015f\u0259ffafl\u0131q\u201d m\u00f6vzusuna h\u0259sr edilmi\u015f 31-ci plenar sessiyas\u0131 ke\u00e7irilmi\u015fdir. Bu bar\u0259d\u0259 Konqresin plenar iclas\u0131nda i\u015ftirak ed\u0259n Az\u0259rbaycan\u0131n yerli v\u0259 regional hakimiyy\u0259t orqanlar\u0131n\u0131 t\u0259msil ed\u0259n milli n\u00fcmay\u0259nd\u0259 hey\u0259tinin \u00fczv\u00fc, Az\u0259rbaycan Q\u0259s\u0259b\u0259 B\u0259l\u0259diyy\u0259l\u0259rinin Milli Assosiasiyas\u0131n\u0131n s\u0259dri, M.\u018f. R\u0259sulzad\u0259 b\u0259l\u0259diyy\u0259sinin s\u0259dri H\u00fcmb\u0259t H\u00fcseynov m\u0259lumat vermi\u015fdir.<\/p>\n<p>H\u00fcmb\u0259t H\u00fcseynov bildirdi ki, sessiya \u00f6z i\u015fin\u0259 ba\u015flamazdan \u00f6nc\u0259 ilk olaraq 18 oktyabr tarixind\u0259 Avropa \u015euras\u0131nda t\u0259msil olunan partiyalar\u0131n g\u00f6r\u00fc\u015f\u00fc ke\u00e7irilmi\u015fdir. Az\u0259rbaycan n\u00fcmay\u0259nd\u0259 hey\u0259tinin \u00fczvl\u0259ri aid olduqlar\u0131 m\u00fcvafiq partiyalar\u0131n iclaslar\u0131nda i\u015ftirak etmi\u015fl\u0259r. 31-ci sessiyas\u0131n\u0131n 1-ci g\u00fcn\u00fcnd\u0259, 19 oktyabr tarixind\u0259 s\u00f6z\u00fcged\u0259n t\u0259dbirin plenar iclas\u0131 ba\u015f tutmu\u015fdur. Qeyd olunan iclas zaman\u0131 <em>Avropa \u015euras\u0131n\u0131n<\/em> ba\u015f katibi <em>Turbyorn Yaqland<\/em> b\u0259yanatla \u00e7\u0131x\u0131\u015f etmi\u015f v\u0259 bundan sonra ona \u00fcnvanlanan suallara cavab vermi\u015fdir. \u00a0H\u00fcmb\u0259t H\u00fcseynov Konqresin 31-ci plenar sessiyas\u0131nda yerli v\u0259 regional s\u0259viyy\u0259l\u0259rd\u0259 Avropa \u015euras\u0131n\u0131n \u00fczv \u00f6lk\u0259l\u0259ri t\u0259r\u0259find\u0259n demokratiyaya dair s\u0259n\u0259dl\u0259r q\u0259bul olundu\u011funu, h\u0259m\u00e7inin Konqresin prezidenti, idar\u0259 hey\u0259ti v\u0259 komit\u0259l\u0259rin se\u00e7kil\u0259rinin ba\u015f tutdu\u011funu bildirmi\u015fdir. Konqresin tarixind\u0259 ilk d\u0259f\u0259 prezident qad\u0131n Qudrun Mosler-Ternstrem se\u00e7ilmi\u015fdir. O \u00f6z \u00e7\u0131x\u0131\u015f\u0131nda Konqresin gedi\u015find\u0259 demokratiyan\u0131n m\u00f6hk\u0259ml\u0259ndirilm\u0259si, insan h\u00fcquq v\u0259 azadl\u0131qlar\u0131n\u0131n yerli v\u0259 regional s\u0259viyy\u0259d\u0259 rolunu x\u00fcsusi vur\u011fulam\u0131\u015fd\u0131r.<\/p>\n<p>B\u0259l\u0259diyy\u0259 s\u0259dri sonda qeyd etdi ki, Konqresd\u0259 yerli v\u0259 regional s\u0259viyy\u0259l\u0259rd\u0259 \u00a0etik standartlar v\u0259 korrupsiya, radikalizasiya il\u0259 m\u00fcbariz\u0259, h\u0259m\u00e7inin se\u00e7ki kampaniyalar\u0131n\u0131n gedi\u015find\u0259 inzibati resurslardan sui-istifad\u0259 problemi v\u0259 yerli v\u0259 regional se\u00e7ki n\u00fcmay\u0259nd\u0259l\u0259rinin rolu v\u0259 bir s\u0131ra m\u0259s\u0259l\u0259l\u0259r \u0259traf\u0131nda m\u00fczakir\u0259l\u0259r apar\u0131lm\u0131\u015f, eyni zamanda toplant\u0131da Az\u0259rbaycan n\u00fcmay\u0259nd\u0259 hey\u0259tinin \u00fczvl\u0259ri ayr\u0131-ayr\u0131 m\u00f6vzularla ba\u011fl\u0131 m\u00fczakir\u0259l\u0259r\u0259 qat\u0131l\u0131b \u00e7\u0131x\u0131\u015flar etmi\u015fl\u0259r.<\/p>\n<p>\u00c7\u0131x\u0131\u015flar zaman\u0131 Az\u0259rbaycandan olan n\u00fcmay\u0259nd\u0259l\u0259r 15 iyul 2016-c\u0131 il tarixind\u0259 T\u00fcrkiy\u0259d\u0259 u\u011fursuzluqla n\u0259tic\u0259l\u0259n\u0259n \u00e7evrili\u015f\u0259 c\u0259hdd\u0259n sonra d\u00f6vl\u0259tin terrorizm\u0259 qar\u015f\u0131 ba\u015flad\u0131\u011f\u0131 m\u00fcbariz\u0259d\u0259 T\u00fcrkiy\u0259 b\u0259l\u0259diyy\u0259l\u0259rinin \u00f6n s\u0131ralarda olmas\u0131n\u0131, bu m\u00fcbariz\u0259nin T\u00fcrkiy\u0259 hakimiyy\u0259tinin v\u0259 xalq\u0131n\u0131n haqq\u0131 oldu\u011funu v\u0259 Az\u0259rbaycan b\u0259l\u0259diyy\u0259l\u0259rinin d\u0259 T\u00fcrkiy\u0259nin bu haql\u0131 m\u00fcbariz\u0259sind\u0259 onun yan\u0131nda oldu\u011funu bildirmi\u015fdir.<\/p>\n<p><a href=\"http:\/\/belediyye.az\/resulzade\/wp-content\/uploads\/2016\/12\/14884524_1931250353776677_6669485010267391263_o.jpg\"><img loading=\"lazy\" decoding=\"async\" class=\"alignright size-full wp-image-1336\" alt=\"14884524_1931250353776677_6669485010267391263_o\" src=\"http:\/\/belediyye.az\/resulzade\/wp-content\/uploads\/2016\/12\/14884524_1931250353776677_6669485010267391263_o.jpg\" width=\"1175\" height=\"810\" srcset=\"http:\/\/belediyye.az\/resulzade\/wp-content\/uploads\/2016\/12\/14884524_1931250353776677_6669485010267391263_o.jpg 1175w, http:\/\/belediyye.az\/resulzade\/wp-content\/uploads\/2016\/12\/14884524_1931250353776677_6669485010267391263_o-300x206.jpg 300w, http:\/\/belediyye.az\/resulzade\/wp-content\/uploads\/2016\/12\/14884524_1931250353776677_6669485010267391263_o-1024x705.jpg 1024w, http:\/\/belediyye.az\/resulzade\/wp-content\/uploads\/2016\/12\/14884524_1931250353776677_6669485010267391263_o-79x55.jpg 79w\" sizes=\"auto, (max-width: 1175px) 100vw, 1175px\" \/><\/a> <a href=\"http:\/\/belediyye.az\/resulzade\/wp-content\/uploads\/2016\/12\/14657515_1931251073776605_5927511643468272664_n.jpg\"><img loading=\"lazy\" decoding=\"async\" class=\"alignright size-full wp-image-1334\" alt=\"14657515_1931251073776605_5927511643468272664_n\" src=\"http:\/\/belediyye.az\/resulzade\/wp-content\/uploads\/2016\/12\/14657515_1931251073776605_5927511643468272664_n.jpg\" width=\"720\" height=\"960\" srcset=\"http:\/\/belediyye.az\/resulzade\/wp-content\/uploads\/2016\/12\/14657515_1931251073776605_5927511643468272664_n.jpg 720w, http:\/\/belediyye.az\/resulzade\/wp-content\/uploads\/2016\/12\/14657515_1931251073776605_5927511643468272664_n-225x300.jpg 225w, http:\/\/belediyye.az\/resulzade\/wp-content\/uploads\/2016\/12\/14657515_1931251073776605_5927511643468272664_n-41x55.jpg 41w\" sizes=\"auto, (max-width: 720px) 100vw, 720px\" \/><\/a><\/p>\n<p>&nbsp;<\/p>\n<p>&nbsp;<\/p>\n<p>&nbsp;<\/p>\n<p>&nbsp;<\/p>\n<p>&nbsp;<\/p>\n<p>&nbsp;<\/p>\n<p>&nbsp;<\/p>\n<p>&nbsp;<\/p>\n<p>&nbsp;<\/p>\n<p>&nbsp;<\/p>\n<p>&nbsp;<\/p>\n<p>&nbsp;<\/p>\n<p>&nbsp;<\/p>\n<p>&nbsp;<\/p>\n<p>&nbsp;<\/p>\n<p>&nbsp;<\/p>\n<p>&nbsp;<\/p>\n<p>&nbsp;<\/p>\n<p>&nbsp;<\/p>\n<p>&nbsp;<\/p>\n<p>&nbsp;<\/p>\n<p>&nbsp;<\/p>\n<p>&nbsp;<\/p>\n","protected":false},"excerpt":{"rendered":"<p>Oktyabr\u0131n 19-21-d\u0259 Strasburqda Avropa \u015euras\u0131 Yerli v\u0259 Regional Hakimiyy\u0259tl\u0259r Konqresinin \u201cYerli v\u0259 regional s\u0259viyy\u0259l\u0259rd\u0259 etik standartlar v\u0259 \u015f\u0259ffafl\u0131q\u201d m\u00f6vzusuna h\u0259sr edilmi\u015f 31-ci plenar sessiyas\u0131 ke\u00e7irilmi\u015fdir. Bu bar\u0259d\u0259 Konqresin plenar iclas\u0131nda i\u015ftirak ed\u0259n Az\u0259rbaycan\u0131n yerli v\u0259 regional hakimiyy\u0259t orqanlar\u0131n\u0131 t\u0259msil ed\u0259n milli n\u00fcmay\u0259nd\u0259 hey\u0259tinin \u00fczv\u00fc, Az\u0259rbaycan Q\u0259s\u0259b\u0259 B\u0259l\u0259diyy\u0259l\u0259rinin Milli Assosiasiyas\u0131n\u0131n s\u0259dri, M.\u018f. R\u0259sulzad\u0259 b\u0259l\u0259diyy\u0259sinin s\u0259dri H\u00fcmb\u0259t [&hellip;]<\/p>\n","protected":false},"author":1,"featured_media":0,"comment_status":"closed","ping_status":"closed","sticky":false,"template":"","format":"standard","meta":{"footnotes":""},"categories":[5,1,8,4],"tags":[],"class_list":["post-1333","post","type-post","status-publish","format-standard","hentry","category-xeberler","category-fealiyyetlerimiz","category-hesabat","category-gorulen-ishler"],"_links":{"self":[{"href":"http:\/\/belediyye.az\/resulzade\/wp-json\/wp\/v2\/posts\/1333","targetHints":{"allow":["GET"]}}],"collection":[{"href":"http:\/\/belediyye.az\/resulzade\/wp-json\/wp\/v2\/posts"}],"about":[{"href":"http:\/\/belediyye.az\/resulzade\/wp-json\/wp\/v2\/types\/post"}],"author":[{"embeddable":true,"href":"http:\/\/belediyye.az\/resulzade\/wp-json\/wp\/v2\/users\/1"}],"replies":[{"embeddable":true,"href":"http:\/\/belediyye.az\/resulzade\/wp-json\/wp\/v2\/comments?post=1333"}],"version-history":[{"count":6,"href":"http:\/\/belediyye.az\/resulzade\/wp-json\/wp\/v2\/posts\/1333\/revisions"}],"predecessor-version":[{"id":1342,"href":"http:\/\/belediyye.az\/resulzade\/wp-json\/wp\/v2\/posts\/1333\/revisions\/1342"}],"wp:attachment":[{"href":"http:\/\/belediyye.az\/resulzade\/wp-json\/wp\/v2\/media?parent=1333"}],"wp:term":[{"taxonomy":"category","embeddable":true,"href":"http:\/\/belediyye.az\/resulzade\/wp-json\/wp\/v2\/categories?post=1333"},{"taxonomy":"post_tag","embeddable":true,"href":"http:\/\/belediyye.az\/resulzade\/wp-json\/wp\/v2\/tags?post=1333"}],"curies":[{"name":"wp","href":"https:\/\/api.w.org\/{rel}","templated":true}]}}