{"id":1291,"date":"2016-10-01T16:18:06","date_gmt":"2016-10-01T12:18:06","guid":{"rendered":"http:\/\/belediyye.az\/resulzade\/?p=1291"},"modified":"2016-11-02T12:31:59","modified_gmt":"2016-11-02T08:31:59","slug":"ahillar-gunu-il%c9%99-bagli-t%c9%99dbir-kecirildi","status":"publish","type":"post","link":"http:\/\/belediyye.az\/resulzade\/ahillar-gunu-il%c9%99-bagli-t%c9%99dbir-kecirildi\/","title":{"rendered":"\u201cAh\u0131llar g\u00fcn\u00fc\u201d il\u0259 ba\u011fl\u0131 t\u0259dbir ke\u00e7irildi."},"content":{"rendered":"<p>01 oktyabr 2016-c\u0131 il tarixd\u0259 M.\u018f.R\u0259sulzad\u0259 b\u0259l\u0259diyy\u0259sinin \u201c\u0130ctimai-humanitar\u201d sektorunun t\u0259\u015fkilat\u00e7\u0131l\u0131\u011f\u0131 il\u0259 \u201cAh\u0131llar g\u00fcn\u00fc\u201d il\u0259 ba\u011fl\u0131 q\u0259s\u0259b\u0259 sakini H\u0259s\u0259nov Teyyub Novruz o\u011flunun v\u0259 M\u0259mm\u0259dov M\u00fcti \u0130brahimx\u0259lil o\u011flunun evind\u0259 g\u00f6r\u00fc\u015f ke\u00e7irilmi\u015fdir.<br \/>\nG\u00f6r\u00fc\u015fd\u0259 Bin\u0259q\u0259di rayon \u0130cra Hakimiyy\u0259tinin \u0259m\u0259kda\u015flar\u0131,\u00a0M.\u018f.R\u0259sulzad\u0259 b\u0259l\u0259diyy\u0259sinin s\u0259dri H\u00fcmb\u0259t H\u00fcseynov v\u0259 b\u0259l\u0259diyy\u0259 \u00fczvl\u0259ri i\u015ftirak etmi\u015fdir.<br \/>\nM.\u018f.R\u0259sulzad\u0259 b\u0259l\u0259diyy\u0259sinin s\u0259dri H\u00fcmb\u0259t H\u00fcseynov bildirmi\u015fdir ki, \u201cBeyn\u0259lxalq Ah\u0131llar G\u00fcn\u00fc\u201d \u00f6lk\u0259mizd\u0259 1993-c\u00fc ild\u0259n qeyd olunur. Xalq\u0131m\u0131z\u0131n \u00fcmummilli lideri\u00a0Heyd\u0259r \u018fliyev ah\u0131l insanlara, onlar\u0131n probleml\u0259rin\u0259 h\u0259r zaman b\u00f6y\u00fck diqq\u0259t v\u0259 qay\u011f\u0131 il\u0259 yana\u015f\u0131b, 22 iyun 2001-ci il tarixd\u0259 \u201cAh\u0131llara sosial xidm\u0259t haqq\u0131nda\u201d Qanun q\u0259bul olunub. H\u0259min qanuna \u0259sas\u0259n, \u00f6lk\u0259d\u0259 70 ya\u015f\u0131na \u00e7atan Az\u0259rbaycan v\u0259t\u0259nda\u015flar\u0131, habel\u0259 \u00f6lk\u0259mizd\u0259 daimi ya\u015fayan \u0259cn\u0259bi v\u0259 v\u0259t\u0259nda\u015fl\u0131\u011f\u0131 olmayan \u015f\u0259xsl\u0259r ah\u0131l hesab olunur. \u0130lham \u018fliyev Ulu \u00f6nd\u0259rin bu siyas\u0259tini bu g\u00fcnd\u0259 davam etdirir.<br \/>\nH\u0259s\u0259nov Teyyub Novruz o\u011flu g\u00f6st\u0259ril\u0259n diqq\u0259t\u0259 v\u0259 qay\u011f\u0131ya g\u00f6r\u0259 \u00f6z t\u0259\u015f\u0259kk\u00fcr\u00fcn\u00fc bildirmi\u015fdir.<br \/>\nBayram\u0131n\u0131z m\u00fcbar\u0259k, \u0259ziz Ah\u0131llar.<a href=\"http:\/\/belediyye.az\/resulzade\/wp-content\/uploads\/2016\/11\/14446003_1916962365205476_8031846594958633543_n.jpg\"><img loading=\"lazy\" decoding=\"async\" class=\"alignright size-full wp-image-1292\" alt=\"14446003_1916962365205476_8031846594958633543_n\" src=\"http:\/\/belediyye.az\/resulzade\/wp-content\/uploads\/2016\/11\/14446003_1916962365205476_8031846594958633543_n.jpg\" width=\"480\" height=\"360\" srcset=\"http:\/\/belediyye.az\/resulzade\/wp-content\/uploads\/2016\/11\/14446003_1916962365205476_8031846594958633543_n.jpg 480w, http:\/\/belediyye.az\/resulzade\/wp-content\/uploads\/2016\/11\/14446003_1916962365205476_8031846594958633543_n-300x225.jpg 300w, http:\/\/belediyye.az\/resulzade\/wp-content\/uploads\/2016\/11\/14446003_1916962365205476_8031846594958633543_n-73x55.jpg 73w, http:\/\/belediyye.az\/resulzade\/wp-content\/uploads\/2016\/11\/14446003_1916962365205476_8031846594958633543_n-75x55.jpg 75w, http:\/\/belediyye.az\/resulzade\/wp-content\/uploads\/2016\/11\/14446003_1916962365205476_8031846594958633543_n-60x45.jpg 60w\" sizes=\"auto, (max-width: 480px) 100vw, 480px\" \/><\/a> <a href=\"http:\/\/belediyye.az\/resulzade\/wp-content\/uploads\/2016\/11\/14570767_1917920665109646_3036249468731714689_o.jpg\"><img loading=\"lazy\" decoding=\"async\" class=\"alignright size-full wp-image-1295\" alt=\"14570767_1917920665109646_3036249468731714689_o\" src=\"http:\/\/belediyye.az\/resulzade\/wp-content\/uploads\/2016\/11\/14570767_1917920665109646_3036249468731714689_o.jpg\" width=\"2048\" height=\"1365\" srcset=\"http:\/\/belediyye.az\/resulzade\/wp-content\/uploads\/2016\/11\/14570767_1917920665109646_3036249468731714689_o.jpg 2048w, http:\/\/belediyye.az\/resulzade\/wp-content\/uploads\/2016\/11\/14570767_1917920665109646_3036249468731714689_o-300x199.jpg 300w, http:\/\/belediyye.az\/resulzade\/wp-content\/uploads\/2016\/11\/14570767_1917920665109646_3036249468731714689_o-1024x682.jpg 1024w, http:\/\/belediyye.az\/resulzade\/wp-content\/uploads\/2016\/11\/14570767_1917920665109646_3036249468731714689_o-82x55.jpg 82w, http:\/\/belediyye.az\/resulzade\/wp-content\/uploads\/2016\/11\/14570767_1917920665109646_3036249468731714689_o-120x80.jpg 120w\" sizes=\"auto, (max-width: 2048px) 100vw, 2048px\" \/><\/a><\/p>\n","protected":false},"excerpt":{"rendered":"<p>01 oktyabr 2016-c\u0131 il tarixd\u0259 M.\u018f.R\u0259sulzad\u0259 b\u0259l\u0259diyy\u0259sinin \u201c\u0130ctimai-humanitar\u201d sektorunun t\u0259\u015fkilat\u00e7\u0131l\u0131\u011f\u0131 il\u0259 \u201cAh\u0131llar g\u00fcn\u00fc\u201d il\u0259 ba\u011fl\u0131 q\u0259s\u0259b\u0259 sakini H\u0259s\u0259nov Teyyub Novruz o\u011flunun v\u0259 M\u0259mm\u0259dov M\u00fcti \u0130brahimx\u0259lil o\u011flunun evind\u0259 g\u00f6r\u00fc\u015f ke\u00e7irilmi\u015fdir. G\u00f6r\u00fc\u015fd\u0259 Bin\u0259q\u0259di rayon \u0130cra Hakimiyy\u0259tinin \u0259m\u0259kda\u015flar\u0131,\u00a0M.\u018f.R\u0259sulzad\u0259 b\u0259l\u0259diyy\u0259sinin s\u0259dri H\u00fcmb\u0259t H\u00fcseynov v\u0259 b\u0259l\u0259diyy\u0259 \u00fczvl\u0259ri i\u015ftirak etmi\u015fdir. M.\u018f.R\u0259sulzad\u0259 b\u0259l\u0259diyy\u0259sinin s\u0259dri H\u00fcmb\u0259t H\u00fcseynov bildirmi\u015fdir ki, \u201cBeyn\u0259lxalq Ah\u0131llar G\u00fcn\u00fc\u201d \u00f6lk\u0259mizd\u0259 [&hellip;]<\/p>\n","protected":false},"author":1,"featured_media":0,"comment_status":"closed","ping_status":"closed","sticky":false,"template":"","format":"standard","meta":{"footnotes":""},"categories":[5,1,8,4],"tags":[],"class_list":["post-1291","post","type-post","status-publish","format-standard","hentry","category-xeberler","category-fealiyyetlerimiz","category-hesabat","category-gorulen-ishler"],"_links":{"self":[{"href":"http:\/\/belediyye.az\/resulzade\/wp-json\/wp\/v2\/posts\/1291","targetHints":{"allow":["GET"]}}],"collection":[{"href":"http:\/\/belediyye.az\/resulzade\/wp-json\/wp\/v2\/posts"}],"about":[{"href":"http:\/\/belediyye.az\/resulzade\/wp-json\/wp\/v2\/types\/post"}],"author":[{"embeddable":true,"href":"http:\/\/belediyye.az\/resulzade\/wp-json\/wp\/v2\/users\/1"}],"replies":[{"embeddable":true,"href":"http:\/\/belediyye.az\/resulzade\/wp-json\/wp\/v2\/comments?post=1291"}],"version-history":[{"count":3,"href":"http:\/\/belediyye.az\/resulzade\/wp-json\/wp\/v2\/posts\/1291\/revisions"}],"predecessor-version":[{"id":1298,"href":"http:\/\/belediyye.az\/resulzade\/wp-json\/wp\/v2\/posts\/1291\/revisions\/1298"}],"wp:attachment":[{"href":"http:\/\/belediyye.az\/resulzade\/wp-json\/wp\/v2\/media?parent=1291"}],"wp:term":[{"taxonomy":"category","embeddable":true,"href":"http:\/\/belediyye.az\/resulzade\/wp-json\/wp\/v2\/categories?post=1291"},{"taxonomy":"post_tag","embeddable":true,"href":"http:\/\/belediyye.az\/resulzade\/wp-json\/wp\/v2\/tags?post=1291"}],"curies":[{"name":"wp","href":"https:\/\/api.w.org\/{rel}","templated":true}]}}