{"id":1117,"date":"2016-07-05T18:42:27","date_gmt":"2016-07-05T14:42:27","guid":{"rendered":"http:\/\/belediyye.az\/resulzade\/?p=1117"},"modified":"2016-07-11T18:47:35","modified_gmt":"2016-07-11T14:47:35","slug":"ramazan-bayrami-il%c9%99-%c9%99laq%c9%99dar-m-%c9%99-r%c9%99sulzad%c9%99-q%c9%99s%c9%99b%c9%99sind%c9%99-yasayan-azt%c9%99minatli-ail%c9%99l%c9%99r%c9%99-bayram-sovqati-paylanildi","status":"publish","type":"post","link":"http:\/\/belediyye.az\/resulzade\/ramazan-bayrami-il%c9%99-%c9%99laq%c9%99dar-m-%c9%99-r%c9%99sulzad%c9%99-q%c9%99s%c9%99b%c9%99sind%c9%99-yasayan-azt%c9%99minatli-ail%c9%99l%c9%99r%c9%99-bayram-sovqati-paylanildi\/","title":{"rendered":"Ramazan Bayram\u0131 il\u0259 \u0259laq\u0259dar M.\u018f.R\u0259sulzad\u0259 q\u0259s\u0259b\u0259sind\u0259 ya\u015fayan azt\u0259minatl\u0131 ail\u0259l\u0259r\u0259 bayram sovqat\u0131 paylan\u0131ld\u0131"},"content":{"rendered":"<h2 align=\"center\"><\/h2>\n<p><img loading=\"lazy\" decoding=\"async\" class=\"aligncenter\" alt=\"\" src=\"http:\/\/bineqediyap.org.az\/assets\/images\/tedbirlerimiz\/k.qafarov-bayram-sovqat%C4%B1-paylad%C4%B1-ramazan.jpg\" width=\"600\" height=\"474\" \/><\/p>\n<p>Yeni Az\u0259rbaycan Partiyas\u0131 t\u0259r\u0259find\u0259n namiz\u0259dliyi ir\u0259li s\u00fcr\u00fclm\u00fc\u015f Milli M\u0259clisin deputat\u0131 Kamal\u0259ddin Qafarovun t\u0259\u015f\u0259bb\u00fcs\u00fc v\u0259 d\u0259st\u0259yi il\u0259 m\u00fcq\u0259dd\u0259s Ramazan Bayram\u0131 m\u00fcnasib\u0259til\u0259 azt\u0259minatl\u0131 se\u00e7icil\u0259rin\u0259 bayram sovqat\u0131 paylan\u0131ld\u0131. Bin\u0259q\u0259di rayon \u0130cra Hakimiyy\u0259tinin, R\u0259sulzad\u0259 q\u0259s\u0259b\u0259 inzibati \u0259razi dair\u0259si \u00fczr\u0259 n\u00fcmay\u0259nd\u0259liyin v\u0259 mill\u0259t v\u0259kili Kamal\u0259ddin Qafarovun se\u00e7ki q\u0259rargah\u0131n\u0131n n\u00fcmay\u0259nd\u0259l\u0259rinin i\u015ftirak etdiyi aksiyada Bin\u0259q\u0259di rayonu R\u0259sulzad\u0259 q\u0259s\u0259b\u0259sind\u0259 ya\u015fayan 220 azt\u0259minatl\u0131 ail\u0259y\u0259 bayram sovqat\u0131 \u00e7atd\u0131r\u0131ld\u0131.<br \/>\nDaha sonra azt\u0259minatl\u0131 ail\u0259l\u0259rl\u0259 s\u00f6hb\u0259t apar\u0131ld\u0131. \u0130slam dinind\u0259 \u0259n m\u00fcq\u0259dd\u0259s bayramlardan say\u0131lan v\u0259 h\u0259r il \u00f6lk\u0259mizd\u0259 y\u00fcks\u0259k \u0259hval-ruhiyy\u0259 il\u0259 qeyd edil\u0259n Ramazan Bayram\u0131 m\u00fcnasib\u0259til\u0259 b\u00fct\u00fcn ail\u0259l\u0259r \u00fcr\u0259kd\u0259n t\u0259brik edildi.<\/p>\n<p><a href=\"http:\/\/belediyye.az\/resulzade\/wp-content\/uploads\/2016\/07\/7649.jpg\"><img loading=\"lazy\" decoding=\"async\" class=\"alignright size-full wp-image-1118\" alt=\"7649\" src=\"http:\/\/belediyye.az\/resulzade\/wp-content\/uploads\/2016\/07\/7649.jpg\" width=\"563\" height=\"750\" srcset=\"http:\/\/belediyye.az\/resulzade\/wp-content\/uploads\/2016\/07\/7649.jpg 563w, http:\/\/belediyye.az\/resulzade\/wp-content\/uploads\/2016\/07\/7649-225x300.jpg 225w, http:\/\/belediyye.az\/resulzade\/wp-content\/uploads\/2016\/07\/7649-41x55.jpg 41w\" sizes=\"auto, (max-width: 563px) 100vw, 563px\" \/><\/a> <a href=\"http:\/\/belediyye.az\/resulzade\/wp-content\/uploads\/2016\/07\/7650.jpg\"><img loading=\"lazy\" decoding=\"async\" class=\"alignright size-full wp-image-1119\" alt=\"7650\" src=\"http:\/\/belediyye.az\/resulzade\/wp-content\/uploads\/2016\/07\/7650.jpg\" width=\"563\" height=\"750\" srcset=\"http:\/\/belediyye.az\/resulzade\/wp-content\/uploads\/2016\/07\/7650.jpg 563w, http:\/\/belediyye.az\/resulzade\/wp-content\/uploads\/2016\/07\/7650-225x300.jpg 225w, http:\/\/belediyye.az\/resulzade\/wp-content\/uploads\/2016\/07\/7650-41x55.jpg 41w\" sizes=\"auto, (max-width: 563px) 100vw, 563px\" \/><\/a> <a href=\"http:\/\/belediyye.az\/resulzade\/wp-content\/uploads\/2016\/07\/7651.jpg\"><img loading=\"lazy\" decoding=\"async\" class=\"alignright size-full wp-image-1120\" alt=\"7651\" src=\"http:\/\/belediyye.az\/resulzade\/wp-content\/uploads\/2016\/07\/7651.jpg\" width=\"563\" height=\"750\" srcset=\"http:\/\/belediyye.az\/resulzade\/wp-content\/uploads\/2016\/07\/7651.jpg 563w, http:\/\/belediyye.az\/resulzade\/wp-content\/uploads\/2016\/07\/7651-225x300.jpg 225w, http:\/\/belediyye.az\/resulzade\/wp-content\/uploads\/2016\/07\/7651-41x55.jpg 41w\" sizes=\"auto, (max-width: 563px) 100vw, 563px\" \/><\/a><\/p>\n<p>&nbsp;<\/p>\n","protected":false},"excerpt":{"rendered":"<p>Yeni Az\u0259rbaycan Partiyas\u0131 t\u0259r\u0259find\u0259n namiz\u0259dliyi ir\u0259li s\u00fcr\u00fclm\u00fc\u015f Milli M\u0259clisin deputat\u0131 Kamal\u0259ddin Qafarovun t\u0259\u015f\u0259bb\u00fcs\u00fc v\u0259 d\u0259st\u0259yi il\u0259 m\u00fcq\u0259dd\u0259s Ramazan Bayram\u0131 m\u00fcnasib\u0259til\u0259 azt\u0259minatl\u0131 se\u00e7icil\u0259rin\u0259 bayram sovqat\u0131 paylan\u0131ld\u0131. Bin\u0259q\u0259di rayon \u0130cra Hakimiyy\u0259tinin, R\u0259sulzad\u0259 q\u0259s\u0259b\u0259 inzibati \u0259razi dair\u0259si \u00fczr\u0259 n\u00fcmay\u0259nd\u0259liyin v\u0259 mill\u0259t v\u0259kili Kamal\u0259ddin Qafarovun se\u00e7ki q\u0259rargah\u0131n\u0131n n\u00fcmay\u0259nd\u0259l\u0259rinin i\u015ftirak etdiyi aksiyada Bin\u0259q\u0259di rayonu R\u0259sulzad\u0259 q\u0259s\u0259b\u0259sind\u0259 ya\u015fayan 220 azt\u0259minatl\u0131 ail\u0259y\u0259 [&hellip;]<\/p>\n","protected":false},"author":1,"featured_media":0,"comment_status":"closed","ping_status":"closed","sticky":false,"template":"","format":"standard","meta":{"footnotes":""},"categories":[5,4],"tags":[],"class_list":["post-1117","post","type-post","status-publish","format-standard","hentry","category-xeberler","category-gorulen-ishler"],"_links":{"self":[{"href":"http:\/\/belediyye.az\/resulzade\/wp-json\/wp\/v2\/posts\/1117","targetHints":{"allow":["GET"]}}],"collection":[{"href":"http:\/\/belediyye.az\/resulzade\/wp-json\/wp\/v2\/posts"}],"about":[{"href":"http:\/\/belediyye.az\/resulzade\/wp-json\/wp\/v2\/types\/post"}],"author":[{"embeddable":true,"href":"http:\/\/belediyye.az\/resulzade\/wp-json\/wp\/v2\/users\/1"}],"replies":[{"embeddable":true,"href":"http:\/\/belediyye.az\/resulzade\/wp-json\/wp\/v2\/comments?post=1117"}],"version-history":[{"count":1,"href":"http:\/\/belediyye.az\/resulzade\/wp-json\/wp\/v2\/posts\/1117\/revisions"}],"predecessor-version":[{"id":1121,"href":"http:\/\/belediyye.az\/resulzade\/wp-json\/wp\/v2\/posts\/1117\/revisions\/1121"}],"wp:attachment":[{"href":"http:\/\/belediyye.az\/resulzade\/wp-json\/wp\/v2\/media?parent=1117"}],"wp:term":[{"taxonomy":"category","embeddable":true,"href":"http:\/\/belediyye.az\/resulzade\/wp-json\/wp\/v2\/categories?post=1117"},{"taxonomy":"post_tag","embeddable":true,"href":"http:\/\/belediyye.az\/resulzade\/wp-json\/wp\/v2\/tags?post=1117"}],"curies":[{"name":"wp","href":"https:\/\/api.w.org\/{rel}","templated":true}]}}