{"id":1099,"date":"2016-07-04T18:17:25","date_gmt":"2016-07-04T14:17:25","guid":{"rendered":"http:\/\/belediyye.az\/resulzade\/?p=1099"},"modified":"2016-07-11T18:28:08","modified_gmt":"2016-07-11T14:28:08","slug":"m-%c9%99-r%c9%99sulzad%c9%99-b%c9%99l%c9%99diyy%c9%99si-t%c9%99r%c9%99find%c9%99n-q%c9%99s%c9%99b%c9%99-sakinl%c9%99ri-ucun-iftar-sufr%c9%99si-t%c9%99skil-edildi","status":"publish","type":"post","link":"http:\/\/belediyye.az\/resulzade\/m-%c9%99-r%c9%99sulzad%c9%99-b%c9%99l%c9%99diyy%c9%99si-t%c9%99r%c9%99find%c9%99n-q%c9%99s%c9%99b%c9%99-sakinl%c9%99ri-ucun-iftar-sufr%c9%99si-t%c9%99skil-edildi\/","title":{"rendered":"B\u0259l\u0259diyy\u0259 q\u0259s\u0259b\u0259 sakinl\u0259ri \u00fc\u00e7\u00fcn iftar s\u00fcfr\u0259si t\u0259\u015fkil etdi"},"content":{"rendered":"<p><a href=\"http:\/\/belediyye.az\/resulzade\/wp-content\/uploads\/2016\/07\/123.jpg\"><img loading=\"lazy\" decoding=\"async\" class=\"size-full wp-image-1100 aligncenter\" alt=\"123\" src=\"http:\/\/belediyye.az\/resulzade\/wp-content\/uploads\/2016\/07\/123.jpg\" width=\"800\" height=\"377\" srcset=\"http:\/\/belediyye.az\/resulzade\/wp-content\/uploads\/2016\/07\/123.jpg 800w, http:\/\/belediyye.az\/resulzade\/wp-content\/uploads\/2016\/07\/123-300x141.jpg 300w, http:\/\/belediyye.az\/resulzade\/wp-content\/uploads\/2016\/07\/123-116x55.jpg 116w\" sizes=\"auto, (max-width: 800px) 100vw, 800px\" \/><\/a><\/p>\n<p>&nbsp;<\/p>\n<p style=\"text-align: justify;\"><span style=\"line-height: 1.5em;\">Ramazan ay\u0131 dinimizd\u0259 \u0259n f\u0259zil\u0259tli v\u0259 m\u00fcq\u0259dd\u0259s bir ayd\u0131r, ona g\u00f6r\u0259 d\u0259 Ramazan ay\u0131na on bir ay\u0131n sultan\u0131 deyilmi\u015fdir.\u00a0<\/span>Min ill\u0259rd\u0259n b\u0259ri qeyd edil\u0259n Ramazan bayram\u0131 d\u00fcnya m\u00fcs\u0259lmanlar\u0131 \u00fc\u00e7\u00fcn \u0259n m\u00fcq\u0259dd\u0259s m\u0259rasiml\u0259rd\u0259n say\u0131l\u0131r. M\u0259rh\u0259m\u0259t v\u0259 \u015f\u0259fq\u0259t ay\u0131 olan Ramazanda kims\u0259sizl\u0259r\u0259, ehtiyac\u0131 olanlara, qa\u00e7q\u0131n v\u0259 k\u00f6\u00e7k\u00fcnl\u0259r\u0259 yard\u0131m\u00e7\u0131 olmaq, kas\u0131b insanlara, ah\u0131l v\u0259 kims\u0259sizl\u0259r\u0259 imkan daxilind\u0259 k\u00f6m\u0259k etm\u0259k Allaha xo\u015f ged\u0259r. Bu m\u00fcq\u0259dd\u0259s ayda ifrata v\u0259 israf\u00e7\u0131l\u0131\u011fa yol verm\u0259d\u0259n ehtiyac\u0131 olanlar \u00fc\u00e7\u00fcn iftar s\u00fcfr\u0259sinin a\u00e7\u0131lmas\u0131 da orucumuzun Allah d\u0259rgah\u0131nda q\u0259bul olmas\u0131 \u00fc\u00e7\u00fcn bir v\u0259sil\u0259dir.<\/p>\n<p style=\"text-align: justify;\">\u018fvv\u0259lki ill\u0259rd\u0259 oldu\u011fu kimi bu il d\u0259 Ramazan Bayram\u0131 m\u00fcnasib\u0259til\u0259 M.\u018f.R\u0259sulzad\u0259 b\u0259l\u0259diyy\u0259si t\u0259r\u0259find\u0259n q\u0259s\u0259b\u0259 \u0259razisind\u0259 ya\u015fayan ah\u0131l v\u0259 kims\u0259sizl\u0259r, qa\u00e7q\u0131nlar, m\u0259cburi k\u00f6\u00e7k\u00fcnl\u0259r, \u0259lill\u0259r v\u0259 dig\u0259r imkans\u0131zlar \u00fc\u00e7\u00fcn Z.Q\u0259mb\u0259rov k\u00fc\u00e7\u0259sind\u0259 yerl\u0259\u015f\u0259n &#8220;Xeyir-\u015f\u0259r&#8221; evind\u0259 iftar s\u00fcfr\u0259si t\u0259\u015fkil edilmi\u015fdir.<\/p>\n<p style=\"text-align: justify;\">Allah oruc v\u0259 dualar\u0131n\u0131z\u0131 q\u0259bul etsin!<\/p>\n","protected":false},"excerpt":{"rendered":"<p>&nbsp; Ramazan ay\u0131 dinimizd\u0259 \u0259n f\u0259zil\u0259tli v\u0259 m\u00fcq\u0259dd\u0259s bir ayd\u0131r, ona g\u00f6r\u0259 d\u0259 Ramazan ay\u0131na on bir ay\u0131n sultan\u0131 deyilmi\u015fdir.\u00a0Min ill\u0259rd\u0259n b\u0259ri qeyd edil\u0259n Ramazan bayram\u0131 d\u00fcnya m\u00fcs\u0259lmanlar\u0131 \u00fc\u00e7\u00fcn \u0259n m\u00fcq\u0259dd\u0259s m\u0259rasiml\u0259rd\u0259n say\u0131l\u0131r. M\u0259rh\u0259m\u0259t v\u0259 \u015f\u0259fq\u0259t ay\u0131 olan Ramazanda kims\u0259sizl\u0259r\u0259, ehtiyac\u0131 olanlara, qa\u00e7q\u0131n v\u0259 k\u00f6\u00e7k\u00fcnl\u0259r\u0259 yard\u0131m\u00e7\u0131 olmaq, kas\u0131b insanlara, ah\u0131l v\u0259 kims\u0259sizl\u0259r\u0259 imkan daxilind\u0259 k\u00f6m\u0259k [&hellip;]<\/p>\n","protected":false},"author":1,"featured_media":0,"comment_status":"closed","ping_status":"closed","sticky":false,"template":"","format":"standard","meta":{"footnotes":""},"categories":[5,1,4],"tags":[],"class_list":["post-1099","post","type-post","status-publish","format-standard","hentry","category-xeberler","category-fealiyyetlerimiz","category-gorulen-ishler"],"_links":{"self":[{"href":"http:\/\/belediyye.az\/resulzade\/wp-json\/wp\/v2\/posts\/1099","targetHints":{"allow":["GET"]}}],"collection":[{"href":"http:\/\/belediyye.az\/resulzade\/wp-json\/wp\/v2\/posts"}],"about":[{"href":"http:\/\/belediyye.az\/resulzade\/wp-json\/wp\/v2\/types\/post"}],"author":[{"embeddable":true,"href":"http:\/\/belediyye.az\/resulzade\/wp-json\/wp\/v2\/users\/1"}],"replies":[{"embeddable":true,"href":"http:\/\/belediyye.az\/resulzade\/wp-json\/wp\/v2\/comments?post=1099"}],"version-history":[{"count":3,"href":"http:\/\/belediyye.az\/resulzade\/wp-json\/wp\/v2\/posts\/1099\/revisions"}],"predecessor-version":[{"id":1103,"href":"http:\/\/belediyye.az\/resulzade\/wp-json\/wp\/v2\/posts\/1099\/revisions\/1103"}],"wp:attachment":[{"href":"http:\/\/belediyye.az\/resulzade\/wp-json\/wp\/v2\/media?parent=1099"}],"wp:term":[{"taxonomy":"category","embeddable":true,"href":"http:\/\/belediyye.az\/resulzade\/wp-json\/wp\/v2\/categories?post=1099"},{"taxonomy":"post_tag","embeddable":true,"href":"http:\/\/belediyye.az\/resulzade\/wp-json\/wp\/v2\/tags?post=1099"}],"curies":[{"name":"wp","href":"https:\/\/api.w.org\/{rel}","templated":true}]}}