{"id":1091,"date":"2016-07-01T17:00:57","date_gmt":"2016-07-01T13:00:57","guid":{"rendered":"http:\/\/belediyye.az\/resulzade\/?p=1091"},"modified":"2016-07-11T18:39:26","modified_gmt":"2016-07-11T14:39:26","slug":"bin%c9%99q%c9%99di-rayon-icra-hakimiyy%c9%99tinin-bascisi-b%c9%99l%c9%99diyy%c9%99-qulluqculari-il%c9%99-gorus-kecirdi","status":"publish","type":"post","link":"http:\/\/belediyye.az\/resulzade\/bin%c9%99q%c9%99di-rayon-icra-hakimiyy%c9%99tinin-bascisi-b%c9%99l%c9%99diyy%c9%99-qulluqculari-il%c9%99-gorus-kecirdi\/","title":{"rendered":"Bin\u0259q\u0259di Rayon \u0130cra Hakimiyy\u0259tinin ba\u015f\u00e7\u0131s\u0131 b\u0259l\u0259diyy\u0259 qulluq\u00e7ular\u0131 il\u0259 g\u00f6r\u00fc\u015f ke\u00e7irdi"},"content":{"rendered":"<p>&nbsp;<\/p>\n<p><a href=\"http:\/\/belediyye.az\/resulzade\/wp-content\/uploads\/2016\/07\/1.jpg\"><img loading=\"lazy\" decoding=\"async\" class=\"size-full wp-image-1092 aligncenter\" alt=\"1\" src=\"http:\/\/belediyye.az\/resulzade\/wp-content\/uploads\/2016\/07\/1.jpg\" width=\"640\" height=\"427\" srcset=\"http:\/\/belediyye.az\/resulzade\/wp-content\/uploads\/2016\/07\/1.jpg 640w, http:\/\/belediyye.az\/resulzade\/wp-content\/uploads\/2016\/07\/1-300x200.jpg 300w, http:\/\/belediyye.az\/resulzade\/wp-content\/uploads\/2016\/07\/1-82x55.jpg 82w, http:\/\/belediyye.az\/resulzade\/wp-content\/uploads\/2016\/07\/1-120x80.jpg 120w\" sizes=\"auto, (max-width: 640px) 100vw, 640px\" \/><\/a><\/p>\n<p>&nbsp;<\/p>\n<p style=\"text-align: justify;\">1 iyul 2016-c\u0131 il tarixd\u0259 R\u0259sulzad\u0259 b\u0259l\u0259diyy\u0259sinin inzibati binas\u0131nda Bin\u0259q\u0259di Rayon \u0130cra Hakimiyy\u0259tinin ba\u015f\u00e7\u0131s\u0131 Xal\u0259ddin \u0130sg\u0259nd\u0259rovun b\u0259l\u0259diyy\u0259 qulluq\u00e7ular\u0131 il\u0259 g\u00f6r\u00fc\u015f\u00fc ke\u00e7irilmi\u015fdir.<br \/>\nG\u00f6r\u00fc\u015fd\u0259 Rayon \u0130cra Hakimiyy\u0259ti ba\u015f\u00e7\u0131s\u0131n\u0131n m\u00fcavini V\u00fcsar \u0130smay\u0131lov, Aparat\u0131n \u015f\u00f6b\u0259 m\u00fcdirl\u0259ri v\u0259 m\u0259sul \u0259m\u0259kda\u015flar\u0131, h\u0259m\u00e7inin Bin\u0259q\u0259di Rayon \u0130cra Hakimiyy\u0259ti ba\u015f\u00e7\u0131s\u0131n\u0131n R\u0259sulzad\u0259 q\u0259s\u0259b\u0259 inzibati \u0259razi dair\u0259si \u00fczr\u0259 n\u00fcmay\u0259nd\u0259si M\u00fcbariz M\u0259mm\u0259dov i\u015ftirak etmi\u015fdir.<br \/>\nRayon \u0130cra Hakimiyy\u0259tinin ba\u015f\u00e7\u0131s\u0131 Xal\u0259ddin \u0130sg\u0259nd\u0259rov g\u00f6r\u00fc\u015f\u00fc a\u00e7araq, Az\u0259rbaycan Respublikas\u0131n\u0131n Prezidenti c\u0259nab \u0130lham \u018fliyevin r\u0259hb\u0259rliyi il\u0259 \u00f6lk\u0259d\u0259 v\u0259 el\u0259c\u0259 d\u0259 Bin\u0259q\u0259di rayonunda sosial-iqtisadi, ictimai-siyasi v\u0259 h\u0259m\u00e7inin abadl\u0131q v\u0259 quruculuq sah\u0259sind\u0259 g\u00f6r\u00fcl\u0259n i\u015fl\u0259rd\u0259n, \u0259ld\u0259 edilmi\u015f nailiyy\u0259tl\u0259rd\u0259n \u0259trafl\u0131 s\u00f6hb\u0259t a\u00e7d\u0131. Sonra \u00e7\u0131x\u0131\u015f\u0131n\u0131 davam ed\u0259n Xal\u0259ddin \u0130sg\u0259nd\u0259rov son vaxtlar b\u0259l\u0259diyy\u0259l\u0259rin qanunvericilik bazas\u0131n\u0131n m\u00f6hk\u0259ml\u0259ndirilm\u0259si, onlar\u0131n statusunun art\u0131r\u0131lmas\u0131, c\u0259miyy\u0259td\u0259 b\u0259l\u0259diyy\u0259l\u0259rin n\u00fcfuzunun art\u0131r\u0131lmas\u0131 istiqam\u0259tind\u0259 \u00f6lk\u0259d\u0259 apar\u0131lan m\u0259qs\u0259dy\u00f6nl\u00fc i\u015fl\u0259rd\u0259n dan\u0131\u015fd\u0131.<br \/>\nDaha sonra R\u0259sulzad\u0259 b\u0259l\u0259diyy\u0259sinin r\u0259hb\u0259rliyini v\u0259 \u015f\u00f6b\u0259 m\u00fcdirl\u0259rini dinl\u0259y\u0259n Rayon \u0130cra Hakimiyy\u0259tinin ba\u015f\u00e7\u0131s\u0131 \u0259ld\u0259 edil\u0259n u\u011furlarla yana\u015f\u0131, B\u0259l\u0259diyy\u0259l\u0259rd\u0259 etik davran\u0131\u015f v\u0259 daxili nizam-intizam qaydalar\u0131na riay\u0259t edilm\u0259si, v\u0259t\u0259nda\u015f m\u0259mnunlu\u011funun t\u0259min edilm\u0259si, b\u0259l\u0259diyy\u0259nin maddi texniki bazas\u0131n\u0131n g\u00fccl\u0259ndirilm\u0259si, \u0259razinin sanitar t\u0259mizliyinin daima n\u0259zar\u0259td\u0259 saxlan\u0131lmas\u0131, q\u0259s\u0259b\u0259d\u0259 f\u0259aliyy\u0259t g\u00f6st\u0259r\u0259n m\u00fcxt\u0259lif t\u0259\u015fkilatlarla qar\u015f\u0131l\u0131ql\u0131 i\u015f birliyinin qurulmas\u0131, t\u0259hsil, s\u0259hiyy\u0259 v\u0259 m\u0259d\u0259niyy\u0259t m\u00fc\u0259ssis\u0259l\u0259ri il\u0259 s\u0131x \u0259m\u0259kda\u015fl\u0131\u011f\u0131n yarad\u0131lmas\u0131, b\u0259l\u0259diyy\u0259l\u0259rd\u0259 ictimai-siyasi v\u0259 humanitar m\u0259s\u0259l\u0259l\u0259r sektorunun yarad\u0131lmas\u0131, q\u0259s\u0259b\u0259 \u0259razisind\u0259 g\u0259ncl\u0259rin dini radikalizm\u0259 meyll\u0259nm\u0259sinin qar\u015f\u0131s\u0131n\u0131n al\u0131nmas\u0131 v\u0259 dig\u0259r m\u0259s\u0259l\u0259l\u0259r \u0259traf\u0131nda h\u0259l\u0259 g\u00f6r\u00fcl\u0259si i\u015fl\u0259rin kifay\u0259t q\u0259d\u0259r oldu\u011funu b\u0259l\u0259diyy\u0259 qulluq\u00e7ular\u0131n\u0131n diqq\u0259tin\u0259 \u00e7atd\u0131raraq, bu istiqam\u0259td\u0259 qar\u015f\u0131da duran v\u0259zif\u0259l\u0259rin icras\u0131n\u0131 t\u0259min etm\u0259k m\u0259qs\u0259di il\u0259 \u00f6z t\u00f6vsiy\u0259l\u0259rini verdi.<\/p>\n<p style=\"text-align: justify;\"><a href=\"http:\/\/belediyye.az\/resulzade\/wp-content\/uploads\/2016\/07\/1.jpg\"><img loading=\"lazy\" decoding=\"async\" class=\"alignright size-full wp-image-1092\" alt=\"1\" src=\"http:\/\/belediyye.az\/resulzade\/wp-content\/uploads\/2016\/07\/1.jpg\" width=\"640\" height=\"427\" srcset=\"http:\/\/belediyye.az\/resulzade\/wp-content\/uploads\/2016\/07\/1.jpg 640w, http:\/\/belediyye.az\/resulzade\/wp-content\/uploads\/2016\/07\/1-300x200.jpg 300w, http:\/\/belediyye.az\/resulzade\/wp-content\/uploads\/2016\/07\/1-82x55.jpg 82w, http:\/\/belediyye.az\/resulzade\/wp-content\/uploads\/2016\/07\/1-120x80.jpg 120w\" sizes=\"auto, (max-width: 640px) 100vw, 640px\" \/><\/a> <a href=\"http:\/\/belediyye.az\/resulzade\/wp-content\/uploads\/2016\/07\/2.jpg\"><img loading=\"lazy\" decoding=\"async\" class=\"alignright size-full wp-image-1093\" alt=\"2\" src=\"http:\/\/belediyye.az\/resulzade\/wp-content\/uploads\/2016\/07\/2.jpg\" width=\"640\" height=\"440\" srcset=\"http:\/\/belediyye.az\/resulzade\/wp-content\/uploads\/2016\/07\/2.jpg 640w, http:\/\/belediyye.az\/resulzade\/wp-content\/uploads\/2016\/07\/2-300x206.jpg 300w, http:\/\/belediyye.az\/resulzade\/wp-content\/uploads\/2016\/07\/2-80x55.jpg 80w\" sizes=\"auto, (max-width: 640px) 100vw, 640px\" \/><\/a> <a href=\"http:\/\/belediyye.az\/resulzade\/wp-content\/uploads\/2016\/07\/3.jpg\"><img loading=\"lazy\" decoding=\"async\" class=\"alignright size-full wp-image-1094\" alt=\"3\" src=\"http:\/\/belediyye.az\/resulzade\/wp-content\/uploads\/2016\/07\/3.jpg\" width=\"640\" height=\"437\" srcset=\"http:\/\/belediyye.az\/resulzade\/wp-content\/uploads\/2016\/07\/3.jpg 640w, http:\/\/belediyye.az\/resulzade\/wp-content\/uploads\/2016\/07\/3-300x204.jpg 300w, http:\/\/belediyye.az\/resulzade\/wp-content\/uploads\/2016\/07\/3-80x55.jpg 80w\" sizes=\"auto, (max-width: 640px) 100vw, 640px\" \/><\/a> <a href=\"http:\/\/belediyye.az\/resulzade\/wp-content\/uploads\/2016\/07\/6.jpg\"><img loading=\"lazy\" decoding=\"async\" class=\"alignright size-full wp-image-1095\" alt=\"6\" src=\"http:\/\/belediyye.az\/resulzade\/wp-content\/uploads\/2016\/07\/6.jpg\" width=\"640\" height=\"427\" srcset=\"http:\/\/belediyye.az\/resulzade\/wp-content\/uploads\/2016\/07\/6.jpg 640w, http:\/\/belediyye.az\/resulzade\/wp-content\/uploads\/2016\/07\/6-300x200.jpg 300w, http:\/\/belediyye.az\/resulzade\/wp-content\/uploads\/2016\/07\/6-82x55.jpg 82w, http:\/\/belediyye.az\/resulzade\/wp-content\/uploads\/2016\/07\/6-120x80.jpg 120w\" sizes=\"auto, (max-width: 640px) 100vw, 640px\" \/><\/a><\/p>\n","protected":false},"excerpt":{"rendered":"<p>&nbsp; &nbsp; 1 iyul 2016-c\u0131 il tarixd\u0259 R\u0259sulzad\u0259 b\u0259l\u0259diyy\u0259sinin inzibati binas\u0131nda Bin\u0259q\u0259di Rayon \u0130cra Hakimiyy\u0259tinin ba\u015f\u00e7\u0131s\u0131 Xal\u0259ddin \u0130sg\u0259nd\u0259rovun b\u0259l\u0259diyy\u0259 qulluq\u00e7ular\u0131 il\u0259 g\u00f6r\u00fc\u015f\u00fc ke\u00e7irilmi\u015fdir. G\u00f6r\u00fc\u015fd\u0259 Rayon \u0130cra Hakimiyy\u0259ti ba\u015f\u00e7\u0131s\u0131n\u0131n m\u00fcavini V\u00fcsar \u0130smay\u0131lov, Aparat\u0131n \u015f\u00f6b\u0259 m\u00fcdirl\u0259ri v\u0259 m\u0259sul \u0259m\u0259kda\u015flar\u0131, h\u0259m\u00e7inin Bin\u0259q\u0259di Rayon \u0130cra Hakimiyy\u0259ti ba\u015f\u00e7\u0131s\u0131n\u0131n R\u0259sulzad\u0259 q\u0259s\u0259b\u0259 inzibati \u0259razi dair\u0259si \u00fczr\u0259 n\u00fcmay\u0259nd\u0259si M\u00fcbariz M\u0259mm\u0259dov i\u015ftirak etmi\u015fdir. Rayon [&hellip;]<\/p>\n","protected":false},"author":1,"featured_media":0,"comment_status":"closed","ping_status":"closed","sticky":false,"template":"","format":"standard","meta":{"footnotes":""},"categories":[5,1,4],"tags":[],"class_list":["post-1091","post","type-post","status-publish","format-standard","hentry","category-xeberler","category-fealiyyetlerimiz","category-gorulen-ishler"],"_links":{"self":[{"href":"http:\/\/belediyye.az\/resulzade\/wp-json\/wp\/v2\/posts\/1091","targetHints":{"allow":["GET"]}}],"collection":[{"href":"http:\/\/belediyye.az\/resulzade\/wp-json\/wp\/v2\/posts"}],"about":[{"href":"http:\/\/belediyye.az\/resulzade\/wp-json\/wp\/v2\/types\/post"}],"author":[{"embeddable":true,"href":"http:\/\/belediyye.az\/resulzade\/wp-json\/wp\/v2\/users\/1"}],"replies":[{"embeddable":true,"href":"http:\/\/belediyye.az\/resulzade\/wp-json\/wp\/v2\/comments?post=1091"}],"version-history":[{"count":4,"href":"http:\/\/belediyye.az\/resulzade\/wp-json\/wp\/v2\/posts\/1091\/revisions"}],"predecessor-version":[{"id":1115,"href":"http:\/\/belediyye.az\/resulzade\/wp-json\/wp\/v2\/posts\/1091\/revisions\/1115"}],"wp:attachment":[{"href":"http:\/\/belediyye.az\/resulzade\/wp-json\/wp\/v2\/media?parent=1091"}],"wp:term":[{"taxonomy":"category","embeddable":true,"href":"http:\/\/belediyye.az\/resulzade\/wp-json\/wp\/v2\/categories?post=1091"},{"taxonomy":"post_tag","embeddable":true,"href":"http:\/\/belediyye.az\/resulzade\/wp-json\/wp\/v2\/tags?post=1091"}],"curies":[{"name":"wp","href":"https:\/\/api.w.org\/{rel}","templated":true}]}}