{"id":1088,"date":"2016-06-30T16:57:04","date_gmt":"2016-06-30T12:57:04","guid":{"rendered":"http:\/\/belediyye.az\/resulzade\/?p=1088"},"modified":"2016-07-11T17:39:37","modified_gmt":"2016-07-11T13:39:37","slug":"humb%c9%99t-huseynov-avropa-surasinda-yen%c9%99-d%c9%99-t%c9%99msil-olunacaq","status":"publish","type":"post","link":"http:\/\/belediyye.az\/resulzade\/humb%c9%99t-huseynov-avropa-surasinda-yen%c9%99-d%c9%99-t%c9%99msil-olunacaq\/","title":{"rendered":"H\u00fcmb\u0259t H\u00fcseynov Avropa \u015euras\u0131nda yen\u0259 d\u0259 t\u0259msil olunacaq"},"content":{"rendered":"<p align=\"center\"><b><a href=\"http:\/\/belediyye.az\/resulzade\/wp-content\/uploads\/2016\/07\/asosasiya.jpg\"><img loading=\"lazy\" decoding=\"async\" class=\"size-full wp-image-1089 aligncenter\" alt=\"asosasiya\" src=\"http:\/\/belediyye.az\/resulzade\/wp-content\/uploads\/2016\/07\/asosasiya.jpg\" width=\"640\" height=\"480\" srcset=\"http:\/\/belediyye.az\/resulzade\/wp-content\/uploads\/2016\/07\/asosasiya.jpg 640w, http:\/\/belediyye.az\/resulzade\/wp-content\/uploads\/2016\/07\/asosasiya-300x225.jpg 300w, http:\/\/belediyye.az\/resulzade\/wp-content\/uploads\/2016\/07\/asosasiya-73x55.jpg 73w, http:\/\/belediyye.az\/resulzade\/wp-content\/uploads\/2016\/07\/asosasiya-75x55.jpg 75w, http:\/\/belediyye.az\/resulzade\/wp-content\/uploads\/2016\/07\/asosasiya-60x45.jpg 60w\" sizes=\"auto, (max-width: 640px) 100vw, 640px\" \/><\/a>\u00a0<\/b><\/p>\n<p>&nbsp;<\/p>\n<p style=\"text-align: justify;\">29 iyun 2016-c\u0131 il tarixd\u0259 Az\u0259rbaycan Q\u0259s\u0259b\u0259 B\u0259l\u0259diyy\u0259l\u0259rinin Milli Assosasiyas\u0131n\u0131n \u0130dar\u0259 Hey\u0259tinin iclas\u0131 ke\u00e7irilib. \u0130clasda Prezident Adminstrasiyas\u0131n\u0131n Regional idar\u0259etm\u0259 v\u0259 yerli \u00f6z\u00fcn\u00fcidar\u0259etm\u0259 orqanlar\u0131 il\u0259 i\u015f \u015f\u00f6b\u0259sinin B\u0259l\u0259diyy\u0259l\u0259rl\u0259 i\u015f sektorunun m\u00fcdiri Emin Eyvazov v\u0259 Assosasiyan\u0131n \u0130dar\u0259 Hey\u0259tinin \u00fczvl\u0259ri i\u015ftirak edib.<\/p>\n<p style=\"text-align: justify;\">Assosasiyan\u0131n \u0130dar\u0259 Hey\u0259tinin iclas\u0131nda Avropa \u015euras\u0131 Yerli v\u0259 Regional Hakimiyy\u0259tl\u0259r Konqresind\u0259 Az\u0259rbaycan n\u00fcmay\u0259nd\u0259 hey\u0259tinin yeni t\u0259rkibinin t\u0259sdiqi v\u0259 B\u0259l\u0259diyy\u0259l\u0259rin avtomatla\u015fd\u0131r\u0131lm\u0131\u015f m\u0259lumat sisteminin t\u0259tbiqi bar\u0259d\u0259 m\u0259s\u0259l\u0259l\u0259r m\u00fczakir\u0259 edilib. Bildirilib ki, b\u0259l\u0259diyy\u0259l\u0259rin f\u0259aliyy\u0259tinin s\u0259m\u0259r\u0259li t\u0259\u015fkili \u00fc\u00e7\u00fcn yerli b\u00fcdc\u0259nin laz\u0131mi s\u0259viyy\u0259d\u0259 formala\u015fd\u0131r\u0131lmas\u0131, yerli vergi v\u0259 \u00f6d\u0259ni\u015f \u00f6d\u0259yicil\u0259rinin, habel\u0259 vergitutma v\u0259 \u00f6d\u0259ni\u015f t\u0259tbiq edil\u0259n obyektl\u0259rin u\u00e7otunun d\u00fczg\u00fcn apar\u0131lmas\u0131, bununla da b\u0259l\u0259diyy\u0259l\u0259rin maliyy\u0259-iqtisadi potensial\u0131n\u0131n \u0259saslar\u0131n\u0131n g\u00fccl\u0259ndirilm\u0259si prioritet m\u0259s\u0259l\u0259dir. M\u00fczakir\u0259l\u0259rd\u0259n sonra \u00a0Idar\u0259 Hey\u0259tind\u0259 yerli vergi v\u0259 \u00f6d\u0259ni\u015fl\u0259rin avtomatla\u015fd\u0131r\u0131lm\u0131\u015f m\u0259lumat sistemi proqram\u0131n\u0131n b\u00fct\u00fcn b\u0259l\u0259diyy\u0259l\u0259rd\u0259 t\u0259tbiqi, h\u0259m\u00e7inin bununla ba\u011fl\u0131 regional seminarlar\u0131n ke\u00e7irilm\u0259sin\u0259 dair q\u0259rar q\u0259bul edilib.<\/p>\n<p style=\"text-align: justify;\">\u0130dar\u0259 Hey\u0259tinin dig\u0259r q\u0259rar\u0131 il\u0259 Avropa \u015euras\u0131 Yerli v\u0259 Regional Hakimiyy\u0259tl\u0259r Konqresind\u0259 \u00f6lk\u0259mizi t\u0259msil ed\u0259c\u0259k alt\u0131 n\u0259f\u0259rd\u0259n biri Az\u0259rbaycan Q\u0259s\u0259b\u0259 B\u0259l\u0259diyy\u0259l\u0259rinin Milli Assosasiyas\u0131n\u0131n s\u0259dri, M.\u018f.R\u0259sulzad\u0259 B\u0259l\u0259diyy\u0259sinin s\u0259dri H\u00fcmb\u0259t H\u00fcseynov olacaq.<\/p>\n<p>&nbsp;<\/p>\n<p>&nbsp;<\/p>\n<p>&nbsp;<\/p>\n","protected":false},"excerpt":{"rendered":"<p>\u00a0 &nbsp; 29 iyun 2016-c\u0131 il tarixd\u0259 Az\u0259rbaycan Q\u0259s\u0259b\u0259 B\u0259l\u0259diyy\u0259l\u0259rinin Milli Assosasiyas\u0131n\u0131n \u0130dar\u0259 Hey\u0259tinin iclas\u0131 ke\u00e7irilib. \u0130clasda Prezident Adminstrasiyas\u0131n\u0131n Regional idar\u0259etm\u0259 v\u0259 yerli \u00f6z\u00fcn\u00fcidar\u0259etm\u0259 orqanlar\u0131 il\u0259 i\u015f \u015f\u00f6b\u0259sinin B\u0259l\u0259diyy\u0259l\u0259rl\u0259 i\u015f sektorunun m\u00fcdiri Emin Eyvazov v\u0259 Assosasiyan\u0131n \u0130dar\u0259 Hey\u0259tinin \u00fczvl\u0259ri i\u015ftirak edib. Assosasiyan\u0131n \u0130dar\u0259 Hey\u0259tinin iclas\u0131nda Avropa \u015euras\u0131 Yerli v\u0259 Regional Hakimiyy\u0259tl\u0259r Konqresind\u0259 Az\u0259rbaycan n\u00fcmay\u0259nd\u0259 hey\u0259tinin [&hellip;]<\/p>\n","protected":false},"author":1,"featured_media":0,"comment_status":"closed","ping_status":"closed","sticky":false,"template":"","format":"standard","meta":{"footnotes":""},"categories":[5,1,4],"tags":[],"class_list":["post-1088","post","type-post","status-publish","format-standard","hentry","category-xeberler","category-fealiyyetlerimiz","category-gorulen-ishler"],"_links":{"self":[{"href":"http:\/\/belediyye.az\/resulzade\/wp-json\/wp\/v2\/posts\/1088","targetHints":{"allow":["GET"]}}],"collection":[{"href":"http:\/\/belediyye.az\/resulzade\/wp-json\/wp\/v2\/posts"}],"about":[{"href":"http:\/\/belediyye.az\/resulzade\/wp-json\/wp\/v2\/types\/post"}],"author":[{"embeddable":true,"href":"http:\/\/belediyye.az\/resulzade\/wp-json\/wp\/v2\/users\/1"}],"replies":[{"embeddable":true,"href":"http:\/\/belediyye.az\/resulzade\/wp-json\/wp\/v2\/comments?post=1088"}],"version-history":[{"count":2,"href":"http:\/\/belediyye.az\/resulzade\/wp-json\/wp\/v2\/posts\/1088\/revisions"}],"predecessor-version":[{"id":1097,"href":"http:\/\/belediyye.az\/resulzade\/wp-json\/wp\/v2\/posts\/1088\/revisions\/1097"}],"wp:attachment":[{"href":"http:\/\/belediyye.az\/resulzade\/wp-json\/wp\/v2\/media?parent=1088"}],"wp:term":[{"taxonomy":"category","embeddable":true,"href":"http:\/\/belediyye.az\/resulzade\/wp-json\/wp\/v2\/categories?post=1088"},{"taxonomy":"post_tag","embeddable":true,"href":"http:\/\/belediyye.az\/resulzade\/wp-json\/wp\/v2\/tags?post=1088"}],"curies":[{"name":"wp","href":"https:\/\/api.w.org\/{rel}","templated":true}]}}