{"id":1077,"date":"2016-06-24T11:38:28","date_gmt":"2016-06-24T07:38:28","guid":{"rendered":"http:\/\/belediyye.az\/resulzade\/?p=1077"},"modified":"2016-06-29T11:39:33","modified_gmt":"2016-06-29T07:39:33","slug":"b%c9%99l%c9%99diyy%c9%99l%c9%99rin-f%c9%99aliyy%c9%99ti-il%c9%99-bagli-novb%c9%99ti-f%c9%99rman","status":"publish","type":"post","link":"http:\/\/belediyye.az\/resulzade\/b%c9%99l%c9%99diyy%c9%99l%c9%99rin-f%c9%99aliyy%c9%99ti-il%c9%99-bagli-novb%c9%99ti-f%c9%99rman\/","title":{"rendered":"B\u0259l\u0259diyy\u0259l\u0259rin f\u0259aliyy\u0259ti il\u0259 ba\u011fl\u0131 n\u00f6vb\u0259ti F\u0259rman"},"content":{"rendered":"<div><a href=\"http:\/\/belediyye.az\/resulzade\/wp-content\/uploads\/2015\/11\/prezident1.jpg\"><img loading=\"lazy\" decoding=\"async\" class=\"size-full wp-image-882 aligncenter\" alt=\"prezident\" src=\"http:\/\/belediyye.az\/resulzade\/wp-content\/uploads\/2015\/11\/prezident1.jpg\" width=\"690\" height=\"433\" srcset=\"http:\/\/belediyye.az\/resulzade\/wp-content\/uploads\/2015\/11\/prezident1.jpg 690w, http:\/\/belediyye.az\/resulzade\/wp-content\/uploads\/2015\/11\/prezident1-300x188.jpg 300w, http:\/\/belediyye.az\/resulzade\/wp-content\/uploads\/2015\/11\/prezident1-87x55.jpg 87w\" sizes=\"auto, (max-width: 690px) 100vw, 690px\" \/><\/a><\/div>\n<div><\/div>\n<div><\/div>\n<div style=\"text-align: justify;\"><\/div>\n<div style=\"text-align: justify;\"><\/div>\n<div style=\"text-align: justify;\">Prezident \u0130lham \u018fliyev\u00a0\u201cD\u00f6vl\u0259t v\u0259 b\u0259l\u0259diyy\u0259 orqanlar\u0131nda, d\u00f6vl\u0259t v\u0259 ya b\u0259l\u0259diyy\u0259 m\u00fclkiyy\u0259tind\u0259 olan v\u0259 ya paylar\u0131n\u0131n (s\u0259hml\u0259rinin) n\u0259zar\u0259t z\u0259rfi d\u00f6vl\u0259t\u0259 v\u0259 ya b\u0259l\u0259diyy\u0259y\u0259 m\u0259xsus olan h\u00fcquqi \u015f\u0259xsl\u0259rd\u0259 v\u0259 b\u00fcdc\u0259 t\u0259\u015fkilatlar\u0131nda v\u0259t\u0259nda\u015flar\u0131n m\u00fcraci\u0259tl\u0259ri il\u0259 ba\u011fl\u0131 karg\u00fczarl\u0131\u011f\u0131n apar\u0131lmas\u0131 Qaydas\u0131\u201dn\u0131n t\u0259sdiq edilm\u0259si haqq\u0131nda F\u0259rman imzalay\u0131b. F\u0259rmanda deyilir:<\/div>\n<div style=\"text-align: justify;\"><\/div>\n<div style=\"text-align: justify;\"><span style=\"line-height: 1.5em;\">Az\u0259rbaycan Respublikas\u0131 Konstitusiyas\u0131n\u0131n 109-cu madd\u0259sinin 32-ci b\u0259ndini r\u0259hb\u0259r tutaraq, \u201cV\u0259t\u0259nda\u015flar\u0131n m\u00fcraci\u0259tl\u0259ri haqq\u0131nda\u201d Az\u0259rbaycan Respublikas\u0131 Qanununun 13.2-ci madd\u0259sin\u0259 uy\u011fun olaraq\u00a0q\u0259rara al\u0131ram:<\/span><\/div>\n<div>\n<div id=\"page_wrapper\">\n<p style=\"text-align: justify;\">1. \u201cD\u00f6vl\u0259t v\u0259 b\u0259l\u0259diyy\u0259 orqanlar\u0131nda, d\u00f6vl\u0259t v\u0259 ya b\u0259l\u0259diyy\u0259 m\u00fclkiyy\u0259tind\u0259 olan v\u0259 ya paylar\u0131n\u0131n (s\u0259hml\u0259rinin) n\u0259zar\u0259t z\u0259rfi d\u00f6vl\u0259t\u0259 v\u0259 ya b\u0259l\u0259diyy\u0259y\u0259 m\u0259xsus olan h\u00fcquqi \u015f\u0259xsl\u0259rd\u0259 v\u0259 b\u00fcdc\u0259 t\u0259\u015fkilatlar\u0131nda v\u0259t\u0259nda\u015flar\u0131n m\u00fcraci\u0259tl\u0259ri il\u0259 ba\u011fl\u0131 karg\u00fczarl\u0131\u011f\u0131n apar\u0131lmas\u0131 Qaydas\u0131\u201d t\u0259sdiq edilsin (\u0259lav\u0259 olunur).<\/p>\n<p><a href=\"http:\/\/azertag.az\/store\/files\/SON.pdf\">\u018ftrafl\u0131:<\/a><\/p>\n<p>&nbsp;<\/p>\n<p>&nbsp;<\/p>\n<p>&nbsp;<\/p>\n<\/div>\n<\/div>\n","protected":false},"excerpt":{"rendered":"<p>Prezident \u0130lham \u018fliyev\u00a0\u201cD\u00f6vl\u0259t v\u0259 b\u0259l\u0259diyy\u0259 orqanlar\u0131nda, d\u00f6vl\u0259t v\u0259 ya b\u0259l\u0259diyy\u0259 m\u00fclkiyy\u0259tind\u0259 olan v\u0259 ya paylar\u0131n\u0131n (s\u0259hml\u0259rinin) n\u0259zar\u0259t z\u0259rfi d\u00f6vl\u0259t\u0259 v\u0259 ya b\u0259l\u0259diyy\u0259y\u0259 m\u0259xsus olan h\u00fcquqi \u015f\u0259xsl\u0259rd\u0259 v\u0259 b\u00fcdc\u0259 t\u0259\u015fkilatlar\u0131nda v\u0259t\u0259nda\u015flar\u0131n m\u00fcraci\u0259tl\u0259ri il\u0259 ba\u011fl\u0131 karg\u00fczarl\u0131\u011f\u0131n apar\u0131lmas\u0131 Qaydas\u0131\u201dn\u0131n t\u0259sdiq edilm\u0259si haqq\u0131nda F\u0259rman imzalay\u0131b. F\u0259rmanda deyilir: Az\u0259rbaycan Respublikas\u0131 Konstitusiyas\u0131n\u0131n 109-cu madd\u0259sinin 32-ci b\u0259ndini r\u0259hb\u0259r tutaraq, \u201cV\u0259t\u0259nda\u015flar\u0131n m\u00fcraci\u0259tl\u0259ri haqq\u0131nda\u201d [&hellip;]<\/p>\n","protected":false},"author":1,"featured_media":0,"comment_status":"closed","ping_status":"closed","sticky":false,"template":"","format":"standard","meta":{"footnotes":""},"categories":[5,4],"tags":[],"class_list":["post-1077","post","type-post","status-publish","format-standard","hentry","category-xeberler","category-gorulen-ishler"],"_links":{"self":[{"href":"http:\/\/belediyye.az\/resulzade\/wp-json\/wp\/v2\/posts\/1077","targetHints":{"allow":["GET"]}}],"collection":[{"href":"http:\/\/belediyye.az\/resulzade\/wp-json\/wp\/v2\/posts"}],"about":[{"href":"http:\/\/belediyye.az\/resulzade\/wp-json\/wp\/v2\/types\/post"}],"author":[{"embeddable":true,"href":"http:\/\/belediyye.az\/resulzade\/wp-json\/wp\/v2\/users\/1"}],"replies":[{"embeddable":true,"href":"http:\/\/belediyye.az\/resulzade\/wp-json\/wp\/v2\/comments?post=1077"}],"version-history":[{"count":2,"href":"http:\/\/belediyye.az\/resulzade\/wp-json\/wp\/v2\/posts\/1077\/revisions"}],"predecessor-version":[{"id":1079,"href":"http:\/\/belediyye.az\/resulzade\/wp-json\/wp\/v2\/posts\/1077\/revisions\/1079"}],"wp:attachment":[{"href":"http:\/\/belediyye.az\/resulzade\/wp-json\/wp\/v2\/media?parent=1077"}],"wp:term":[{"taxonomy":"category","embeddable":true,"href":"http:\/\/belediyye.az\/resulzade\/wp-json\/wp\/v2\/categories?post=1077"},{"taxonomy":"post_tag","embeddable":true,"href":"http:\/\/belediyye.az\/resulzade\/wp-json\/wp\/v2\/tags?post=1077"}],"curies":[{"name":"wp","href":"https:\/\/api.w.org\/{rel}","templated":true}]}}