{"id":1073,"date":"2016-06-21T10:28:43","date_gmt":"2016-06-21T06:28:43","guid":{"rendered":"http:\/\/belediyye.az\/resulzade\/?p=1073"},"modified":"2016-06-21T10:29:47","modified_gmt":"2016-06-21T06:29:47","slug":"b%c9%99l%c9%99diyy%c9%99-s%c9%99dri-2-beyn%c9%99lxalq-t%c9%99dbird%c9%99","status":"publish","type":"post","link":"http:\/\/belediyye.az\/resulzade\/b%c9%99l%c9%99diyy%c9%99-s%c9%99dri-2-beyn%c9%99lxalq-t%c9%99dbird%c9%99\/","title":{"rendered":"B\u0259l\u0259diyy\u0259 s\u0259dri 2 beyn\u0259lxalq t\u0259dbird\u0259"},"content":{"rendered":"<p align=\"center\"><a href=\"http:\/\/belediyye.az\/resulzade\/wp-content\/uploads\/2015\/10\/ILK_7963-copy.jpg\"><img loading=\"lazy\" decoding=\"async\" class=\"size-full wp-image-850 aligncenter\" alt=\"ILK_7963 copy\" src=\"http:\/\/belediyye.az\/resulzade\/wp-content\/uploads\/2015\/10\/ILK_7963-copy.jpg\" width=\"800\" height=\"554\" srcset=\"http:\/\/belediyye.az\/resulzade\/wp-content\/uploads\/2015\/10\/ILK_7963-copy.jpg 800w, http:\/\/belediyye.az\/resulzade\/wp-content\/uploads\/2015\/10\/ILK_7963-copy-300x207.jpg 300w, http:\/\/belediyye.az\/resulzade\/wp-content\/uploads\/2015\/10\/ILK_7963-copy-79x55.jpg 79w\" sizes=\"auto, (max-width: 800px) 100vw, 800px\" \/><\/a><\/p>\n<p style=\"text-align: justify;\">Avropa \u015euras\u0131 Yerli v\u0259 Regional Hakimiyy\u0259tl\u0259r Konqresind\u0259 \u00a0Az\u0259rbaycan\u0131n yerli v\u0259 regional hakimiyy\u0259t orqanlar\u0131n\u0131 t\u0259msil ed\u0259n milli n\u00fcmay\u0259nd\u0259 hey\u0259tinin \u00fczv\u00fc, Az\u0259rbaycan Q\u0259s\u0259b\u0259 B\u0259l\u0259diyy\u0259l\u0259rinin Milli Assosasiyas\u0131n\u0131n s\u0259dri, M.\u018f. R\u0259sulzad\u0259 b\u0259l\u0259diyy\u0259sinin s\u0259dri H\u00fcmb\u0259t H\u00fcseynov iyun ay\u0131nda Fransa v\u0259 Finlandiya \u00f6lk\u0259l\u0259rind\u0259 s\u0259f\u0259rd\u0259 olub, iki ayr\u0131 t\u0259dbird\u0259 i\u015ftirak edib.<\/p>\n<p style=\"text-align: justify;\">Avropa \u015euras\u0131 Yerli v\u0259 Regional Hakimiyy\u0259tl\u0259r Konqresind\u0259 \u0130dar\u0259etm\u0259 Komit\u0259sinin \u00fczv\u00fc H\u00fcmb\u0259t H\u00fcseynovun verdiyi m\u0259lumata g\u00f6r\u0259, Konqresin bu d\u0259f\u0259ki iclas\u0131 Fransan\u0131n Orlean \u015f\u0259h\u0259rind\u0259 ba\u015f tutub. Burada \u201c\u015e\u0259h\u0259r v\u0259 regionlarda radikalla\u015fmaya qar\u015f\u0131 m\u00fcbariz\u0259\u201d v\u0259 \u201cYerli \u00f6z\u00fcn\u00fcidar\u0259etm\u0259d\u0259 korrupsiyaya qar\u015f\u0131 m\u00fcbariz\u0259\u201d m\u00f6vzular\u0131nda Konqresin strategiyas\u0131 m\u00fczakir\u0259 olunub. H\u0259m\u00e7inin, Konqresin oktyabr\u0131n 19-da Strasburqda ke\u00e7iril\u0259c\u0259k se\u00e7kil\u0259rind\u0259 t\u0259msil olunacaq \u015f\u0259xsl\u0259rin, yeni t\u0259rkibin m\u00fc\u0259yy\u0259n olunmas\u0131 haqq\u0131nda fikir m\u00fcbadil\u0259si apar\u0131l\u0131b.<\/p>\n<p style=\"text-align: justify;\">B\u0259l\u0259diyy\u0259 s\u0259dri H\u00fcmb\u0259t H\u00fcseynov bildirib ki, bundan ba\u015fqa\u00a0 Avropa \u015euras\u0131n\u0131n Erasmus Youth layih\u0259si \u00e7\u0259r\u00e7iv\u0259sind\u0259 Finlandiyan\u0131n Turku \u015f\u0259h\u0259rind\u0259 olub. Burada \u201cG\u0259ncl\u0259rin professional inki\u015faf\u0131na d\u0259st\u0259k v\u0259 mobil t\u0259\u015fkilatlanman\u0131n art\u0131r\u0131lmas\u0131\u201d m\u00f6vzusunda seminar ke\u00e7irilib. Seminarda \u201cYerli \u00f6z\u00fcn\u00fcidar\u0259etm\u0259d\u0259 beyn\u0259lxalq \u0259m\u0259kda\u015fl\u0131\u011f\u0131n t\u0259sirl\u0259ri\u201d, \u201cG\u0259nc i\u015ftirak\u00e7\u0131l\u0131\u011f\u0131n prinsipl\u0259ri\u201d, \u201cG\u0259ncl\u0259rin i\u015ftirak\u0131na dair Avropa \u00a0Xartiyas\u0131\u201d, \u201cM\u0259nim \u015f\u0259h\u0259rim v\u0259 ehtiyac t\u0259hlili\u201d, \u201cYerli \u00f6z\u00fcn\u00fcidar\u0259etm\u0259d\u0259\u00a0 beyn\u0259lxalq \u0259m\u0259kda\u015fl\u0131\u011f\u0131n inki\u015faf strategiyalar\u0131\u201d m\u00f6vzular\u0131 \u0259traf\u0131nda m\u00fczakir\u0259l\u0259r, fikir m\u00fcbadil\u0259l\u0259ri apar\u0131l\u0131b. B\u0259l\u0259diyy\u0259 s\u0259dri vur\u011fulay\u0131b ki, 32 d\u00f6vl\u0259tin qat\u0131ld\u0131\u011f\u0131\u00a0 Erasmus Youth layih\u0259sind\u0259 Az\u0259rbaycan, G\u00fcrc\u00fcstan, Finlandiya v\u0259 \u0130taliya layih\u0259nin f\u0259al i\u015ftirak\u00e7\u0131lar\u0131d\u0131r.<\/p>\n<p style=\"text-align: justify;\">\n","protected":false},"excerpt":{"rendered":"<p>Avropa \u015euras\u0131 Yerli v\u0259 Regional Hakimiyy\u0259tl\u0259r Konqresind\u0259 \u00a0Az\u0259rbaycan\u0131n yerli v\u0259 regional hakimiyy\u0259t orqanlar\u0131n\u0131 t\u0259msil ed\u0259n milli n\u00fcmay\u0259nd\u0259 hey\u0259tinin \u00fczv\u00fc, Az\u0259rbaycan Q\u0259s\u0259b\u0259 B\u0259l\u0259diyy\u0259l\u0259rinin Milli Assosasiyas\u0131n\u0131n s\u0259dri, M.\u018f. R\u0259sulzad\u0259 b\u0259l\u0259diyy\u0259sinin s\u0259dri H\u00fcmb\u0259t H\u00fcseynov iyun ay\u0131nda Fransa v\u0259 Finlandiya \u00f6lk\u0259l\u0259rind\u0259 s\u0259f\u0259rd\u0259 olub, iki ayr\u0131 t\u0259dbird\u0259 i\u015ftirak edib. Avropa \u015euras\u0131 Yerli v\u0259 Regional Hakimiyy\u0259tl\u0259r Konqresind\u0259 \u0130dar\u0259etm\u0259 Komit\u0259sinin \u00fczv\u00fc H\u00fcmb\u0259t [&hellip;]<\/p>\n","protected":false},"author":1,"featured_media":0,"comment_status":"closed","ping_status":"closed","sticky":false,"template":"","format":"standard","meta":{"footnotes":""},"categories":[5,1,4],"tags":[],"class_list":["post-1073","post","type-post","status-publish","format-standard","hentry","category-xeberler","category-fealiyyetlerimiz","category-gorulen-ishler"],"_links":{"self":[{"href":"http:\/\/belediyye.az\/resulzade\/wp-json\/wp\/v2\/posts\/1073","targetHints":{"allow":["GET"]}}],"collection":[{"href":"http:\/\/belediyye.az\/resulzade\/wp-json\/wp\/v2\/posts"}],"about":[{"href":"http:\/\/belediyye.az\/resulzade\/wp-json\/wp\/v2\/types\/post"}],"author":[{"embeddable":true,"href":"http:\/\/belediyye.az\/resulzade\/wp-json\/wp\/v2\/users\/1"}],"replies":[{"embeddable":true,"href":"http:\/\/belediyye.az\/resulzade\/wp-json\/wp\/v2\/comments?post=1073"}],"version-history":[{"count":2,"href":"http:\/\/belediyye.az\/resulzade\/wp-json\/wp\/v2\/posts\/1073\/revisions"}],"predecessor-version":[{"id":1075,"href":"http:\/\/belediyye.az\/resulzade\/wp-json\/wp\/v2\/posts\/1073\/revisions\/1075"}],"wp:attachment":[{"href":"http:\/\/belediyye.az\/resulzade\/wp-json\/wp\/v2\/media?parent=1073"}],"wp:term":[{"taxonomy":"category","embeddable":true,"href":"http:\/\/belediyye.az\/resulzade\/wp-json\/wp\/v2\/categories?post=1073"},{"taxonomy":"post_tag","embeddable":true,"href":"http:\/\/belediyye.az\/resulzade\/wp-json\/wp\/v2\/tags?post=1073"}],"curies":[{"name":"wp","href":"https:\/\/api.w.org\/{rel}","templated":true}]}}