{"id":1047,"date":"2016-03-29T11:35:07","date_gmt":"2016-03-29T07:35:07","guid":{"rendered":"http:\/\/belediyye.az\/resulzade\/?p=1047"},"modified":"2016-03-29T11:35:33","modified_gmt":"2016-03-29T07:35:33","slug":"az%c9%99rbaycan-numay%c9%99nd%c9%99-hey%c9%99ti-avropa-surasinin-yerli-v%c9%99-regional-hakimiyy%c9%99tl%c9%99r-konqresinin-sessiyasinda-istirak-edib","status":"publish","type":"post","link":"http:\/\/belediyye.az\/resulzade\/az%c9%99rbaycan-numay%c9%99nd%c9%99-hey%c9%99ti-avropa-surasinin-yerli-v%c9%99-regional-hakimiyy%c9%99tl%c9%99r-konqresinin-sessiyasinda-istirak-edib\/","title":{"rendered":"Az\u0259rbaycan n\u00fcmay\u0259nd\u0259 hey\u0259ti Avropa \u015euras\u0131n\u0131n Yerli v\u0259 Regional Hakimiyy\u0259tl\u0259r Konqresinin sessiyas\u0131nda i\u015ftirak edib"},"content":{"rendered":"<p align=\"center\"><a href=\"http:\/\/belediyye.az\/resulzade\/wp-content\/uploads\/2016\/03\/11.jpg\"><img loading=\"lazy\" decoding=\"async\" class=\"size-full wp-image-1048 aligncenter\" alt=\"1\" src=\"http:\/\/belediyye.az\/resulzade\/wp-content\/uploads\/2016\/03\/11.jpg\" width=\"640\" height=\"447\" srcset=\"http:\/\/belediyye.az\/resulzade\/wp-content\/uploads\/2016\/03\/11.jpg 640w, http:\/\/belediyye.az\/resulzade\/wp-content\/uploads\/2016\/03\/11-300x209.jpg 300w, http:\/\/belediyye.az\/resulzade\/wp-content\/uploads\/2016\/03\/11-78x55.jpg 78w\" sizes=\"auto, (max-width: 640px) 100vw, 640px\" \/><\/a><\/p>\n<p style=\"text-align: justify;\">\n<p style=\"text-align: justify;\">Mart\u0131n 22-24-d\u0259 Strasburqda Avropa \u015euras\u0131 Yerli v\u0259 Regional Hakimiyy\u0259tl\u0259r Konqresinin \u201cYerli v\u0259 regional s\u0259viyy\u0259d\u0259 etika v\u0259 \u015f\u0259ffafl\u0131q\u201d m\u00f6vzusuna h\u0259sr edilmi\u015f n\u00f6vb\u0259ti 30-cu plenar sessiyas\u0131 ke\u00e7irilib. Bu bar\u0259d\u0259 Konqresin plenar iclas\u0131nda i\u015ftirak ed\u0259n Az\u0259rbaycan\u0131n yerli v\u0259 regional hakimiyy\u0259t orqanlar\u0131n\u0131 t\u0259msil ed\u0259n milli n\u00fcmay\u0259nd\u0259 hey\u0259tinin \u00fczv\u00fc, Az\u0259rbaycan Q\u0259s\u0259b\u0259 B\u0259l\u0259diyy\u0259l\u0259rinin Milli Assosasiyas\u0131n\u0131n s\u0259dri, M.\u018f. R\u0259sulzad\u0259 b\u0259l\u0259diyy\u0259sinin s\u0259dri H\u00fcmb\u0259t H\u00fcseynov m\u0259lumat verib.<\/p>\n<p style=\"text-align: justify;\">H\u00fcmb\u0259t H\u00fcseynov bildirib ki, sessiyada \u201cYerli v\u0259 regional s\u0259viyy\u0259d\u0259 \u015f\u0259ffafl\u0131\u011f\u0131n t\u0259min edilm\u0259si\u201d, \u201c\u0130nsan alverin\u0259 qar\u015f\u0131 m\u00fcbariz\u0259: yerli hakimiyy\u0259t orqanlar\u0131n\u0131n rolu\u201d, \u201cM\u0259d\u0259niyy\u0259tl\u0259raras\u0131 v\u0259 dinl\u0259raras\u0131 dialoq: yerli v\u0259 regional s\u0259viyy\u0259d\u0259 radikalla\u015fmaya qar\u015f\u0131 m\u00fcbariz\u0259\u201d m\u00f6vzular\u0131 v\u0259 bir s\u0131ra m\u0259s\u0259l\u0259l\u0259r \u0259traf\u0131nda m\u00fczakir\u0259l\u0259r apar\u0131l\u0131b. Konqresd\u0259 Az\u0259rbaycan n\u00fcmay\u0259nd\u0259 hey\u0259tinin \u00fczvl\u0259ri ayr\u0131-ayr\u0131 m\u00f6vzularla ba\u011fl\u0131 m\u00fczakir\u0259l\u0259r\u0259 qat\u0131l\u0131b, \u00e7\u0131x\u0131\u015flar edibl\u0259r.<\/p>\n<p style=\"text-align: justify;\">B\u0259l\u0259diyy\u0259 s\u0259dri qeyd edib ki, sessiya \u00e7\u0259r\u00e7iv\u0259sind\u0259 Avropa \u015euras\u0131 Yerli v\u0259 Regional Hakimiyy\u0259tl\u0259r Konqresinin ba\u015f katibi Anderas Kiferin Az\u0259rbaycan n\u00fcmay\u0259nd\u0259 hey\u0259ti il\u0259 d\u0259 g\u00f6r\u00fc\u015f\u00fc ke\u00e7irilib.<\/p>\n","protected":false},"excerpt":{"rendered":"<p>Mart\u0131n 22-24-d\u0259 Strasburqda Avropa \u015euras\u0131 Yerli v\u0259 Regional Hakimiyy\u0259tl\u0259r Konqresinin \u201cYerli v\u0259 regional s\u0259viyy\u0259d\u0259 etika v\u0259 \u015f\u0259ffafl\u0131q\u201d m\u00f6vzusuna h\u0259sr edilmi\u015f n\u00f6vb\u0259ti 30-cu plenar sessiyas\u0131 ke\u00e7irilib. Bu bar\u0259d\u0259 Konqresin plenar iclas\u0131nda i\u015ftirak ed\u0259n Az\u0259rbaycan\u0131n yerli v\u0259 regional hakimiyy\u0259t orqanlar\u0131n\u0131 t\u0259msil ed\u0259n milli n\u00fcmay\u0259nd\u0259 hey\u0259tinin \u00fczv\u00fc, Az\u0259rbaycan Q\u0259s\u0259b\u0259 B\u0259l\u0259diyy\u0259l\u0259rinin Milli Assosasiyas\u0131n\u0131n s\u0259dri, M.\u018f. R\u0259sulzad\u0259 b\u0259l\u0259diyy\u0259sinin s\u0259dri H\u00fcmb\u0259t [&hellip;]<\/p>\n","protected":false},"author":1,"featured_media":0,"comment_status":"closed","ping_status":"closed","sticky":false,"template":"","format":"standard","meta":{"footnotes":""},"categories":[5,1,4],"tags":[],"class_list":["post-1047","post","type-post","status-publish","format-standard","hentry","category-xeberler","category-fealiyyetlerimiz","category-gorulen-ishler"],"_links":{"self":[{"href":"http:\/\/belediyye.az\/resulzade\/wp-json\/wp\/v2\/posts\/1047","targetHints":{"allow":["GET"]}}],"collection":[{"href":"http:\/\/belediyye.az\/resulzade\/wp-json\/wp\/v2\/posts"}],"about":[{"href":"http:\/\/belediyye.az\/resulzade\/wp-json\/wp\/v2\/types\/post"}],"author":[{"embeddable":true,"href":"http:\/\/belediyye.az\/resulzade\/wp-json\/wp\/v2\/users\/1"}],"replies":[{"embeddable":true,"href":"http:\/\/belediyye.az\/resulzade\/wp-json\/wp\/v2\/comments?post=1047"}],"version-history":[{"count":3,"href":"http:\/\/belediyye.az\/resulzade\/wp-json\/wp\/v2\/posts\/1047\/revisions"}],"predecessor-version":[{"id":1051,"href":"http:\/\/belediyye.az\/resulzade\/wp-json\/wp\/v2\/posts\/1047\/revisions\/1051"}],"wp:attachment":[{"href":"http:\/\/belediyye.az\/resulzade\/wp-json\/wp\/v2\/media?parent=1047"}],"wp:term":[{"taxonomy":"category","embeddable":true,"href":"http:\/\/belediyye.az\/resulzade\/wp-json\/wp\/v2\/categories?post=1047"},{"taxonomy":"post_tag","embeddable":true,"href":"http:\/\/belediyye.az\/resulzade\/wp-json\/wp\/v2\/tags?post=1047"}],"curies":[{"name":"wp","href":"https:\/\/api.w.org\/{rel}","templated":true}]}}