{"id":1033,"date":"2016-03-14T11:37:57","date_gmt":"2016-03-14T07:37:57","guid":{"rendered":"http:\/\/belediyye.az\/resulzade\/?p=1033"},"modified":"2016-03-14T11:37:57","modified_gmt":"2016-03-14T07:37:57","slug":"latviya-yerli-ozunuidar%c9%99etm%c9%99-orqanlari-il%c9%99-t%c9%99crub%c9%99-mubadil%c9%99si-aparilib","status":"publish","type":"post","link":"http:\/\/belediyye.az\/resulzade\/latviya-yerli-ozunuidar%c9%99etm%c9%99-orqanlari-il%c9%99-t%c9%99crub%c9%99-mubadil%c9%99si-aparilib\/","title":{"rendered":"Latviya yerli \u00f6z\u00fcn\u00fcidar\u0259etm\u0259 orqanlar\u0131 il\u0259 t\u0259cr\u00fcb\u0259 m\u00fcbadil\u0259si apar\u0131l\u0131b"},"content":{"rendered":"<p style=\"text-align: justify;\" align=\"center\">\n<p align=\"center\">\u00a0<a href=\"http:\/\/belediyye.az\/resulzade\/wp-content\/uploads\/2016\/03\/latviya-12.03.2016.jpeg\"><img loading=\"lazy\" decoding=\"async\" class=\"size-full wp-image-1034 aligncenter\" alt=\"latviya 12.03.2016\" src=\"http:\/\/belediyye.az\/resulzade\/wp-content\/uploads\/2016\/03\/latviya-12.03.2016.jpeg\" width=\"640\" height=\"453\" srcset=\"http:\/\/belediyye.az\/resulzade\/wp-content\/uploads\/2016\/03\/latviya-12.03.2016.jpeg 640w, http:\/\/belediyye.az\/resulzade\/wp-content\/uploads\/2016\/03\/latviya-12.03.2016-300x212.jpeg 300w, http:\/\/belediyye.az\/resulzade\/wp-content\/uploads\/2016\/03\/latviya-12.03.2016-77x55.jpeg 77w\" sizes=\"auto, (max-width: 640px) 100vw, 640px\" \/><\/a><\/p>\n<p align=\"center\">\n<p style=\"text-align: justify;\">Regional m\u0259s\u0259l\u0259l\u0259r \u00fczr\u0259 komit\u0259nin s\u0259dri Arif R\u0259himzad\u0259nin r\u0259hb\u0259rlik etdiyi Az\u0259rbaycan Milli M\u0259clisinin n\u00fcmay\u0259nd\u0259 hey\u0259ti Latviyaya s\u0259f\u0259ri \u00e7\u0259r\u00e7iv\u0259sind\u0259 Latviya Prezidenti Administrasiyas\u0131n\u0131n r\u0259hb\u0259ri Quntis Pukitis il\u0259 g\u00f6r\u00fc\u015f\u00fcb. G\u00f6r\u00fc\u015fd\u0259 Latviya Prezidentinin xarici siyas\u0259t m\u0259s\u0259l\u0259l\u0259ri \u00fczr\u0259 m\u00fc\u015faviri Mayya Manika, iqtisadi m\u0259s\u0259l\u0259l\u0259r \u00fczr\u0259 m\u00fc\u015faviri Andis Yekabsons v\u0259 konstitusiya h\u00fcququ \u00fczr\u0259 m\u00fc\u015faviri Yanis Pleps, habel\u0259 Az\u0259rbaycan\u0131n Latviyadak\u0131 m\u00fcv\u0259qq\u0259ti i\u015fl\u0259r v\u0259kili G\u0259ray Muradov i\u015ftirak edibl\u0259r.<\/p>\n<p style=\"text-align: justify;\">Arif R\u0259himzad\u0259 iki \u00f6lk\u0259nin m\u00fcnasib\u0259tl\u0259rind\u0259 m\u00fcsb\u0259t dinamikan\u0131n m\u00f6vcud oldu\u011funu qeyd edib, ikit\u0259r\u0259fli m\u00fcnasib\u0259tl\u0259rin, o c\u00fcml\u0259d\u0259n, ticari-iqtisadi m\u00fcnasib\u0259tl\u0259rin \u00fcmumi s\u0259yl\u0259rl\u0259 daha da inki\u015faf etdirilm\u0259sinin z\u0259ruri oldu\u011funu vur\u011fulay\u0131b.<\/p>\n<p style=\"text-align: justify;\">A.R\u0259himzad\u0259 Erm\u0259nistan-Az\u0259rbaycan, Da\u011fl\u0131q Qaraba\u011f m\u00fcnaqi\u015f\u0259sinin tarixi, bir milyondan \u00e7ox az\u0259rbaycanl\u0131n\u0131n qa\u00e7q\u0131na v\u0259 m\u0259cburi k\u00f6\u00e7k\u00fcn\u0259 \u00e7evrilm\u0259si bar\u0259d\u0259 m\u0259lumat verib. O bildirib ki, son 200 ild\u0259 C\u0259nubi Qafqaz regionunda ged\u0259n m\u00fcr\u0259kk\u0259b siyasi prosesl\u0259r n\u0259tic\u0259sind\u0259 az\u0259rbaycanl\u0131lar d\u0259f\u0259l\u0259rl\u0259 do\u011fma yerl\u0259rind\u0259n qovulublar, etnik t\u0259mizl\u0259m\u0259y\u0259 v\u0259 deportasiyaya m\u0259ruz qal\u0131blar.<\/p>\n<p style=\"text-align: justify;\">Latviya t\u0259r\u0259fi diqq\u0259t\u0259 \u00e7atd\u0131r\u0131b ki, bu \u00f6lk\u0259 Az\u0259rbaycan\u0131n \u0259razi b\u00fct\u00f6vl\u00fcy\u00fcn\u00fc ist\u0259r ikit\u0259r\u0259fli, ist\u0259rs\u0259 d\u0259 \u00e7oxt\u0259r\u0259fli s\u0259viyy\u0259l\u0259rd\u0259 h\u0259mi\u015f\u0259 d\u0259st\u0259kl\u0259yib.<\/p>\n<p style=\"text-align: justify;\">Latviya Prezidenti Administrasiyas\u0131n\u0131n r\u0259hb\u0259ri Quntis Pukitis deyib ki, Prezident Raymonds Veyonis yax\u0131n g\u00fcnl\u0259rd\u0259 Az\u0259rbaycana r\u0259smi s\u0259f\u0259r etm\u0259k niyy\u0259tind\u0259dir. O bildirib ki, Latviya Seyminin s\u0259dri \u0130nara Murniyetsenin d\u0259 bu ilin sentyabr\u0131nda Az\u0259rbaycana s\u0259f\u0259ri g\u00f6zl\u0259nilir.<\/p>\n<p style=\"text-align: justify;\">G\u00f6r\u00fc\u015fd\u0259 Avropan\u0131n enerji t\u0259hl\u00fck\u0259sizliyinin t\u0259min olunmas\u0131nda Az\u0259rbaycan\u0131n artmaqda olan rolu v\u0259 bu bax\u0131mdan \u201cC\u0259nub\u201d Qaz D\u0259hlizinin enerji m\u0259nb\u0259l\u0259rinin \u015fax\u0259l\u0259ndirilm\u0259sind\u0259 m\u00fch\u00fcm rolu vur\u011fulan\u0131b.<\/p>\n<p style=\"text-align: justify;\">Az\u0259rbaycan n\u00fcmay\u0259nd\u0259 hey\u0259ti mart\u0131n 12-d\u0259 Yurmalada \u015f\u0259h\u0259r b\u0259l\u0259diyy\u0259sinin r\u0259smi n\u00fcmay\u0259nd\u0259l\u0259ri il\u0259 g\u00f6r\u00fc\u015f\u00fcb. G\u00f6r\u00fc\u015fd\u0259 Avropa Parlamentinin deputat\u0131 \u0130veta Qriqule d\u0259 i\u015ftirak edib. Latviya deputat\u0131 Bak\u0131ya s\u0259f\u0259ri bar\u0259d\u0259 t\u0259\u0259ss\u00fcratlar\u0131n\u0131 b\u00f6l\u00fc\u015f\u0259r\u0259k, \u00f6lk\u0259d\u0259 ba\u015f ver\u0259n qeyri-adi d\u0259yi\u015fiklikl\u0259ri qeyd edib. \u0130.Qruqule vur\u011fulay\u0131b ki, h\u0259mkarlar\u0131n\u0131n Az\u0259rbaycan\u0131n \u0259dal\u0259tli m\u00f6vqeyini d\u0259st\u0259kl\u0259m\u0259si \u00fc\u00e7\u00fcn h\u0259r c\u00fcr s\u0259y g\u00f6st\u0259r\u0259c\u0259k.<\/p>\n<p style=\"text-align: justify;\">G\u00f6r\u00fc\u015fd\u0259 yerli \u00f6z\u00fcn\u00fcidar\u0259etm\u0259 orqanlar\u0131n\u0131n f\u0259aliyy\u0259tinin t\u0259kmill\u0259\u015fdirilm\u0259si \u00fczr\u0259 t\u0259cr\u00fcb\u0259 m\u00fcbadil\u0259si imkanlar\u0131 m\u00fczakir\u0259 edilib.<\/p>\n<p style=\"text-align: justify;\">Az\u0259rbaycan n\u00fcmay\u0259nd\u0259 hey\u0259tinin Latviyaya s\u0259f\u0259ri ba\u015fa \u00e7at\u0131b.<\/p>\n<p style=\"text-align: justify;\">\n<p style=\"text-align: justify;\">\n<p>&nbsp;<\/p>\n","protected":false},"excerpt":{"rendered":"<p>\u00a0 Regional m\u0259s\u0259l\u0259l\u0259r \u00fczr\u0259 komit\u0259nin s\u0259dri Arif R\u0259himzad\u0259nin r\u0259hb\u0259rlik etdiyi Az\u0259rbaycan Milli M\u0259clisinin n\u00fcmay\u0259nd\u0259 hey\u0259ti Latviyaya s\u0259f\u0259ri \u00e7\u0259r\u00e7iv\u0259sind\u0259 Latviya Prezidenti Administrasiyas\u0131n\u0131n r\u0259hb\u0259ri Quntis Pukitis il\u0259 g\u00f6r\u00fc\u015f\u00fcb. G\u00f6r\u00fc\u015fd\u0259 Latviya Prezidentinin xarici siyas\u0259t m\u0259s\u0259l\u0259l\u0259ri \u00fczr\u0259 m\u00fc\u015faviri Mayya Manika, iqtisadi m\u0259s\u0259l\u0259l\u0259r \u00fczr\u0259 m\u00fc\u015faviri Andis Yekabsons v\u0259 konstitusiya h\u00fcququ \u00fczr\u0259 m\u00fc\u015faviri Yanis Pleps, habel\u0259 Az\u0259rbaycan\u0131n Latviyadak\u0131 m\u00fcv\u0259qq\u0259ti i\u015fl\u0259r v\u0259kili [&hellip;]<\/p>\n","protected":false},"author":1,"featured_media":0,"comment_status":"closed","ping_status":"closed","sticky":false,"template":"","format":"standard","meta":{"footnotes":""},"categories":[5,1,4],"tags":[],"class_list":["post-1033","post","type-post","status-publish","format-standard","hentry","category-xeberler","category-fealiyyetlerimiz","category-gorulen-ishler"],"_links":{"self":[{"href":"http:\/\/belediyye.az\/resulzade\/wp-json\/wp\/v2\/posts\/1033","targetHints":{"allow":["GET"]}}],"collection":[{"href":"http:\/\/belediyye.az\/resulzade\/wp-json\/wp\/v2\/posts"}],"about":[{"href":"http:\/\/belediyye.az\/resulzade\/wp-json\/wp\/v2\/types\/post"}],"author":[{"embeddable":true,"href":"http:\/\/belediyye.az\/resulzade\/wp-json\/wp\/v2\/users\/1"}],"replies":[{"embeddable":true,"href":"http:\/\/belediyye.az\/resulzade\/wp-json\/wp\/v2\/comments?post=1033"}],"version-history":[{"count":1,"href":"http:\/\/belediyye.az\/resulzade\/wp-json\/wp\/v2\/posts\/1033\/revisions"}],"predecessor-version":[{"id":1035,"href":"http:\/\/belediyye.az\/resulzade\/wp-json\/wp\/v2\/posts\/1033\/revisions\/1035"}],"wp:attachment":[{"href":"http:\/\/belediyye.az\/resulzade\/wp-json\/wp\/v2\/media?parent=1033"}],"wp:term":[{"taxonomy":"category","embeddable":true,"href":"http:\/\/belediyye.az\/resulzade\/wp-json\/wp\/v2\/categories?post=1033"},{"taxonomy":"post_tag","embeddable":true,"href":"http:\/\/belediyye.az\/resulzade\/wp-json\/wp\/v2\/tags?post=1033"}],"curies":[{"name":"wp","href":"https:\/\/api.w.org\/{rel}","templated":true}]}}