{"id":1027,"date":"2016-03-11T11:04:34","date_gmt":"2016-03-11T07:04:34","guid":{"rendered":"http:\/\/belediyye.az\/resulzade\/?p=1027"},"modified":"2016-03-11T11:04:34","modified_gmt":"2016-03-11T07:04:34","slug":"latviya-v%c9%99-az%c9%99rbaycan-regional-inkisaf-sah%c9%99sind%c9%99-t%c9%99crub%c9%99-mubadil%c9%99si-apariblar","status":"publish","type":"post","link":"http:\/\/belediyye.az\/resulzade\/latviya-v%c9%99-az%c9%99rbaycan-regional-inkisaf-sah%c9%99sind%c9%99-t%c9%99crub%c9%99-mubadil%c9%99si-apariblar\/","title":{"rendered":"Latviya v\u0259 Az\u0259rbaycan regional inki\u015faf sah\u0259sind\u0259 t\u0259cr\u00fcb\u0259 m\u00fcbadil\u0259si apar\u0131blar"},"content":{"rendered":"<p style=\"text-align: justify;\">\n<p><a href=\"http:\/\/belediyye.az\/resulzade\/wp-content\/uploads\/2016\/03\/latviya1.jpg\"><img loading=\"lazy\" decoding=\"async\" class=\"size-full wp-image-1028 aligncenter\" alt=\"latviya1\" src=\"http:\/\/belediyye.az\/resulzade\/wp-content\/uploads\/2016\/03\/latviya1.jpg\" width=\"640\" height=\"470\" srcset=\"http:\/\/belediyye.az\/resulzade\/wp-content\/uploads\/2016\/03\/latviya1.jpg 640w, http:\/\/belediyye.az\/resulzade\/wp-content\/uploads\/2016\/03\/latviya1-300x220.jpg 300w, http:\/\/belediyye.az\/resulzade\/wp-content\/uploads\/2016\/03\/latviya1-74x55.jpg 74w, http:\/\/belediyye.az\/resulzade\/wp-content\/uploads\/2016\/03\/latviya1-75x55.jpg 75w, http:\/\/belediyye.az\/resulzade\/wp-content\/uploads\/2016\/03\/latviya1-60x45.jpg 60w\" sizes=\"auto, (max-width: 640px) 100vw, 640px\" \/><\/a><\/p>\n<p style=\"text-align: justify;\">Art\u0131q x\u0259b\u0259r verildiyi kimi, Regional m\u0259s\u0259l\u0259l\u0259r \u00fczr\u0259 komit\u0259nin s\u0259dri Arif R\u0259himzad\u0259nin r\u0259hb\u0259rlik etdiyi Az\u0259rbaycan Milli M\u0259clisinin n\u00fcmay\u0259nd\u0259 hey\u0259ti mart\u0131n 9-dan Riqada r\u0259smi s\u0259f\u0259rd\u0259dir. N\u00fcmay\u0259nd\u0259 hey\u0259tin\u0259 komit\u0259 \u00fczvl\u0259ri, Milli M\u0259clisin deputatlar\u0131 R\u00fcst\u0259m X\u0259lilov, Kamran Bayramov, Az\u0259rbaycan Q\u0259s\u0259b\u0259 B\u0259l\u0259diyy\u0259l\u0259rinin Milli Assosiasiyas\u0131n\u0131n s\u0259dri H\u00fcmb\u0259t H\u00fcseynov, \u015e\u0259h\u0259r B\u0259l\u0259diyy\u0259l\u0259rinin Milli Assosiasiyas\u0131n\u0131n icra\u00e7\u0131 katibi Tofiq H\u0259s\u0259nov, parlamentin eksperti \u0130saq Alm\u0259mm\u0259dov daxildirl\u0259r.<\/p>\n<p style=\"text-align: justify;\">Az\u0259rbaycan n\u00fcmay\u0259nd\u0259 hey\u0259tinin \u00fczvl\u0259ri mart\u0131n 10-da Riqa Dumas\u0131n\u0131n s\u0259dri Nil U\u015fakov il\u0259 g\u00f6r\u00fc\u015f\u00fcbl\u0259r. Riqa \u015f\u0259h\u0259rinin meri yerli \u00f6z\u00fcn\u00fcidar\u0259etm\u0259 orqanlar\u0131n\u0131n strukturu, onlar\u0131n f\u0259aliyy\u0259tinin inzibati- h\u00fcquqi aspektl\u0259ri bar\u0259d\u0259 qonaqlara m\u0259lumat verib.<\/p>\n<p style=\"text-align: justify;\">Az\u0259rbaycanda \u00f6z\u00fcn\u00fcidar\u0259etm\u0259 orqanlar\u0131n\u0131n f\u0259aliyy\u0259tind\u0259n s\u00f6z a\u00e7an Regional m\u0259s\u0259l\u0259l\u0259r \u00fczr\u0259 komit\u0259nin s\u0259dri Arif R\u0259himzad\u0259 bu g\u00fcn\u0259 q\u0259d\u0259r m\u0259cburi k\u00f6\u00e7k\u00fcnl\u0259r \u00fc\u00e7\u00fcn m\u00fcasir infrastrukturlu 96 q\u0259s\u0259b\u0259nin tikilm\u0259si bar\u0259d\u0259 m\u0259lumat verib. A\u011f\u0131r \u015f\u0259raitd\u0259 ya\u015fayan 49 min m\u0259cburi k\u00f6\u00e7k\u00fcn ail\u0259si bu q\u0259s\u0259b\u0259l\u0259r\u0259 k\u00f6\u00e7\u00fcr\u00fcl\u00fcb.<\/p>\n<p style=\"text-align: justify;\">N.U\u015fakov Az\u0259rbaycan\u0131n Latviyadak\u0131 s\u0259firliyinin, habel\u0259 Az\u0259rbaycan M\u0259d\u0259niyy\u0259t M\u0259rk\u0259zinin ba\u015f\u00e7\u0131s\u0131 Roman \u018fliyevin \u015f\u0259xsind\u0259 diasporumuzun iki \u00f6lk\u0259 aras\u0131nda dostluq \u0259laq\u0259l\u0259rinin m\u00f6hk\u0259ml\u0259nm\u0259sind\u0259 b\u00f6y\u00fck rolunu diqq\u0259t\u0259 \u00e7atd\u0131r\u0131b. Riqa meri x\u00fcsusi qeyd edib ki, R.\u018fliyevin ba\u015f\u00e7\u0131l\u0131q etdiyi Riqa Klassik Gimnaziyas\u0131 20 ild\u0259n \u00e7oxdur ki, \u00f6lk\u0259nin \u0259n n\u00fcfuzlu t\u0259hsil ocaqlar\u0131ndan biridir, habel\u0259 UNESCO-nun t\u0259hsil sah\u0259sind\u0259 beyn\u0259lxalq \u0259m\u0259kda\u015fl\u0131q \u00fczr\u0259 M\u0259kt\u0259bl\u0259r Assosiasiyas\u0131n\u0131n \u00fczv\u00fc se\u00e7ilib.<\/p>\n<p style=\"text-align: justify;\">Az\u0259rbaycan\u0131n Latviyadak\u0131 m\u00fcv\u0259qq\u0259ti i\u015fl\u0259r v\u0259kili G\u0259ray Muradov s\u0259firliyin v\u0259 Latviyadak\u0131 Az\u0259rbaycan diasporunun f\u0259aliyy\u0259tini y\u00fcks\u0259k qiym\u0259tl\u0259ndirdiyin\u0259, habel\u0259 Xocal\u0131 faci\u0259si qurbanlar\u0131n\u0131n xatir\u0259sin\u0259 h\u0259sr olunmu\u015f \u0259n\u0259n\u0259vi y\u00fcr\u00fc\u015f\u0259 d\u0259st\u0259k g\u00f6st\u0259rdiyin\u0259 g\u00f6r\u0259 Riqa meriyas\u0131na t\u0259\u015f\u0259kk\u00fcr edib.<\/p>\n<p style=\"text-align: justify;\">N.U\u015fakov XV Az\u0259rbaycan Beyn\u0259lxalq \u201cTurizm v\u0259 S\u0259yah\u0259tl\u0259r\u201d S\u0259rgisind\u0259 i\u015ftirak etm\u0259k \u00fc\u00e7\u00fcn g\u0259l\u0259n ay Az\u0259rbaycana s\u0259f\u0259rinin n\u0259z\u0259rd\u0259 tutuldu\u011funu diqq\u0259t\u0259 \u00e7atd\u0131r\u0131b.<\/p>\n<p style=\"text-align: justify;\">Mart\u0131n 10-da Milli M\u0259clisin deputatlar\u0131 Latviya \u018ftraf M\u00fchitin M\u00fchafiz\u0259si v\u0259 Regional \u0130nki\u015faf Nazirliyind\u0259 olublar. Latviya nazirinin m\u00fc\u015faviri Yanis Eqlitsin i\u015ftirak etdiyi g\u00f6r\u00fc\u015fd\u0259 \u201cRegional inki\u015faf siyas\u0259ti, Latviyan\u0131n t\u0259cr\u00fcb\u0259si\u201d m\u00f6vzusunda t\u0259qdimat olub. D\u00f6vl\u0259tin yerli \u00f6z\u00fcn\u00fcidar\u0259etm\u0259 orqanlar\u0131na n\u0259zar\u0259tin\u0259 dair fikir m\u00fcbadil\u0259si apar\u0131l\u0131b.<\/p>\n<p style=\"text-align: justify;\">Latviya t\u0259r\u0259fi bu sah\u0259d\u0259 Az\u0259rbaycan\u0131n m\u00fcvafiq d\u00f6vl\u0259t orqan\u0131 il\u0259 \u0259m\u0259kda\u015fl\u0131q etm\u0259k arzusunda oldu\u011funu bildirib.<\/p>\n<p style=\"text-align: justify;\">Riqa Dumas\u0131n\u0131n \u018fmlak Departamentind\u0259 ke\u00e7iril\u0259n g\u00f6r\u00fc\u015fd\u0259 direktor Oleq Burov Az\u0259rbaycana s\u0259f\u0259rini s\u0259mimiyy\u0259tl\u0259 xat\u0131rlay\u0131b. G\u00f6r\u00fc\u015fd\u0259 m\u00fch\u00fcm hadis\u0259l\u0259r \u0259r\u0259f\u0259sind\u0259 h\u0259m Bak\u0131da, h\u0259m d\u0259 Riqada reklam xarakterli s\u0259rgil\u0259rin m\u00fcnt\u0259z\u0259m ke\u00e7irilm\u0259si t\u0259klifi ir\u0259li s\u00fcr\u00fcl\u00fcb. O.Burov Bak\u0131da qar\u015f\u0131dan g\u0259l\u0259n m\u00f6ht\u0259\u015f\u0259m idman hadis\u0259sinin &#8211; \u201cFormula-1\u201d Avropa Qran-pri yar\u0131\u015flar\u0131n\u0131n Latviyada t\u0259bli\u011fat\u0131n\u0131 d\u0259st\u0259kl\u0259m\u0259y\u0259 haz\u0131r oldu\u011funu bildirib. Departamentin direktoru Riqa b\u0259l\u0259diyy\u0259sinin Bak\u0131n\u0131n Suraxan\u0131 rayonu, habel\u0259 G\u0259nc\u0259 \u015f\u0259h\u0259ri il\u0259 f\u0259al \u0259m\u0259kda\u015fl\u0131q etdiyini bildirib.<\/p>\n<p style=\"text-align: justify;\">Az\u0259rbaycan n\u00fcmay\u0259nd\u0259 hey\u0259tinin \u00fczvl\u0259ri Latviyaya s\u0259f\u0259r \u00e7\u0259r\u00e7iv\u0259sind\u0259 mart\u0131n 11-d\u0259 Yelqava \u015f\u0259h\u0259rind\u0259 Operativ \u0130nformasiya \u00d6z\u00fcn\u00fcidar\u0259etm\u0259 M\u0259rk\u0259zin\u0259, \u201cFortum\u201d biok\u00fctl\u0259l\u0259rin kogenerasiyas\u0131 stansiyas\u0131na ged\u0259c\u0259kl\u0259r.<\/p>\n<p style=\"text-align: justify;\"><span style=\"line-height: 1.5em;\">Az\u0259rTac<\/span><\/p>\n<p style=\"text-align: justify;\">\n<p style=\"text-align: justify;\"><a href=\"http:\/\/belediyye.az\/resulzade\/wp-content\/uploads\/2016\/03\/latviya1.jpg\"><img loading=\"lazy\" decoding=\"async\" class=\"alignright size-full wp-image-1028\" alt=\"latviya1\" src=\"http:\/\/belediyye.az\/resulzade\/wp-content\/uploads\/2016\/03\/latviya1.jpg\" width=\"640\" height=\"470\" srcset=\"http:\/\/belediyye.az\/resulzade\/wp-content\/uploads\/2016\/03\/latviya1.jpg 640w, http:\/\/belediyye.az\/resulzade\/wp-content\/uploads\/2016\/03\/latviya1-300x220.jpg 300w, http:\/\/belediyye.az\/resulzade\/wp-content\/uploads\/2016\/03\/latviya1-74x55.jpg 74w, http:\/\/belediyye.az\/resulzade\/wp-content\/uploads\/2016\/03\/latviya1-75x55.jpg 75w, http:\/\/belediyye.az\/resulzade\/wp-content\/uploads\/2016\/03\/latviya1-60x45.jpg 60w\" sizes=\"auto, (max-width: 640px) 100vw, 640px\" \/><\/a> <a href=\"http:\/\/belediyye.az\/resulzade\/wp-content\/uploads\/2016\/03\/latviya3.jpg\"><img loading=\"lazy\" decoding=\"async\" class=\"alignright size-full wp-image-1030\" alt=\"latviya3\" src=\"http:\/\/belediyye.az\/resulzade\/wp-content\/uploads\/2016\/03\/latviya3.jpg\" width=\"640\" height=\"457\" srcset=\"http:\/\/belediyye.az\/resulzade\/wp-content\/uploads\/2016\/03\/latviya3.jpg 640w, http:\/\/belediyye.az\/resulzade\/wp-content\/uploads\/2016\/03\/latviya3-300x214.jpg 300w, http:\/\/belediyye.az\/resulzade\/wp-content\/uploads\/2016\/03\/latviya3-77x55.jpg 77w, http:\/\/belediyye.az\/resulzade\/wp-content\/uploads\/2016\/03\/latviya3-75x55.jpg 75w\" sizes=\"auto, (max-width: 640px) 100vw, 640px\" \/><\/a> <a href=\"http:\/\/belediyye.az\/resulzade\/wp-content\/uploads\/2016\/03\/latviya2.jpg\"><img loading=\"lazy\" decoding=\"async\" class=\"alignright size-full wp-image-1029\" alt=\"latviya2\" src=\"http:\/\/belediyye.az\/resulzade\/wp-content\/uploads\/2016\/03\/latviya2.jpg\" width=\"640\" height=\"437\" srcset=\"http:\/\/belediyye.az\/resulzade\/wp-content\/uploads\/2016\/03\/latviya2.jpg 640w, http:\/\/belediyye.az\/resulzade\/wp-content\/uploads\/2016\/03\/latviya2-300x204.jpg 300w, http:\/\/belediyye.az\/resulzade\/wp-content\/uploads\/2016\/03\/latviya2-80x55.jpg 80w\" sizes=\"auto, (max-width: 640px) 100vw, 640px\" \/><\/a><\/p>\n","protected":false},"excerpt":{"rendered":"<p>Art\u0131q x\u0259b\u0259r verildiyi kimi, Regional m\u0259s\u0259l\u0259l\u0259r \u00fczr\u0259 komit\u0259nin s\u0259dri Arif R\u0259himzad\u0259nin r\u0259hb\u0259rlik etdiyi Az\u0259rbaycan Milli M\u0259clisinin n\u00fcmay\u0259nd\u0259 hey\u0259ti mart\u0131n 9-dan Riqada r\u0259smi s\u0259f\u0259rd\u0259dir. N\u00fcmay\u0259nd\u0259 hey\u0259tin\u0259 komit\u0259 \u00fczvl\u0259ri, Milli M\u0259clisin deputatlar\u0131 R\u00fcst\u0259m X\u0259lilov, Kamran Bayramov, Az\u0259rbaycan Q\u0259s\u0259b\u0259 B\u0259l\u0259diyy\u0259l\u0259rinin Milli Assosiasiyas\u0131n\u0131n s\u0259dri H\u00fcmb\u0259t H\u00fcseynov, \u015e\u0259h\u0259r B\u0259l\u0259diyy\u0259l\u0259rinin Milli Assosiasiyas\u0131n\u0131n icra\u00e7\u0131 katibi Tofiq H\u0259s\u0259nov, parlamentin eksperti \u0130saq Alm\u0259mm\u0259dov daxildirl\u0259r. [&hellip;]<\/p>\n","protected":false},"author":1,"featured_media":0,"comment_status":"closed","ping_status":"closed","sticky":false,"template":"","format":"standard","meta":{"footnotes":""},"categories":[5,1,4],"tags":[],"class_list":["post-1027","post","type-post","status-publish","format-standard","hentry","category-xeberler","category-fealiyyetlerimiz","category-gorulen-ishler"],"_links":{"self":[{"href":"http:\/\/belediyye.az\/resulzade\/wp-json\/wp\/v2\/posts\/1027","targetHints":{"allow":["GET"]}}],"collection":[{"href":"http:\/\/belediyye.az\/resulzade\/wp-json\/wp\/v2\/posts"}],"about":[{"href":"http:\/\/belediyye.az\/resulzade\/wp-json\/wp\/v2\/types\/post"}],"author":[{"embeddable":true,"href":"http:\/\/belediyye.az\/resulzade\/wp-json\/wp\/v2\/users\/1"}],"replies":[{"embeddable":true,"href":"http:\/\/belediyye.az\/resulzade\/wp-json\/wp\/v2\/comments?post=1027"}],"version-history":[{"count":2,"href":"http:\/\/belediyye.az\/resulzade\/wp-json\/wp\/v2\/posts\/1027\/revisions"}],"predecessor-version":[{"id":1032,"href":"http:\/\/belediyye.az\/resulzade\/wp-json\/wp\/v2\/posts\/1027\/revisions\/1032"}],"wp:attachment":[{"href":"http:\/\/belediyye.az\/resulzade\/wp-json\/wp\/v2\/media?parent=1027"}],"wp:term":[{"taxonomy":"category","embeddable":true,"href":"http:\/\/belediyye.az\/resulzade\/wp-json\/wp\/v2\/categories?post=1027"},{"taxonomy":"post_tag","embeddable":true,"href":"http:\/\/belediyye.az\/resulzade\/wp-json\/wp\/v2\/tags?post=1027"}],"curies":[{"name":"wp","href":"https:\/\/api.w.org\/{rel}","templated":true}]}}