{"id":1023,"date":"2016-03-10T16:34:45","date_gmt":"2016-03-10T12:34:45","guid":{"rendered":"http:\/\/belediyye.az\/resulzade\/?p=1023"},"modified":"2016-03-11T10:39:39","modified_gmt":"2016-03-11T06:39:39","slug":"riqada-az%c9%99rbaycan-numay%c9%99nd%c9%99-hey%c9%99ti-il%c9%99-regional-m%c9%99s%c9%99l%c9%99l%c9%99r-muzakir%c9%99-olunub","status":"publish","type":"post","link":"http:\/\/belediyye.az\/resulzade\/riqada-az%c9%99rbaycan-numay%c9%99nd%c9%99-hey%c9%99ti-il%c9%99-regional-m%c9%99s%c9%99l%c9%99l%c9%99r-muzakir%c9%99-olunub\/","title":{"rendered":"Riqada Az\u0259rbaycan n\u00fcmay\u0259nd\u0259 hey\u0259ti il\u0259 regional m\u0259s\u0259l\u0259l\u0259r m\u00fczakir\u0259 olunub"},"content":{"rendered":"<p style=\"text-align: justify;\">\n<p><a href=\"http:\/\/belediyye.az\/resulzade\/wp-content\/uploads\/2016\/03\/riqa.jpg\"><img loading=\"lazy\" decoding=\"async\" class=\"size-full wp-image-1024 aligncenter\" alt=\"riqa\" src=\"http:\/\/belediyye.az\/resulzade\/wp-content\/uploads\/2016\/03\/riqa.jpg\" width=\"640\" height=\"422\" srcset=\"http:\/\/belediyye.az\/resulzade\/wp-content\/uploads\/2016\/03\/riqa.jpg 640w, http:\/\/belediyye.az\/resulzade\/wp-content\/uploads\/2016\/03\/riqa-300x197.jpg 300w, http:\/\/belediyye.az\/resulzade\/wp-content\/uploads\/2016\/03\/riqa-83x55.jpg 83w, http:\/\/belediyye.az\/resulzade\/wp-content\/uploads\/2016\/03\/riqa-120x80.jpg 120w\" sizes=\"auto, (max-width: 640px) 100vw, 640px\" \/><\/a><\/p>\n<p style=\"text-align: justify;\">Regional m\u0259s\u0259l\u0259l\u0259r \u00fczr\u0259 komit\u0259nin s\u0259dri Arif R\u0259himzad\u0259nin r\u0259hb\u0259rlik etdiyi Az\u0259rbaycan Milli M\u0259clisinin n\u00fcmay\u0259nd\u0259 hey\u0259ti Riqada r\u0259smi s\u0259f\u0259rd\u0259dir. N\u00fcmay\u0259nd\u0259 hey\u0259tin\u0259 Milli M\u0259clis komit\u0259sinin \u00fczvl\u0259ri R\u00fcst\u0259m X\u0259lilov, Kamran Bayramov, Az\u0259rbaycan Q\u0259s\u0259b\u0259 B\u0259l\u0259diyy\u0259l\u0259ri Milli Assosiasiyas\u0131n\u0131n s\u0259dri H\u00fcmb\u0259t H\u00fcseynov, \u015e\u0259h\u0259r B\u0259l\u0259diyy\u0259l\u0259ri Milli Assosiasiyas\u0131n\u0131n icra\u00e7\u0131 katibi Tofiq H\u0259s\u0259nov, parlamentin eksperti \u0130sak Alm\u0259mm\u0259dov daxildir.<\/p>\n<p style=\"text-align: justify;\">Mart\u0131n 9-da n\u00fcmay\u0259nd\u0259 hey\u0259tinin \u00fczvl\u0259ri Az\u0259rbaycan s\u0259firliyind\u0259 olub. Az\u0259rbaycan\u0131n Latviyada m\u00fcv\u0259qq\u0259ti i\u015fl\u0259r v\u0259kili G\u0259ray Muradov ikit\u0259r\u0259fli \u0259laq\u0259l\u0259rin v\u0259ziyy\u0259ti v\u0259 inki\u015faf perspektivi haqq\u0131nda m\u0259lumat verib.<\/p>\n<p style=\"text-align: justify;\">El\u0259 h\u0259min g\u00fcn n\u00fcmay\u0259nd\u0259 hey\u0259ti Latviya Seymind\u0259 iqtisadiyyat, k\u0259nd t\u0259s\u0259rr\u00fcfat\u0131, \u0259traf m\u00fchit v\u0259 regional siyas\u0259t \u00fczr\u0259 parlament komit\u0259sinin s\u0259dri Roman Naudin\u015fla g\u00f6r\u00fc\u015f\u00fcb. G\u00f6r\u00fc\u015fd\u0259 t\u0259r\u0259fl\u0259r Az\u0259rbaycan v\u0259 Latviya yerli v\u0259 regional hakimiyy\u0259tl\u0259ri aras\u0131nda \u0259m\u0259kda\u015fl\u0131\u011f\u0131n m\u00f6hk\u0259ml\u0259ndirilm\u0259sini arzulad\u0131qlar\u0131n\u0131 bildiribl\u0259r. R.Naudin\u015f Latviyada h\u0259yata ke\u00e7iril\u0259n yerli \u00f6z\u00fcn\u00fcidar\u0259etm\u0259 islahatlar\u0131 haqq\u0131nda m\u0259lumat verib. Az\u0259rbaycan\u0131n bu sah\u0259d\u0259 Latviya t\u0259cr\u00fcb\u0259sind\u0259n istifad\u0259si imkanlar\u0131 m\u00fczakir\u0259 olunub.<\/p>\n<p style=\"text-align: justify;\">Milli M\u0259clisin regional m\u0259s\u0259l\u0259l\u0259r \u00fczr\u0259 komit\u0259 s\u0259dri Arif R\u0259himzad\u0259 ikit\u0259r\u0259fli \u0259laq\u0259l\u0259rin m\u00fch\u00fcm ehtiyat\u0131 kimi regional \u0259m\u0259kda\u015fl\u0131\u011f\u0131n effektiv inki\u015faf\u0131n\u0131n \u0259h\u0259miyy\u0259tini vur\u011fulay\u0131b. A.R\u0259himzad\u0259 Az\u0259rbaycanda yerli \u00f6z\u00fcn\u00fcidar\u0259etm\u0259 orqanlar\u0131n\u0131n inki\u015faf\u0131na dair effektiv t\u0259dbirl\u0259r haqq\u0131nda dan\u0131\u015f\u0131b.<\/p>\n<p style=\"text-align: justify;\">Komit\u0259 s\u0259dri Xocal\u0131 faci\u0259si il\u0259 ba\u011fl\u0131 q\u0259bul edilmi\u015f s\u0259n\u0259d\u0259 g\u00f6r\u0259 Latviya Seymin\u0259 minn\u0259tdarl\u0131\u011f\u0131n\u0131 bildirib.<\/p>\n<p style=\"text-align: justify;\">S\u0259f\u0259r \u00e7\u0259r\u00e7iv\u0259sind\u0259 Az\u0259rbaycan parlament n\u00fcmay\u0259nd\u0259 hey\u0259tinin \u018ftraf M\u00fchitin M\u00fchafiz\u0259si v\u0259 Regional \u0130nki\u015faf Nazirliyind\u0259 v\u0259 Riqa Dumas\u0131nda g\u00f6r\u00fc\u015fl\u0259ri g\u00f6zl\u0259nilir. Milli M\u0259clisin deputatlar\u0131 Operativ \u0130nformasiya, \u00d6z\u00fcn\u00fcidar\u0259etm\u0259 M\u0259rk\u0259zinin, \u201cFortum\u201d biok\u00fctl\u0259nin kogenerasiyas\u0131 stansiyas\u0131n\u0131n i\u015fi il\u0259 tan\u0131\u015f olmaq \u00fc\u00e7\u00fcn Yelqavaya ba\u015f \u00e7\u0259k\u0259c\u0259kl\u0259r. Bundan ba\u015fqa, onlar \u015f\u0259h\u0259r dumas\u0131n\u0131n n\u00fcmay\u0259nd\u0259l\u0259ri il\u0259 g\u00f6r\u00fc\u015fm\u0259k \u00fc\u00e7\u00fcn Yurmalaya da s\u0259f\u0259r ed\u0259c\u0259kl\u0259r.<\/p>\n<p>Az\u0259rTac<\/p>\n","protected":false},"excerpt":{"rendered":"<p>Regional m\u0259s\u0259l\u0259l\u0259r \u00fczr\u0259 komit\u0259nin s\u0259dri Arif R\u0259himzad\u0259nin r\u0259hb\u0259rlik etdiyi Az\u0259rbaycan Milli M\u0259clisinin n\u00fcmay\u0259nd\u0259 hey\u0259ti Riqada r\u0259smi s\u0259f\u0259rd\u0259dir. N\u00fcmay\u0259nd\u0259 hey\u0259tin\u0259 Milli M\u0259clis komit\u0259sinin \u00fczvl\u0259ri R\u00fcst\u0259m X\u0259lilov, Kamran Bayramov, Az\u0259rbaycan Q\u0259s\u0259b\u0259 B\u0259l\u0259diyy\u0259l\u0259ri Milli Assosiasiyas\u0131n\u0131n s\u0259dri H\u00fcmb\u0259t H\u00fcseynov, \u015e\u0259h\u0259r B\u0259l\u0259diyy\u0259l\u0259ri Milli Assosiasiyas\u0131n\u0131n icra\u00e7\u0131 katibi Tofiq H\u0259s\u0259nov, parlamentin eksperti \u0130sak Alm\u0259mm\u0259dov daxildir. Mart\u0131n 9-da n\u00fcmay\u0259nd\u0259 hey\u0259tinin \u00fczvl\u0259ri Az\u0259rbaycan s\u0259firliyind\u0259 [&hellip;]<\/p>\n","protected":false},"author":1,"featured_media":0,"comment_status":"closed","ping_status":"closed","sticky":false,"template":"","format":"standard","meta":{"footnotes":""},"categories":[5,1,4],"tags":[],"class_list":["post-1023","post","type-post","status-publish","format-standard","hentry","category-xeberler","category-fealiyyetlerimiz","category-gorulen-ishler"],"_links":{"self":[{"href":"http:\/\/belediyye.az\/resulzade\/wp-json\/wp\/v2\/posts\/1023","targetHints":{"allow":["GET"]}}],"collection":[{"href":"http:\/\/belediyye.az\/resulzade\/wp-json\/wp\/v2\/posts"}],"about":[{"href":"http:\/\/belediyye.az\/resulzade\/wp-json\/wp\/v2\/types\/post"}],"author":[{"embeddable":true,"href":"http:\/\/belediyye.az\/resulzade\/wp-json\/wp\/v2\/users\/1"}],"replies":[{"embeddable":true,"href":"http:\/\/belediyye.az\/resulzade\/wp-json\/wp\/v2\/comments?post=1023"}],"version-history":[{"count":2,"href":"http:\/\/belediyye.az\/resulzade\/wp-json\/wp\/v2\/posts\/1023\/revisions"}],"predecessor-version":[{"id":1026,"href":"http:\/\/belediyye.az\/resulzade\/wp-json\/wp\/v2\/posts\/1023\/revisions\/1026"}],"wp:attachment":[{"href":"http:\/\/belediyye.az\/resulzade\/wp-json\/wp\/v2\/media?parent=1023"}],"wp:term":[{"taxonomy":"category","embeddable":true,"href":"http:\/\/belediyye.az\/resulzade\/wp-json\/wp\/v2\/categories?post=1023"},{"taxonomy":"post_tag","embeddable":true,"href":"http:\/\/belediyye.az\/resulzade\/wp-json\/wp\/v2\/tags?post=1023"}],"curies":[{"name":"wp","href":"https:\/\/api.w.org\/{rel}","templated":true}]}}